{"id":21112,"date":"2020-08-07T11:57:44","date_gmt":"2020-08-07T14:57:44","guid":{"rendered":"https:\/\/atecordoba.org\/?p=21112"},"modified":"2020-08-07T11:57:44","modified_gmt":"2020-08-07T14:57:44","slug":"ayuda-a-bomberos-voluntarios-de-las-vertientes","status":"publish","type":"post","link":"https:\/\/atecordoba.org\/?p=21112","title":{"rendered":"Ayuda a Bomberos Voluntarios de Las Vertientes"},"content":{"rendered":"<div style='display:none' class=\"jeg_preview_slider gallery_1\" data-selector='gallery_1'>\n                        <div class=\"jeg_preview_holder\">\n                            <div class=\"jeg_preview_media\">\n                        <div class=\"jeg_preview_media_holder\">\n                            <h3>&nbsp;<\/h3>\n                            <div class=\"fullscreen-switch\">\n                                <i class=\"fa\"><\/i>\n                            <\/div>\n                            <div class=\"jeg_preview_media_content\">\n                                <div class=\"jeg_preview_media_content_holder_padding\">\n                                    <div class=\"jeg_preview_media_content_holder\"><\/div>\n                                <\/div>\n                                <div class=\"jeg_preview_media_content_navigation\">\n                                    <div class=\"prev\">\n\t\t\t\t\t\t\t\t\t\t<i class=\"fa\"><\/i>\n\t\t\t\t\t\t\t\t\t<\/div>\n                                    <div class=\"next\">\n\t\t\t\t\t\t\t\t\t\t<i class=\"fa\"><\/i>\n\t\t\t\t\t\t\t\t\t<\/div>\n                                <\/div>\n                                <div class='preview-slider-overlay'>\n                                    <div class='preloader_type preloader_dot'>\n                                        <div class=\"module-preloader jeg_preloader dot\">\n                                            <span><\/span><span><\/span><span><\/span>\n                                        <\/div>\n                                        <div class=\"module-preloader jeg_preloader circle\">\n                                            <div class=\"jnews_preloader_circle_outer\">\n                                                <div class=\"jnews_preloader_circle_inner\"><\/div>\n                                            <\/div>\n                                        <\/div>\n                                        <div class=\"module-preloader jeg_preloader square\">\n                                            <div class=\"jeg_square\">\n                                                <div class=\"jeg_square_inner\"><\/div>\n                                            <\/div>\n                                        <\/div>\n                                    <\/div>\n                                <\/div>\n                            <\/div>\n                            <div class=\"jeg_preview_control\">\n                                <div class=\"left_control\">\n                                    <div class=\"counter\"><span class=\"current\">1<\/span> de  3<\/div>\n                                    <div class=\"subtitle\"><\/div>\n                                <\/div>\n                                <div class=\"zoom\">\n                                    <span class=\"reduce\">-<\/span>\n                                    <span class=\"increase\">+<\/span>\n                                <\/div>\n                            <\/div>\n                        <\/div>\n                    <\/div>\n\n                    <div class=\"jeg_preview_bottom_slider\">\n                        <a data-id=\"0\" data-title=\"\" data-image=\"https:\/\/atecordoba.org\/wp-content\/uploads\/2020\/08\/07-08-entrega-ayuda-bomberos-las-vertientes.jpeg\" href=\"https:\/\/atecordoba.org\/wp-content\/uploads\/2020\/08\/07-08-entrega-ayuda-bomberos-las-vertientes.jpeg\" class=\"jeg_preview_item active\">\n                            <div class=\"jeg_preview_item_thumbnail\">\n                                <img loading=\"lazy\" decoding=\"async\" width=\"120\" height=\"86\" src=\"https:\/\/atecordoba.org\/wp-content\/uploads\/2020\/08\/07-08-entrega-ayuda-bomberos-las-vertientes-120x86.jpeg\" class=\"attachment-jnews-120x86 size-jnews-120x86\" alt=\"\" srcset=\"https:\/\/atecordoba.org\/wp-content\/uploads\/2020\/08\/07-08-entrega-ayuda-bomberos-las-vertientes-120x86.jpeg 120w, https:\/\/atecordoba.org\/wp-content\/uploads\/2020\/08\/07-08-entrega-ayuda-bomberos-las-vertientes-350x250.jpeg 350w, https:\/\/atecordoba.org\/wp-content\/uploads\/2020\/08\/07-08-entrega-ayuda-bomberos-las-vertientes-750x536.jpeg 750w\" sizes=\"auto, (max-width: 120px) 100vw, 120px\" \/>\n                            <\/div>\n                        <\/a><a data-id=\"1\" data-title=\"\" data-image=\"https:\/\/atecordoba.org\/wp-content\/uploads\/2020\/08\/07-08-entrega-ayuda-bomberos-las-vertientes-2.jpeg\" href=\"https:\/\/atecordoba.org\/wp-content\/uploads\/2020\/08\/07-08-entrega-ayuda-bomberos-las-vertientes-2.jpeg\" class=\"jeg_preview_item \">\n                            <div class=\"jeg_preview_item_thumbnail\">\n                                <img loading=\"lazy\" decoding=\"async\" width=\"120\" height=\"86\" src=\"https:\/\/atecordoba.org\/wp-content\/uploads\/2020\/08\/07-08-entrega-ayuda-bomberos-las-vertientes-2-120x86.jpeg\" class=\"attachment-jnews-120x86 size-jnews-120x86\" alt=\"\" srcset=\"https:\/\/atecordoba.org\/wp-content\/uploads\/2020\/08\/07-08-entrega-ayuda-bomberos-las-vertientes-2-120x86.jpeg 120w, https:\/\/atecordoba.org\/wp-content\/uploads\/2020\/08\/07-08-entrega-ayuda-bomberos-las-vertientes-2-350x250.jpeg 350w\" sizes=\"auto, (max-width: 120px) 100vw, 120px\" \/>\n                            <\/div>\n                        <\/a><a data-id=\"2\" data-title=\"\" data-image=\"https:\/\/atecordoba.org\/wp-content\/uploads\/2020\/08\/07-08-entrega-ayuda-bomberos-las-vertientes-3.jpeg\" href=\"https:\/\/atecordoba.org\/wp-content\/uploads\/2020\/08\/07-08-entrega-ayuda-bomberos-las-vertientes-3.jpeg\" class=\"jeg_preview_item \">\n                            <div class=\"jeg_preview_item_thumbnail\">\n                                <img loading=\"lazy\" decoding=\"async\" width=\"120\" height=\"86\" src=\"https:\/\/atecordoba.org\/wp-content\/uploads\/2020\/08\/07-08-entrega-ayuda-bomberos-las-vertientes-3-120x86.jpeg\" class=\"attachment-jnews-120x86 size-jnews-120x86\" alt=\"\" srcset=\"https:\/\/atecordoba.org\/wp-content\/uploads\/2020\/08\/07-08-entrega-ayuda-bomberos-las-vertientes-3-120x86.jpeg 120w, https:\/\/atecordoba.org\/wp-content\/uploads\/2020\/08\/07-08-entrega-ayuda-bomberos-las-vertientes-3-350x250.jpeg 350w\" sizes=\"auto, (max-width: 120px) 100vw, 120px\" \/>\n                            <\/div>\n                        <\/a>\n                    <\/div>\n                        <\/div>\n                        <div class=\"jeg_preview_description\">\n                            \n                            <div class=\"jeg_preview_description_wrapper\">\n                            \n                            <\/div>\n                        <\/div>\n                        <script>\n                            var gallery_1 = {\n                                rtl: false,\n                                native_zoom: false,\n                                zoom_max: 5,\n                                zoom_step: 40,\n                                image_sequence: [{\"src\":\"https:\\\/\\\/atecordoba.org\\\/wp-content\\\/uploads\\\/2020\\\/08\\\/07-08-entrega-ayuda-bomberos-las-vertientes.jpeg\",\"w\":960,\"h\":1280,\"title\":\"\"},{\"src\":\"https:\\\/\\\/atecordoba.org\\\/wp-content\\\/uploads\\\/2020\\\/08\\\/07-08-entrega-ayuda-bomberos-las-vertientes-2.jpeg\",\"w\":581,\"h\":1032,\"title\":\"\"},{\"src\":\"https:\\\/\\\/atecordoba.org\\\/wp-content\\\/uploads\\\/2020\\\/08\\\/07-08-entrega-ayuda-bomberos-las-vertientes-3.jpeg\",\"w\":581,\"h\":1032,\"title\":\"\"}]\n                            };\n                        <\/script>\n                    <\/div>\n<p>Ante la falta de apoyo de otros espacios oficiales, l<strong>a Asociaci\u00f3n Trabajadores del Estado de Adelia Mar\u00eda hizo entrega de una ayuda de $3000 a Bomberos Voluntarios de Las Vertientes. Los fondos ser\u00e1n destinados a la compra de una nueva bater\u00eda del cami\u00f3n con el que la agrupaci\u00f3n concurre cuando se la llama.<\/strong><br \/>\n&#8220;Bomberos Voluntarios de Las Vertientes es una instituci\u00f3n muy reconocida en el Pueblo. No preguntan antes de ayudar, sino que acuden cada vez que se los solicita. Nosotros solamente tomamos su ejemplo&#8221;, remarc\u00f3 Diego Villegas, Secretario General de ATE Adelia Mar\u00eda, Seccional de la cual depende la atenci\u00f3n de la localidad. &#8220;A nosotros nos lleg\u00f3 el pedido de parte de los delegados Jos\u00e9 Ju\u00e1rez y Waldo Romero quienes, movilizados ante la situaci\u00f3n, realizaron la gesti\u00f3n que culmin\u00f3 con esta ayuda que realizamos&#8221;, coment\u00f3 Villegas.<br \/>\nEn un comunicado en sus redes, el delegado Waldo Romero destac\u00f3 la predisposici\u00f3n de la Seccional Adelia Mar\u00eda &#8220;de colaborar con la Instituci\u00f3n, considerando la importancia que la misma tiene en nuestra localidad y zona&#8221;.<\/p>\n","protected":false},"excerpt":{"rendered":"<p>Ante la falta de apoyo de otros espacios oficiales, la Asociaci\u00f3n Trabajadores del Estado de Adelia Mar\u00eda hizo entrega de una ayuda de $3000 a Bomberos Voluntarios de Las Vertientes. Los fondos ser\u00e1n destinados a la compra de una nueva bater\u00eda del cami\u00f3n con el que la agrupaci\u00f3n concurre cuando se la llama. &#8220;Bomberos Voluntarios [&hellip;]<\/p>\n","protected":false},"author":6,"featured_media":21114,"comment_status":"open","ping_status":"open","sticky":false,"template":"","format":"standard","meta":{"_exactmetrics_skip_tracking":false,"_exactmetrics_sitenote_active":false,"_exactmetrics_sitenote_note":"","_exactmetrics_sitenote_category":0,"jnews-multi-image_gallery":[],"jnews_single_post":{"source_name":"","source_url":"","via_name":"","via_url":"","override_template":"0","override":[{"template":"1","single_blog_custom":"","parallax":"1","fullscreen":"0","layout":"right-sidebar","sidebar":"default-sidebar","second_sidebar":"default-sidebar","sticky_sidebar":"1","share_position":"top","share_float_style":"share-monocrhome","show_share_counter":"1","show_view_counter":"1","show_featured":"1","show_post_meta":"1","show_post_author":"1","show_post_author_image":"1","show_post_date":"1","post_date_format":"default","post_date_format_custom":"Y\/m\/d","show_post_category":"1","show_post_reading_time":"0","post_reading_time_wpm":"300","show_zoom_button":"0","zoom_button_out_step":"2","zoom_button_in_step":"3","show_post_tag":"1","show_prev_next_post":"1","show_popup_post":"1","number_popup_post":"1","show_author_box":"0","show_post_related":"0","show_inline_post_related":"0"}],"override_image_size":"0","image_override":[{"single_post_thumbnail_size":"crop-500","single_post_gallery_size":"crop-500"}],"trending_post":"0","trending_post_position":"meta","trending_post_label":"Trending","sponsored_post":"0","sponsored_post_label":"Sponsored by","sponsored_post_name":"","sponsored_post_url":"","sponsored_post_logo_enable":"0","sponsored_post_logo":"","sponsored_post_desc":""},"jnews_primary_category":{"id":""},"jnews_social_meta":{"fb_title":"","fb_description":"","fb_image":"","twitter_title":"","twitter_description":"","twitter_image":""},"jnews_review":[],"enable_review":"0","type":"percentage","name":"","summary":"","brand":"","sku":"","good":[{"good_text":""}],"bad":[{"bad_text":""}],"score_override":"","override_value":"","rating":[{"rating_text":"","rating_number":"10"}],"price":[{"shop":"","price":"","link":"","icon":""}],"jnews_override_counter":{"override_view_counter":"0","view_counter_number":"0","override_share_counter":"0","share_counter_number":"0","override_like_counter":"0","like_counter_number":"0","override_dislike_counter":"0","dislike_counter_number":"0"},"jnews_post_split":{"enable_post_split":"0","post_split":[{"template":"1","tag":"h2","numbering":"asc","mode":"normal"}]},"footnotes":""},"categories":[149,400,20,34],"tags":[],"class_list":["post-21112","post","type-post","status-publish","format-standard","has-post-thumbnail","hentry","category-adelia-maria","category-estamentos","category-municipales","category-seccionales"],"jetpack_featured_media_url":"https:\/\/atecordoba.org\/wp-content\/uploads\/2020\/08\/07-08-entrega-ayuda-bomberos-las-vertientes.jpeg","_links":{"self":[{"href":"https:\/\/atecordoba.org\/index.php?rest_route=\/wp\/v2\/posts\/21112","targetHints":{"allow":["GET"]}}],"collection":[{"href":"https:\/\/atecordoba.org\/index.php?rest_route=\/wp\/v2\/posts"}],"about":[{"href":"https:\/\/atecordoba.org\/index.php?rest_route=\/wp\/v2\/types\/post"}],"author":[{"embeddable":true,"href":"https:\/\/atecordoba.org\/index.php?rest_route=\/wp\/v2\/users\/6"}],"replies":[{"embeddable":true,"href":"https:\/\/atecordoba.org\/index.php?rest_route=%2Fwp%2Fv2%2Fcomments&post=21112"}],"version-history":[{"count":1,"href":"https:\/\/atecordoba.org\/index.php?rest_route=\/wp\/v2\/posts\/21112\/revisions"}],"predecessor-version":[{"id":21116,"href":"https:\/\/atecordoba.org\/index.php?rest_route=\/wp\/v2\/posts\/21112\/revisions\/21116"}],"wp:featuredmedia":[{"embeddable":true,"href":"https:\/\/atecordoba.org\/index.php?rest_route=\/wp\/v2\/media\/21114"}],"wp:attachment":[{"href":"https:\/\/atecordoba.org\/index.php?rest_route=%2Fwp%2Fv2%2Fmedia&parent=21112"}],"wp:term":[{"taxonomy":"category","embeddable":true,"href":"https:\/\/atecordoba.org\/index.php?rest_route=%2Fwp%2Fv2%2Fcategories&post=21112"},{"taxonomy":"post_tag","embeddable":true,"href":"https:\/\/atecordoba.org\/index.php?rest_route=%2Fwp%2Fv2%2Ftags&post=21112"}],"curies":[{"name":"wp","href":"https:\/\/api.w.org\/{rel}","templated":true}]}}