{"id":21109,"date":"2020-08-07T09:52:13","date_gmt":"2020-08-07T12:52:13","guid":{"rendered":"https:\/\/atecordoba.org\/?p=21109"},"modified":"2020-08-07T09:53:39","modified_gmt":"2020-08-07T12:53:39","slug":"coronavirus-charla-virtual-sobre-la-salud-mental-de-las-y-los-trabajadores","status":"publish","type":"post","link":"https:\/\/atecordoba.org\/?p=21109","title":{"rendered":"Coronavirus: charla virtual sobre la salud mental de las y los trabajadores"},"content":{"rendered":"<p><img loading=\"lazy\" decoding=\"async\" class=\" wp-image-21108 aligncenter\" src=\"https:\/\/atecordoba.org\/wp-content\/uploads\/2020\/08\/flyer-salud-mental-300x300.jpeg\" alt=\"\" width=\"598\" height=\"598\" srcset=\"https:\/\/atecordoba.org\/wp-content\/uploads\/2020\/08\/flyer-salud-mental-300x300.jpeg 300w, https:\/\/atecordoba.org\/wp-content\/uploads\/2020\/08\/flyer-salud-mental-1024x1024.jpeg 1024w, https:\/\/atecordoba.org\/wp-content\/uploads\/2020\/08\/flyer-salud-mental-150x150.jpeg 150w, https:\/\/atecordoba.org\/wp-content\/uploads\/2020\/08\/flyer-salud-mental-768x768.jpeg 768w, https:\/\/atecordoba.org\/wp-content\/uploads\/2020\/08\/flyer-salud-mental-560x560.jpeg 560w, https:\/\/atecordoba.org\/wp-content\/uploads\/2020\/08\/flyer-salud-mental-75x75.jpeg 75w, https:\/\/atecordoba.org\/wp-content\/uploads\/2020\/08\/flyer-salud-mental-750x750.jpeg 750w, https:\/\/atecordoba.org\/wp-content\/uploads\/2020\/08\/flyer-salud-mental.jpeg 1080w\" sizes=\"auto, (max-width: 598px) 100vw, 598px\" \/>En el marco de las actividades de informaci\u00f3n y contenci\u00f3n de las y los trabajadores estatales en el contexto de pandemia, el mi\u00e9rcoles 12 de agosto, a las 18 horas, el Consejo Directivo Provincial llevar\u00e1 a cabo una charla virtual referida a la salud mental de quienes ejercen su labor en la cuarentena.<\/p>\n<ul>\n<li>La misma contar\u00e1 con la participaci\u00f3n de trabajadoras de salud mental de Villa Libertador, R\u00edo Cuarto y Villa Dolores.<\/li>\n<li>Como viven las y los trabajadores de salud mental en tiempos de pandemia.<br \/>\nLas dificultades y condiciones en que se trabaja.<\/li>\n<li>\u00bfCu\u00e1l es el estado de salud de las y los trabajadores de la salud mental? \u00bfqui\u00e9n les cuida?<\/li>\n<\/ul>\n<p>Los interesados pueden integrarse a la sala de zoom via https:\/\/us02web.zoom.us\/j\/86439087901?pwd=RnRTaDhkWnM4OTVldlZlaGloMHpzdz09<\/p>\n<p>ID de reuni\u00f3n: 864 3908 7901<br \/>\nC\u00f3digo de acceso: 367357<\/p>\n<p>&nbsp;<\/p>\n","protected":false},"excerpt":{"rendered":"<p>En el marco de las actividades de informaci\u00f3n y contenci\u00f3n de las y los trabajadores estatales en el contexto de pandemia, el mi\u00e9rcoles 12 de agosto, a las 18 horas, el Consejo Directivo Provincial llevar\u00e1 a cabo una charla virtual referida a la salud mental de quienes ejercen su labor en la cuarentena. La misma [&hellip;]<\/p>\n","protected":false},"author":7,"featured_media":21108,"comment_status":"open","ping_status":"open","sticky":true,"template":"","format":"standard","meta":{"_exactmetrics_skip_tracking":false,"_exactmetrics_sitenote_active":false,"_exactmetrics_sitenote_note":"","_exactmetrics_sitenote_category":0,"jnews-multi-image_gallery":[],"jnews_single_post":{"source_name":"","source_url":"","via_name":"","via_url":"","override_template":"0","override":[{"template":"1","single_blog_custom":"","parallax":"1","fullscreen":"0","layout":"right-sidebar","sidebar":"default-sidebar","second_sidebar":"default-sidebar","sticky_sidebar":"1","share_position":"top","share_float_style":"share-monocrhome","show_share_counter":"1","show_view_counter":"1","show_featured":"1","show_post_meta":"1","show_post_author":"1","show_post_author_image":"1","show_post_date":"1","post_date_format":"default","post_date_format_custom":"Y\/m\/d","show_post_category":"1","show_post_reading_time":"0","post_reading_time_wpm":"300","show_zoom_button":"0","zoom_button_out_step":"2","zoom_button_in_step":"3","show_post_tag":"1","show_prev_next_post":"1","show_popup_post":"1","number_popup_post":"1","show_author_box":"0","show_post_related":"0","show_inline_post_related":"0"}],"override_image_size":"0","image_override":[{"single_post_thumbnail_size":"crop-500","single_post_gallery_size":"crop-500"}],"trending_post":"0","trending_post_position":"meta","trending_post_label":"Trending","sponsored_post":"0","sponsored_post_label":"Sponsored by","sponsored_post_name":"","sponsored_post_url":"","sponsored_post_logo_enable":"0","sponsored_post_logo":"","sponsored_post_desc":""},"jnews_primary_category":{"id":""},"jnews_social_meta":{"fb_title":"","fb_description":"","fb_image":"","twitter_title":"","twitter_description":"","twitter_image":""},"jnews_review":[],"enable_review":"0","type":"percentage","name":"","summary":"","brand":"","sku":"","good":[{"good_text":""}],"bad":[{"bad_text":""}],"score_override":"","override_value":"","rating":[{"rating_text":"","rating_number":"10"}],"price":[{"shop":"","price":"","link":"","icon":""}],"jnews_override_counter":{"override_view_counter":"0","view_counter_number":"0","override_share_counter":"0","share_counter_number":"0","override_like_counter":"0","like_counter_number":"0","override_dislike_counter":"0","dislike_counter_number":"0"},"jnews_post_split":{"enable_post_split":"0","post_split":[{"template":"1","tag":"h2","numbering":"asc","mode":"normal"}]},"footnotes":""},"categories":[341,104,8],"tags":[358,391,435],"class_list":["post-21109","post","type-post","status-publish","format-standard","has-post-thumbnail","hentry","category-cdp","category-departamento-de-salud","category-provinciales","tag-covid-19","tag-cuarentena","tag-salud-mental"],"jetpack_featured_media_url":"https:\/\/atecordoba.org\/wp-content\/uploads\/2020\/08\/flyer-salud-mental.jpeg","_links":{"self":[{"href":"https:\/\/atecordoba.org\/index.php?rest_route=\/wp\/v2\/posts\/21109","targetHints":{"allow":["GET"]}}],"collection":[{"href":"https:\/\/atecordoba.org\/index.php?rest_route=\/wp\/v2\/posts"}],"about":[{"href":"https:\/\/atecordoba.org\/index.php?rest_route=\/wp\/v2\/types\/post"}],"author":[{"embeddable":true,"href":"https:\/\/atecordoba.org\/index.php?rest_route=\/wp\/v2\/users\/7"}],"replies":[{"embeddable":true,"href":"https:\/\/atecordoba.org\/index.php?rest_route=%2Fwp%2Fv2%2Fcomments&post=21109"}],"version-history":[{"count":2,"href":"https:\/\/atecordoba.org\/index.php?rest_route=\/wp\/v2\/posts\/21109\/revisions"}],"predecessor-version":[{"id":21111,"href":"https:\/\/atecordoba.org\/index.php?rest_route=\/wp\/v2\/posts\/21109\/revisions\/21111"}],"wp:featuredmedia":[{"embeddable":true,"href":"https:\/\/atecordoba.org\/index.php?rest_route=\/wp\/v2\/media\/21108"}],"wp:attachment":[{"href":"https:\/\/atecordoba.org\/index.php?rest_route=%2Fwp%2Fv2%2Fmedia&parent=21109"}],"wp:term":[{"taxonomy":"category","embeddable":true,"href":"https:\/\/atecordoba.org\/index.php?rest_route=%2Fwp%2Fv2%2Fcategories&post=21109"},{"taxonomy":"post_tag","embeddable":true,"href":"https:\/\/atecordoba.org\/index.php?rest_route=%2Fwp%2Fv2%2Ftags&post=21109"}],"curies":[{"name":"wp","href":"https:\/\/api.w.org\/{rel}","templated":true}]}}