{"id":21093,"date":"2020-08-06T19:14:00","date_gmt":"2020-08-06T22:14:00","guid":{"rendered":"https:\/\/atecordoba.org\/?p=21093"},"modified":"2020-08-06T20:12:41","modified_gmt":"2020-08-06T23:12:41","slug":"reunion-virtual-de-los-centros-de-jubilados-provinciales","status":"publish","type":"post","link":"https:\/\/atecordoba.org\/?p=21093","title":{"rendered":"Reuni\u00f3n virtual del CDP con los centros de jubilados provinciales"},"content":{"rendered":"<p><img loading=\"lazy\" decoding=\"async\" class=\" wp-image-21104 aligncenter\" src=\"https:\/\/atecordoba.org\/wp-content\/uploads\/2020\/08\/zoom-jubilados-300x147.png\" alt=\"\" width=\"600\" height=\"294\" srcset=\"https:\/\/atecordoba.org\/wp-content\/uploads\/2020\/08\/zoom-jubilados-300x147.png 300w, https:\/\/atecordoba.org\/wp-content\/uploads\/2020\/08\/zoom-jubilados-1024x502.png 1024w, https:\/\/atecordoba.org\/wp-content\/uploads\/2020\/08\/zoom-jubilados-768x377.png 768w, https:\/\/atecordoba.org\/wp-content\/uploads\/2020\/08\/zoom-jubilados-750x368.png 750w, https:\/\/atecordoba.org\/wp-content\/uploads\/2020\/08\/zoom-jubilados-1140x559.png 1140w, https:\/\/atecordoba.org\/wp-content\/uploads\/2020\/08\/zoom-jubilados.png 1276w\" sizes=\"auto, (max-width: 600px) 100vw, 600px\" \/><br \/>\nCargado de emotividad y con la presencia de la Presidenta del Centro Nacional de Jubilados y Pensionadxs de ATE, Noelia Guzm\u00e1n, de su Vicepresidente, Cacho Mengarelli, de la Secretar\u00eda de Previsi\u00f3n de la CTA Aut\u00f3noma a nivel Nacional, Olivia Ruiz, de la Presidenta del Centro de Jubilados y Jubiladas de ATE C\u00f3rdoba, Carmen Neder y de los Presidentes y Presidentas de todos los Centros de Jubiladxs en el territorio cordob\u00e9s, Punilla, Bell Ville, R\u00edo Tercero, Villa Mar\u00eda, R\u00edo Tercero, San Francisco y Oliva, llevamos a cabo un Encuentro V\u00eda zoom con nuestrxs referentes del sector.<\/p>\n<p>Se trata de un espacio participativo m\u00e1s, entendiendo la integralidad de ATE, entre Trabajadorxs Pasivos y Activos. A tal efecto contamos con una exposici\u00f3n sobre Reforma Previsional por parte del abogado del sindicato, Dr. Eugenio Biafore.<\/p>\n<p>Se logr\u00f3 una hermosa instancia, necesaria, para mimarnos y estar presentes. La reuni\u00f3n estuvo coordinada por el Secretario General de ATE C\u00f3rdoba, Federico Giuliani, acompa\u00f1ado por integrantes del Consejo Directivo Provincial. Por el CDP estuvieron adem\u00e1s el secretario de Acci\u00f3n Social, Ivan Contreras, la secretaria de Actas, Maria Sotti, la secretaria de Interior, Edith Innamorato, el secretario de Finanzas, Ricardo Reyna, y la secretaria de Prensa, Julia Giuliani.<\/p>\n<p><img loading=\"lazy\" decoding=\"async\" class=\" wp-image-21098 aligncenter\" src=\"https:\/\/atecordoba.org\/wp-content\/uploads\/2020\/08\/WhatsApp-Image-2020-08-06-at-15.56.28-300x225.jpeg\" alt=\"\" width=\"599\" height=\"449\" srcset=\"https:\/\/atecordoba.org\/wp-content\/uploads\/2020\/08\/WhatsApp-Image-2020-08-06-at-15.56.28-300x225.jpeg 300w, https:\/\/atecordoba.org\/wp-content\/uploads\/2020\/08\/WhatsApp-Image-2020-08-06-at-15.56.28-1024x768.jpeg 1024w, https:\/\/atecordoba.org\/wp-content\/uploads\/2020\/08\/WhatsApp-Image-2020-08-06-at-15.56.28-768x576.jpeg 768w, https:\/\/atecordoba.org\/wp-content\/uploads\/2020\/08\/WhatsApp-Image-2020-08-06-at-15.56.28-750x563.jpeg 750w, https:\/\/atecordoba.org\/wp-content\/uploads\/2020\/08\/WhatsApp-Image-2020-08-06-at-15.56.28-1140x855.jpeg 1140w, https:\/\/atecordoba.org\/wp-content\/uploads\/2020\/08\/WhatsApp-Image-2020-08-06-at-15.56.28.jpeg 1280w\" sizes=\"auto, (max-width: 599px) 100vw, 599px\" \/><\/p>\n<p>En la oportunidad, Giuliani anunci\u00f3 que el CDP resolvi\u00f3 facilitar un bono de 10 mil pesos para cada centro de jubilados y jubiladas de la provincia, con el fin de programar alguna actividad relacionada con el D\u00eda del Ni\u00f1o.<\/p>\n<p>El secretario General introdujo la charla afirmando que &#8220;estamos en una etapa de pelea judicial con la provincia, con una ley previsional que nuevamente le vuelve a echar mano a nuestras jubiladas y jubilados. M\u00e1s all\u00e1 de la pelea gremial que dimos, muy limitada por la pandemia, decidimos ir por la justicia y la demanda de inconstitucionalidad fue habilitada para su tratamiento. Ahora tienen que darnos una resoluci\u00f3n&#8221;.<\/p>\n<p>Acto seguido habl\u00f3 la Noelia Guzm\u00e1n. Explic\u00f3 que es muy importante la convocatoria del CDP porque &#8220;necesitamos el apoyo de los trabajadores activos para la lucha que estamos llevando. No pasa por un aumento de salarios sino que pasa por los futuros jubilados. Hace 50 a\u00f1os el centro est\u00e1 en la lucha\u00a0 y ning\u00fan gobierno nos reconoce los derechos que corresponden. Hoy en esta pandemia estamos siendo m\u00e1s castigados todav\u00eda. En Berisso 17 compa\u00f1eros del centro de jubilados fallecieron por el Covid. Tenemos que seguir unidos en la lucha, la pelea que ustedes tienen contra la precarizaci\u00f3n laboral y el trabajo en negro, tienen que ver con las cajas y las jubilaciones futuras&#8221;.<\/p>\n<p>Y alert\u00f3 que &#8220;estar guardados por la pandemia hace que gobiernos como el de C\u00f3rdoba o Entre R\u00edos se aprovechan porque no podemos estar en la calle luchando. Pero esto no nos va a hacer bajar los brazos&#8221;.<\/p>\n<p><img loading=\"lazy\" decoding=\"async\" class=\" wp-image-21094 aligncenter\" src=\"https:\/\/atecordoba.org\/wp-content\/uploads\/2020\/08\/WhatsApp-Image-2020-08-06-at-15.56.22-300x150.jpeg\" alt=\"\" width=\"604\" height=\"302\" srcset=\"https:\/\/atecordoba.org\/wp-content\/uploads\/2020\/08\/WhatsApp-Image-2020-08-06-at-15.56.22-300x150.jpeg 300w, https:\/\/atecordoba.org\/wp-content\/uploads\/2020\/08\/WhatsApp-Image-2020-08-06-at-15.56.22-768x384.jpeg 768w, https:\/\/atecordoba.org\/wp-content\/uploads\/2020\/08\/WhatsApp-Image-2020-08-06-at-15.56.22-360x180.jpeg 360w, https:\/\/atecordoba.org\/wp-content\/uploads\/2020\/08\/WhatsApp-Image-2020-08-06-at-15.56.22-750x375.jpeg 750w, https:\/\/atecordoba.org\/wp-content\/uploads\/2020\/08\/WhatsApp-Image-2020-08-06-at-15.56.22.jpeg 1024w\" sizes=\"auto, (max-width: 604px) 100vw, 604px\" \/><\/p>\n<p><strong>La v\u00eda judicial\u00a0<\/strong><\/p>\n<p>A su turno, el Dr. Eugenio Biafore saludos a los presentes y comenz\u00f3 dando un pantallazo sobre le contexto en que se aprob\u00f3 la llama &#8216;ley de solidaridad previsional&#8217;. &#8220;Le llaman solidaridad a meterle la mano a los jubilados para pagarle la fiesta a Schiaretti&#8221;, dijo el letrado.<\/p>\n<p>Y describi\u00f3 como el gobierno actu\u00f3 en medio de la desesperaci\u00f3n y el terror generado por la pandemia &#8220;convocando una sesi\u00f3n virtual de la Legislatura, sin haber anunciado,\u00a0 un mi\u00e9rcoles a las 11 de la ma\u00f1ana, en la \u00fanica semana que el gobierno baj\u00f3 de fase en la cuarentena, imponiendo el aislamiento y la prohibida la salida a todos los trabajadores no esenciales&#8221;.<\/p>\n<p>&#8220;Ya hab\u00edamos visto en la reforma anterior, que aprobaron la ley un 24 de diciembre y la publicaron un 31 de <img loading=\"lazy\" decoding=\"async\" class=\" wp-image-21095 alignright\" src=\"https:\/\/atecordoba.org\/wp-content\/uploads\/2020\/08\/WhatsApp-Image-2020-08-06-at-15.56.24-1-300x225.jpeg\" alt=\"\" width=\"531\" height=\"398\" srcset=\"https:\/\/atecordoba.org\/wp-content\/uploads\/2020\/08\/WhatsApp-Image-2020-08-06-at-15.56.24-1-300x225.jpeg 300w, https:\/\/atecordoba.org\/wp-content\/uploads\/2020\/08\/WhatsApp-Image-2020-08-06-at-15.56.24-1-1024x768.jpeg 1024w, https:\/\/atecordoba.org\/wp-content\/uploads\/2020\/08\/WhatsApp-Image-2020-08-06-at-15.56.24-1-768x576.jpeg 768w, https:\/\/atecordoba.org\/wp-content\/uploads\/2020\/08\/WhatsApp-Image-2020-08-06-at-15.56.24-1-750x563.jpeg 750w, https:\/\/atecordoba.org\/wp-content\/uploads\/2020\/08\/WhatsApp-Image-2020-08-06-at-15.56.24-1-1140x855.jpeg 1140w, https:\/\/atecordoba.org\/wp-content\/uploads\/2020\/08\/WhatsApp-Image-2020-08-06-at-15.56.24-1.jpeg 1280w\" sizes=\"auto, (max-width: 531px) 100vw, 531px\" \/>diciembre a las 11.30 de la noche&#8221;, dijo.<\/p>\n<p>&#8220;Entre gallos y medios d\u00edas, provocaron un nuevo latrocinio, una nueva estafa a los activos y los pasivos. Porque la ley cambia dram\u00e1ticamente las condiciones para jubilarse desde el punto de vista de los aportes y del haber que se va a recibir&#8221;, a\u00f1adi\u00f3.<\/p>\n<p>Adelant\u00f3 que frente a la p\u00e9rdida de derechos hay dos opciones fundamentales. &#8220;Una es defender al compa\u00f1ero en particular, esa v\u00eda est\u00e1 abierta. D\u00edganle a los compa\u00f1eros que si cuando reciben el sueldo tiene una modificaci\u00f3n, si se est\u00e1n por jubilar, hay una acci\u00f3n para tomar&#8221;. Pero el equipo jur\u00eddico de ATE tom\u00f3 el camino, preventivamente, de introducir una acci\u00f3n de inconstitucionalidad, que va directamente al Tribunal Superior. &#8220;Si el TSJ entiende que el recurso est\u00e1 bien hecho, se aboca a discutir los aspectos que mencionemos son o no compatibles con la constituci\u00f3n provincial, la nacional y los tratados internacionales. Entendemos que bajo ninguna manera. En esa teor\u00eda metimos una acci\u00f3n colectiva. Son los activos quienes defienden a los pasivos porque no puede el gobierno aprovecharse del concepto de la solidaridad para quitarle una parte del haber jubilatorio, del escaso que ya tienen&#8221;.<\/p>\n<p><img loading=\"lazy\" decoding=\"async\" class=\" wp-image-21100 alignleft\" src=\"https:\/\/atecordoba.org\/wp-content\/uploads\/2020\/08\/WhatsApp-Image-2020-08-06-at-15.56.29-300x225.jpeg\" alt=\"\" width=\"447\" height=\"335\" srcset=\"https:\/\/atecordoba.org\/wp-content\/uploads\/2020\/08\/WhatsApp-Image-2020-08-06-at-15.56.29-300x225.jpeg 300w, https:\/\/atecordoba.org\/wp-content\/uploads\/2020\/08\/WhatsApp-Image-2020-08-06-at-15.56.29-1024x768.jpeg 1024w, https:\/\/atecordoba.org\/wp-content\/uploads\/2020\/08\/WhatsApp-Image-2020-08-06-at-15.56.29-768x576.jpeg 768w, https:\/\/atecordoba.org\/wp-content\/uploads\/2020\/08\/WhatsApp-Image-2020-08-06-at-15.56.29-750x563.jpeg 750w, https:\/\/atecordoba.org\/wp-content\/uploads\/2020\/08\/WhatsApp-Image-2020-08-06-at-15.56.29-1140x855.jpeg 1140w, https:\/\/atecordoba.org\/wp-content\/uploads\/2020\/08\/WhatsApp-Image-2020-08-06-at-15.56.29.jpeg 1280w\" sizes=\"auto, (max-width: 447px) 100vw, 447px\" \/>En tal sentido, Biafore destac\u00f3 que el alto tribunal se aboque a tratar la inconstitucionalidad pero dijo que &#8220;el hito es que el Fiscal General dijera ATE cumple con las condiciones, y en un p\u00e1rrafo en particular dice que reafirma que nuestra organizaci\u00f3n tiene personer\u00eda y legitimidad para representar todos los trabajadores activos y pasivos de la provincia de C\u00f3rdoba, tanto en la faz nacional, provincial o municipal&#8221;.<\/p>\n<p>&#8220;Con algunos de ustedes lo hemos peleado, junto con el Cacho Mengarelli, cuando parec\u00eda que ATE solo pod\u00eda representar a los trabajadores de la F\u00e1brica Militar y nos peleaban todos, el SEP, la Provincia, incluso desde adentro porque parec\u00eda que no ten\u00edamos capacidad de representar a los trabajadores p\u00fablicos provinciales y municipales. F\u00edjense a\u00f1os despu\u00e9s tenemos esta legitimidad formal, despu\u00e9s la real hay que ganarla militando en la calle, pero para nosotros esa legitimidad es una herramienta jur\u00eddica muy importante&#8221;, sostuvo Biafore ante una cantidad de compa\u00f1eros y compa\u00f1eras presentes.<\/p>\n<p>Y por \u00faltimo detall\u00f3 &#8220;por un movimiento del expediente, est\u00e1 en manos del TSJ para decidir. Tenemos claro que vamos a llegar a las instancias internacionales, la comisi\u00f3n directiva nos facult\u00f3 para llegar a la OIT y a la Comisi\u00f3n Interamericana de Derechos Humanos. Lo vamos a hacer&#8221;.<\/p>\n<p>&nbsp;<\/p>\n","protected":false},"excerpt":{"rendered":"<p>Cargado de emotividad y con la presencia de la Presidenta del Centro Nacional de Jubilados y Pensionadxs de ATE, Noelia Guzm\u00e1n, de su Vicepresidente, Cacho Mengarelli, de la Secretar\u00eda de Previsi\u00f3n de la CTA Aut\u00f3noma a nivel Nacional, Olivia Ruiz, de la Presidenta del Centro de Jubilados y Jubiladas de ATE C\u00f3rdoba, Carmen Neder y [&hellip;]<\/p>\n","protected":false},"author":7,"featured_media":21097,"comment_status":"open","ping_status":"open","sticky":false,"template":"","format":"standard","meta":{"_exactmetrics_skip_tracking":false,"_exactmetrics_sitenote_active":false,"_exactmetrics_sitenote_note":"","_exactmetrics_sitenote_category":0,"jnews-multi-image_gallery":[],"jnews_single_post":{"source_name":"","source_url":"","via_name":"","via_url":"","override_template":"0","override":[{"template":"1","single_blog_custom":"","parallax":"1","fullscreen":"0","layout":"right-sidebar","sidebar":"default-sidebar","second_sidebar":"default-sidebar","sticky_sidebar":"1","share_position":"top","share_float_style":"share-monocrhome","show_share_counter":"1","show_view_counter":"1","show_featured":"1","show_post_meta":"1","show_post_author":"1","show_post_author_image":"1","show_post_date":"1","post_date_format":"default","post_date_format_custom":"Y\/m\/d","show_post_category":"1","show_post_reading_time":"0","post_reading_time_wpm":"300","show_zoom_button":"0","zoom_button_out_step":"2","zoom_button_in_step":"3","show_post_tag":"1","show_prev_next_post":"1","show_popup_post":"1","number_popup_post":"1","show_author_box":"0","show_post_related":"0","show_inline_post_related":"0"}],"override_image_size":"0","image_override":[{"single_post_thumbnail_size":"crop-500","single_post_gallery_size":"crop-500"}],"trending_post":"0","trending_post_position":"meta","trending_post_label":"Trending","sponsored_post":"0","sponsored_post_label":"Sponsored by","sponsored_post_name":"","sponsored_post_url":"","sponsored_post_logo_enable":"0","sponsored_post_logo":"","sponsored_post_desc":""},"jnews_primary_category":{"id":""},"jnews_social_meta":{"fb_title":"","fb_description":"","fb_image":"","twitter_title":"","twitter_description":"","twitter_image":""},"jnews_review":[],"enable_review":"0","type":"percentage","name":"","summary":"","brand":"","sku":"","good":[{"good_text":""}],"bad":[{"bad_text":""}],"score_override":"","override_value":"","rating":[{"rating_text":"","rating_number":"10"}],"price":[{"shop":"","price":"","link":"","icon":""}],"jnews_override_counter":{"override_view_counter":"0","view_counter_number":"0","override_share_counter":"0","share_counter_number":"0","override_like_counter":"0","like_counter_number":"0","override_dislike_counter":"0","dislike_counter_number":"0"},"jnews_post_split":{"enable_post_split":"0","post_split":[{"template":"1","tag":"h2","numbering":"asc","mode":"normal"}]},"footnotes":""},"categories":[10,149,341,150,122,22,8,12,13,148,34,14],"tags":[422,492],"class_list":["post-21093","post","type-post","status-publish","format-standard","has-post-thumbnail","hentry","category-accion-politica","category-adelia-maria","category-cdp","category-cruz-del-eje","category-ddhh","category-jubilados","category-provinciales","category-rio-cuarto","category-rio-tercero","category-san-justo","category-seccionales","category-villa-maria","tag-ajuste-schiaretti","tag-caja-de-jubilaciones"],"jetpack_featured_media_url":"https:\/\/atecordoba.org\/wp-content\/uploads\/2020\/08\/WhatsApp-Image-2020-08-06-at-15.56.25.jpeg","_links":{"self":[{"href":"https:\/\/atecordoba.org\/index.php?rest_route=\/wp\/v2\/posts\/21093","targetHints":{"allow":["GET"]}}],"collection":[{"href":"https:\/\/atecordoba.org\/index.php?rest_route=\/wp\/v2\/posts"}],"about":[{"href":"https:\/\/atecordoba.org\/index.php?rest_route=\/wp\/v2\/types\/post"}],"author":[{"embeddable":true,"href":"https:\/\/atecordoba.org\/index.php?rest_route=\/wp\/v2\/users\/7"}],"replies":[{"embeddable":true,"href":"https:\/\/atecordoba.org\/index.php?rest_route=%2Fwp%2Fv2%2Fcomments&post=21093"}],"version-history":[{"count":4,"href":"https:\/\/atecordoba.org\/index.php?rest_route=\/wp\/v2\/posts\/21093\/revisions"}],"predecessor-version":[{"id":21105,"href":"https:\/\/atecordoba.org\/index.php?rest_route=\/wp\/v2\/posts\/21093\/revisions\/21105"}],"wp:featuredmedia":[{"embeddable":true,"href":"https:\/\/atecordoba.org\/index.php?rest_route=\/wp\/v2\/media\/21097"}],"wp:attachment":[{"href":"https:\/\/atecordoba.org\/index.php?rest_route=%2Fwp%2Fv2%2Fmedia&parent=21093"}],"wp:term":[{"taxonomy":"category","embeddable":true,"href":"https:\/\/atecordoba.org\/index.php?rest_route=%2Fwp%2Fv2%2Fcategories&post=21093"},{"taxonomy":"post_tag","embeddable":true,"href":"https:\/\/atecordoba.org\/index.php?rest_route=%2Fwp%2Fv2%2Ftags&post=21093"}],"curies":[{"name":"wp","href":"https:\/\/api.w.org\/{rel}","templated":true}]}}