{"id":21088,"date":"2020-08-06T15:51:13","date_gmt":"2020-08-06T18:51:13","guid":{"rendered":"https:\/\/atecordoba.org\/?p=21088"},"modified":"2020-08-06T15:51:56","modified_gmt":"2020-08-06T18:51:56","slug":"ate-y-ctaa-provincia-de-cordoba-en-adhesion-a-la-concentracion-en-repudio-al-golpe-de-estado-en-bolivia-elecciones-ya","status":"publish","type":"post","link":"https:\/\/atecordoba.org\/?p=21088","title":{"rendered":"ATE y CTAA Provincia de C\u00f3rdoba en adhesi\u00f3n a la \u201cConcentraci\u00f3n en repudio al Golpe de  Estado en Bolivia. \u00a1Elecciones YA!\u201d"},"content":{"rendered":"<figure id=\"attachment_21091\" aria-describedby=\"caption-attachment-21091\" style=\"width: 602px\" class=\"wp-caption aligncenter\"><img loading=\"lazy\" decoding=\"async\" class=\"wp-image-21091\" src=\"https:\/\/atecordoba.org\/wp-content\/uploads\/2020\/08\/06-08-Repudio-Golpe-en-Bolivia-300x169.jpeg\" alt=\"\" width=\"602\" height=\"339\" srcset=\"https:\/\/atecordoba.org\/wp-content\/uploads\/2020\/08\/06-08-Repudio-Golpe-en-Bolivia-300x169.jpeg 300w, https:\/\/atecordoba.org\/wp-content\/uploads\/2020\/08\/06-08-Repudio-Golpe-en-Bolivia-1024x576.jpeg 1024w, https:\/\/atecordoba.org\/wp-content\/uploads\/2020\/08\/06-08-Repudio-Golpe-en-Bolivia-768x432.jpeg 768w, https:\/\/atecordoba.org\/wp-content\/uploads\/2020\/08\/06-08-Repudio-Golpe-en-Bolivia-750x422.jpeg 750w, https:\/\/atecordoba.org\/wp-content\/uploads\/2020\/08\/06-08-Repudio-Golpe-en-Bolivia.jpeg 1040w\" sizes=\"auto, (max-width: 602px) 100vw, 602px\" \/><figcaption id=\"caption-attachment-21091\" class=\"wp-caption-text\">Concentraci\u00f3n en la Plaza San Mart\u00edn de miembros de la comunidad boliviana en C\u00f3rdoba.<\/figcaption><\/figure>\n<p>La oligarqu\u00eda boliviana aliada al imperialismo yanqui instaur\u00f3 en el poder, en noviembre de 2019, a la presentadora de televisi\u00f3n Jeanine \u00c1\u00f1ez. Para ello, destituy\u00f3 a la leg\u00edtima representaci\u00f3n del Pueblo boliviano, al presidente hermano Evo Morales Ayma y al vicepresidente \u00c1lvaro Garc\u00eda Linera. Mientras eso suced\u00eda, buena parte de los gobiernos de nuestra regi\u00f3n prestaban su conformidad ante el proceso destituyente e, incluso, apoyaban desde hac\u00eda meses el armado de la operaci\u00f3n que termin\u00f3 con el derrocamiento del gobierno leg\u00edtimo.<\/p>\n<p>Los verdaderos objetivos del imperio ante tal atropello eran detener un proceso de revoluci\u00f3n en las f\u00f3siles estructuras coloniales y de dependencia del pa\u00eds, asentadas por m\u00e1s de quinientos a\u00f1os de explotaci\u00f3n y saqueo.<\/p>\n<p>Perseguido, golpeado, asesinado, el Pueblo boliviano ha debido soportar los peores escarmientos de parte de quienes, escudados en la t\u00e9cnica del \u201cGolpe Blando\u201d, se aliaron adentro y afuera del pa\u00eds para destruir la voluntad popular con violencia. Es por eso que las alianzas de pueblos hermanos, como el argentino, el boliviano y el de todos los pueblos libres y dignos de Am\u00e9rica deben unirse, en el camino de la liberaci\u00f3n de la Patria Grande.<\/p>\n<p>\u00a1Jallala Bolivia Libre!<\/p>\n<p>\u00a1Elecciones ya!<\/p>\n<p>&nbsp;<\/p>\n<p>&nbsp;<\/p>\n<p style=\"text-align: center;\"><strong>Consejo Directivo Provincial de ATE C\u00f3rdoba\u00a0\u00a0\u00a0\u00a0\u00a0\u00a0\u00a0\u00a0\u00a0\u00a0\u00a0\u00a0\u00a0\u00a0\u00a0\u00a0\u00a0\u00a0\u00a0\u00a0\u00a0\u00a0\u00a0\u00a0\u00a0\u00a0\u00a0\u00a0\u00a0 CTAA Provincia de C\u00f3rdoba<\/strong><\/p>\n\n","protected":false},"excerpt":{"rendered":"<p>La oligarqu\u00eda boliviana aliada al imperialismo yanqui instaur\u00f3 en el poder, en noviembre de 2019, a la presentadora de televisi\u00f3n Jeanine \u00c1\u00f1ez. Para ello, destituy\u00f3 a la leg\u00edtima representaci\u00f3n del Pueblo boliviano, al presidente hermano Evo Morales Ayma y al vicepresidente \u00c1lvaro Garc\u00eda Linera. Mientras eso suced\u00eda, buena parte de los gobiernos de nuestra regi\u00f3n [&hellip;]<\/p>\n","protected":false},"author":7,"featured_media":21091,"comment_status":"open","ping_status":"open","sticky":true,"template":"","format":"standard","meta":{"_exactmetrics_skip_tracking":false,"_exactmetrics_sitenote_active":false,"_exactmetrics_sitenote_note":"","_exactmetrics_sitenote_category":0,"jnews-multi-image_gallery":[],"jnews_single_post":{"source_name":"","source_url":"","via_name":"","via_url":"","override_template":"0","override":[{"template":"1","single_blog_custom":"","parallax":"1","fullscreen":"0","layout":"right-sidebar","sidebar":"default-sidebar","second_sidebar":"default-sidebar","sticky_sidebar":"1","share_position":"top","share_float_style":"share-monocrhome","show_share_counter":"1","show_view_counter":"1","show_featured":"1","show_post_meta":"1","show_post_author":"1","show_post_author_image":"1","show_post_date":"1","post_date_format":"default","post_date_format_custom":"Y\/m\/d","show_post_category":"1","show_post_reading_time":"0","post_reading_time_wpm":"300","show_zoom_button":"0","zoom_button_out_step":"2","zoom_button_in_step":"3","show_post_tag":"1","show_prev_next_post":"1","show_popup_post":"1","number_popup_post":"1","show_author_box":"0","show_post_related":"0","show_inline_post_related":"0"}],"override_image_size":"0","image_override":[{"single_post_thumbnail_size":"crop-500","single_post_gallery_size":"crop-500"}],"trending_post":"0","trending_post_position":"meta","trending_post_label":"Trending","sponsored_post":"0","sponsored_post_label":"Sponsored by","sponsored_post_name":"","sponsored_post_url":"","sponsored_post_logo_enable":"0","sponsored_post_logo":"","sponsored_post_desc":""},"jnews_primary_category":{"id":""},"jnews_social_meta":{"fb_title":"","fb_description":"","fb_image":"","twitter_title":"","twitter_description":"","twitter_image":""},"jnews_review":[],"enable_review":"0","type":"percentage","name":"","summary":"","brand":"","sku":"","good":[{"good_text":""}],"bad":[{"bad_text":""}],"score_override":"","override_value":"","rating":[{"rating_text":"","rating_number":"10"}],"price":[{"shop":"","price":"","link":"","icon":""}],"jnews_override_counter":{"override_view_counter":"0","view_counter_number":"0","override_share_counter":"0","share_counter_number":"0","override_like_counter":"0","like_counter_number":"0","override_dislike_counter":"0","dislike_counter_number":"0"},"jnews_post_split":{"enable_post_split":"0","post_split":[{"template":"1","tag":"h2","numbering":"asc","mode":"normal"}]},"footnotes":""},"categories":[10,108],"tags":[489,491,490],"class_list":["post-21088","post","type-post","status-publish","format-standard","has-post-thumbnail","hentry","category-accion-politica","category-internacional","tag-bolivia","tag-comunidad-boliviana-en-cordoba","tag-elecciones-libres-y-democraticas"],"jetpack_featured_media_url":"https:\/\/atecordoba.org\/wp-content\/uploads\/2020\/08\/06-08-Repudio-Golpe-en-Bolivia.jpeg","_links":{"self":[{"href":"https:\/\/atecordoba.org\/index.php?rest_route=\/wp\/v2\/posts\/21088","targetHints":{"allow":["GET"]}}],"collection":[{"href":"https:\/\/atecordoba.org\/index.php?rest_route=\/wp\/v2\/posts"}],"about":[{"href":"https:\/\/atecordoba.org\/index.php?rest_route=\/wp\/v2\/types\/post"}],"author":[{"embeddable":true,"href":"https:\/\/atecordoba.org\/index.php?rest_route=\/wp\/v2\/users\/7"}],"replies":[{"embeddable":true,"href":"https:\/\/atecordoba.org\/index.php?rest_route=%2Fwp%2Fv2%2Fcomments&post=21088"}],"version-history":[{"count":1,"href":"https:\/\/atecordoba.org\/index.php?rest_route=\/wp\/v2\/posts\/21088\/revisions"}],"predecessor-version":[{"id":21092,"href":"https:\/\/atecordoba.org\/index.php?rest_route=\/wp\/v2\/posts\/21088\/revisions\/21092"}],"wp:featuredmedia":[{"embeddable":true,"href":"https:\/\/atecordoba.org\/index.php?rest_route=\/wp\/v2\/media\/21091"}],"wp:attachment":[{"href":"https:\/\/atecordoba.org\/index.php?rest_route=%2Fwp%2Fv2%2Fmedia&parent=21088"}],"wp:term":[{"taxonomy":"category","embeddable":true,"href":"https:\/\/atecordoba.org\/index.php?rest_route=%2Fwp%2Fv2%2Fcategories&post=21088"},{"taxonomy":"post_tag","embeddable":true,"href":"https:\/\/atecordoba.org\/index.php?rest_route=%2Fwp%2Fv2%2Ftags&post=21088"}],"curies":[{"name":"wp","href":"https:\/\/api.w.org\/{rel}","templated":true}]}}