{"id":21082,"date":"2020-08-06T12:39:17","date_gmt":"2020-08-06T15:39:17","guid":{"rendered":"https:\/\/atecordoba.org\/?p=21082"},"modified":"2020-08-06T12:39:17","modified_gmt":"2020-08-06T15:39:17","slug":"nuevo-reclamo-por-la-reapertura-del-consultorio-de-salud-mental-en-villa-libertador","status":"publish","type":"post","link":"https:\/\/atecordoba.org\/?p=21082","title":{"rendered":"Nuevo reclamo por la reapertura del consultorio de salud mental en Villa Libertador"},"content":{"rendered":"<p><img loading=\"lazy\" decoding=\"async\" class=\" wp-image-21084 aligncenter\" src=\"https:\/\/atecordoba.org\/wp-content\/uploads\/2020\/08\/parca-2-225x300.jpeg\" alt=\"\" width=\"396\" height=\"528\" srcset=\"https:\/\/atecordoba.org\/wp-content\/uploads\/2020\/08\/parca-2-225x300.jpeg 225w, https:\/\/atecordoba.org\/wp-content\/uploads\/2020\/08\/parca-2-768x1024.jpeg 768w, https:\/\/atecordoba.org\/wp-content\/uploads\/2020\/08\/parca-2-750x1000.jpeg 750w, https:\/\/atecordoba.org\/wp-content\/uploads\/2020\/08\/parca-2.jpeg 960w\" sizes=\"auto, (max-width: 396px) 100vw, 396px\" \/>Ayer se llev\u00f3 a cabo una actividad art\u00edstica para acompa\u00f1ar el reclamo por la reapertura del consultorio de salud mental de Villa Libertador, clausurado desde principios de abril por el Ministerio de Salud.<\/p>\n<p>La medida obedece a que las trabajadoras no cuentan con espacio para atender la demanda de los pacientes, habitantes del barrio que durante a\u00f1os tuvieron la atenci\u00f3n de las profesionales del lugar.<\/p>\n<p>En ese marco, se realiz\u00f3 una caminata de vecinas, instituciones y trabajadoras por las calles del barrio, respetando las medidas de protecci\u00f3n y distanciamiento. En la oportunidad, la actividad cont\u00f3 con el acompa\u00f1amiento del artista Andr\u00e9s Torej\u00f3n, que aport\u00f3 una representaci\u00f3n de La Parca, mu\u00f1eco aleg\u00f3rico de la pandemia que sufrimos.<\/p>\n<p>La referencia es que la atenci\u00f3n psicol\u00f3gica contiene y ayuda a sobrellevar los miedos que genera una enfermedad tan grave como el Covid y sus consiguientes medidas sanitarias de encierro y cuarentena.<\/p>\n<div id='gallery_1' class='gallery galleryid-21082 gallery-columns-3 gallery-size-thumbnail'><figure class='gallery-item'>\n                <div class='gallery-icon landscape'>\n                    <a href='https:\/\/atecordoba.org\/wp-content\/uploads\/2020\/08\/parca-3.jpeg'><img loading=\"lazy\" decoding=\"async\" width=\"150\" height=\"150\" src=\"\" class=\"attachment-thumbnail size-thumbnail lazyload\" alt=\"\" data-src=\"https:\/\/atecordoba.org\/wp-content\/uploads\/2020\/08\/parca-3-150x150.jpeg\" data-sizes=\"auto\" data-srcset=\"https:\/\/atecordoba.org\/wp-content\/uploads\/2020\/08\/parca-3-150x150.jpeg 150w, https:\/\/atecordoba.org\/wp-content\/uploads\/2020\/08\/parca-3-560x560.jpeg 560w, https:\/\/atecordoba.org\/wp-content\/uploads\/2020\/08\/parca-3-75x75.jpeg 75w\" data-expand=\"700\" \/><\/a>\n                <\/div><\/figure><figure class='gallery-item'>\n                <div class='gallery-icon portrait'>\n                    <a href='https:\/\/atecordoba.org\/wp-content\/uploads\/2020\/08\/parca-4.jpeg'><img loading=\"lazy\" decoding=\"async\" width=\"150\" height=\"150\" src=\"\" class=\"attachment-thumbnail size-thumbnail lazyload\" alt=\"\" data-src=\"https:\/\/atecordoba.org\/wp-content\/uploads\/2020\/08\/parca-4-150x150.jpeg\" data-sizes=\"auto\" data-srcset=\"https:\/\/atecordoba.org\/wp-content\/uploads\/2020\/08\/parca-4-150x150.jpeg 150w, https:\/\/atecordoba.org\/wp-content\/uploads\/2020\/08\/parca-4-560x560.jpeg 560w, https:\/\/atecordoba.org\/wp-content\/uploads\/2020\/08\/parca-4-75x75.jpeg 75w\" data-expand=\"700\" \/><\/a>\n                <\/div><\/figure><figure class='gallery-item'>\n                <div class='gallery-icon landscape'>\n                    <a href='https:\/\/atecordoba.org\/wp-content\/uploads\/2020\/08\/parca.jpeg'><img loading=\"lazy\" decoding=\"async\" width=\"150\" height=\"150\" src=\"\" class=\"attachment-thumbnail size-thumbnail lazyload\" alt=\"\" data-src=\"https:\/\/atecordoba.org\/wp-content\/uploads\/2020\/08\/parca-150x150.jpeg\" data-sizes=\"auto\" data-srcset=\"https:\/\/atecordoba.org\/wp-content\/uploads\/2020\/08\/parca-150x150.jpeg 150w, https:\/\/atecordoba.org\/wp-content\/uploads\/2020\/08\/parca-560x560.jpeg 560w, https:\/\/atecordoba.org\/wp-content\/uploads\/2020\/08\/parca-75x75.jpeg 75w\" data-expand=\"700\" \/><\/a>\n                <\/div><\/figure><br style=\"clear: both\" \/>\n            <\/div>\n\n","protected":false},"excerpt":{"rendered":"<p>Ayer se llev\u00f3 a cabo una actividad art\u00edstica para acompa\u00f1ar el reclamo por la reapertura del consultorio de salud mental de Villa Libertador, clausurado desde principios de abril por el Ministerio de Salud. La medida obedece a que las trabajadoras no cuentan con espacio para atender la demanda de los pacientes, habitantes del barrio que [&hellip;]<\/p>\n","protected":false},"author":7,"featured_media":21084,"comment_status":"open","ping_status":"open","sticky":false,"template":"","format":"standard","meta":{"_exactmetrics_skip_tracking":false,"_exactmetrics_sitenote_active":false,"_exactmetrics_sitenote_note":"","_exactmetrics_sitenote_category":0,"jnews-multi-image_gallery":[],"jnews_single_post":{"source_name":"","source_url":"","via_name":"","via_url":"","override_template":"0","override":[{"template":"1","single_blog_custom":"","parallax":"1","fullscreen":"0","layout":"right-sidebar","sidebar":"default-sidebar","second_sidebar":"default-sidebar","sticky_sidebar":"1","share_position":"top","share_float_style":"share-monocrhome","show_share_counter":"1","show_view_counter":"1","show_featured":"1","show_post_meta":"1","show_post_author":"1","show_post_author_image":"1","show_post_date":"1","post_date_format":"default","post_date_format_custom":"Y\/m\/d","show_post_category":"1","show_post_reading_time":"0","post_reading_time_wpm":"300","show_zoom_button":"0","zoom_button_out_step":"2","zoom_button_in_step":"3","show_post_tag":"1","show_prev_next_post":"1","show_popup_post":"1","number_popup_post":"1","show_author_box":"0","show_post_related":"0","show_inline_post_related":"0"}],"override_image_size":"0","image_override":[{"single_post_thumbnail_size":"crop-500","single_post_gallery_size":"crop-500"}],"trending_post":"0","trending_post_position":"meta","trending_post_label":"Trending","sponsored_post":"0","sponsored_post_label":"Sponsored by","sponsored_post_name":"","sponsored_post_url":"","sponsored_post_logo_enable":"0","sponsored_post_logo":"","sponsored_post_desc":""},"jnews_primary_category":{"id":""},"jnews_social_meta":{"fb_title":"","fb_description":"","fb_image":"","twitter_title":"","twitter_description":"","twitter_image":""},"jnews_review":[],"enable_review":"0","type":"percentage","name":"","summary":"","brand":"","sku":"","good":[{"good_text":""}],"bad":[{"bad_text":""}],"score_override":"","override_value":"","rating":[{"rating_text":"","rating_number":"10"}],"price":[{"shop":"","price":"","link":"","icon":""}],"jnews_override_counter":{"override_view_counter":"0","view_counter_number":"0","override_share_counter":"0","share_counter_number":"0","override_like_counter":"0","like_counter_number":"0","override_dislike_counter":"0","dislike_counter_number":"0"},"jnews_post_split":{"enable_post_split":"0","post_split":[{"template":"1","tag":"h2","numbering":"asc","mode":"normal"}]},"footnotes":""},"categories":[341,104,122,400,8,34],"tags":[488,470],"class_list":["post-21082","post","type-post","status-publish","format-standard","has-post-thumbnail","hentry","category-cdp","category-departamento-de-salud","category-ddhh","category-estamentos","category-provinciales","category-seccionales","tag-equipo-de-salud-mental","tag-villa-libertador"],"jetpack_featured_media_url":"https:\/\/atecordoba.org\/wp-content\/uploads\/2020\/08\/parca-2.jpeg","_links":{"self":[{"href":"https:\/\/atecordoba.org\/index.php?rest_route=\/wp\/v2\/posts\/21082","targetHints":{"allow":["GET"]}}],"collection":[{"href":"https:\/\/atecordoba.org\/index.php?rest_route=\/wp\/v2\/posts"}],"about":[{"href":"https:\/\/atecordoba.org\/index.php?rest_route=\/wp\/v2\/types\/post"}],"author":[{"embeddable":true,"href":"https:\/\/atecordoba.org\/index.php?rest_route=\/wp\/v2\/users\/7"}],"replies":[{"embeddable":true,"href":"https:\/\/atecordoba.org\/index.php?rest_route=%2Fwp%2Fv2%2Fcomments&post=21082"}],"version-history":[{"count":1,"href":"https:\/\/atecordoba.org\/index.php?rest_route=\/wp\/v2\/posts\/21082\/revisions"}],"predecessor-version":[{"id":21087,"href":"https:\/\/atecordoba.org\/index.php?rest_route=\/wp\/v2\/posts\/21082\/revisions\/21087"}],"wp:featuredmedia":[{"embeddable":true,"href":"https:\/\/atecordoba.org\/index.php?rest_route=\/wp\/v2\/media\/21084"}],"wp:attachment":[{"href":"https:\/\/atecordoba.org\/index.php?rest_route=%2Fwp%2Fv2%2Fmedia&parent=21082"}],"wp:term":[{"taxonomy":"category","embeddable":true,"href":"https:\/\/atecordoba.org\/index.php?rest_route=%2Fwp%2Fv2%2Fcategories&post=21082"},{"taxonomy":"post_tag","embeddable":true,"href":"https:\/\/atecordoba.org\/index.php?rest_route=%2Fwp%2Fv2%2Ftags&post=21082"}],"curies":[{"name":"wp","href":"https:\/\/api.w.org\/{rel}","templated":true}]}}