{"id":21071,"date":"2020-08-05T14:24:56","date_gmt":"2020-08-05T17:24:56","guid":{"rendered":"https:\/\/atecordoba.org\/?p=21071"},"modified":"2020-08-05T14:32:52","modified_gmt":"2020-08-05T17:32:52","slug":"coronavirus-ate-cordoba-se-reunio-con-el-director-del-hospital-rawson-ante-el-contagio-de-trabajadores","status":"publish","type":"post","link":"https:\/\/atecordoba.org\/?p=21071","title":{"rendered":"Coronavirus: ATE C\u00f3rdoba se reuni\u00f3 con el Director del Hospital Rawson ante el contagio del personal"},"content":{"rendered":"<figure id=\"attachment_21072\" aria-describedby=\"caption-attachment-21072\" style=\"width: 1024px\" class=\"wp-caption aligncenter\"><img loading=\"lazy\" decoding=\"async\" class=\"wp-image-21072 size-large\" src=\"https:\/\/atecordoba.org\/wp-content\/uploads\/2020\/08\/2020-08-05-Hospital-Rawson-1024x576.jpeg\" alt=\"Representaci\u00f3n de ATE parada en pasillo con los barbijos frente a la puerta de la Direcci\u00f3n del Hospital\" width=\"1024\" height=\"576\" srcset=\"https:\/\/atecordoba.org\/wp-content\/uploads\/2020\/08\/2020-08-05-Hospital-Rawson-1024x576.jpeg 1024w, https:\/\/atecordoba.org\/wp-content\/uploads\/2020\/08\/2020-08-05-Hospital-Rawson-300x169.jpeg 300w, https:\/\/atecordoba.org\/wp-content\/uploads\/2020\/08\/2020-08-05-Hospital-Rawson-768x432.jpeg 768w, https:\/\/atecordoba.org\/wp-content\/uploads\/2020\/08\/2020-08-05-Hospital-Rawson-750x422.jpeg 750w, https:\/\/atecordoba.org\/wp-content\/uploads\/2020\/08\/2020-08-05-Hospital-Rawson.jpeg 1032w\" sizes=\"auto, (max-width: 1024px) 100vw, 1024px\" \/><figcaption id=\"caption-attachment-21072\" class=\"wp-caption-text\">Foto. De izquierda a derecha, Pablo Gonz\u00e1lez y Liliana Genes (ATE Hospital Rawson); Gabriela Garc\u00eda y Omar Alerzia (CDP ATE C\u00f3rdoba)<\/figcaption><\/figure>\n<p>En el d\u00eda de la fecha, la Comisi\u00f3n Directiva de ATE C\u00f3rdoba, representada por Omar Alerzia y Gabriela Garc\u00eda, conjuntamente con la delegada y el delegado del Hospital Rawson, Liliana Genes y Pablo Gonz\u00e1lez, en respuesta a los hechos acontecidos de p\u00fablico conocimiento y en especial atenci\u00f3n a la solicitud formal presentada por ATE en referencia al cuidado del personal de salud y su manejo frente a la exposici\u00f3n directa y\/o contagio de Coronavirus y el seguimiento exhaustivo del mismo por nota presentada a Ministerio, fuimos recibidos por el director del nosocomio, Dr. Miguel D\u00edaz, quien respondi\u00f3 a todas las preguntas t\u00e9cnicas, gremiales e inquietudes surgidas desde los compa\u00f1eros arroj\u00e1ndose la siguiente situaci\u00f3n:<\/p>\n<ol>\n<li>Se ha realizado la contenci\u00f3n, hisopado y posterior aislamiento de todo el personal de contacto estrecho con los agentes identificados como positivos;<\/li>\n<li>Se comenzaron en el d\u00eda de la fecha con controles de pesquisa a todo el personal de la instituci\u00f3n con control de sangre;<\/li>\n<li>Se realiz\u00f3 descontaminaci\u00f3n de las \u00e1reas afectadas incluyendo el recambio de filtros de aire, aire acondicionados, aire comprimido y ox\u00edgeno para evitar propagaci\u00f3n;<\/li>\n<li>La direcci\u00f3n del hospital tom\u00f3 el compromiso de realizar el seguimiento del personal para garantizar el bienestar de los agentes.<\/li>\n<\/ol>\n<p>As\u00ed mismo, se abri\u00f3 un canal de di\u00e1logo directo con la autoridad a fin de garantizar que estos puntos se cumplan, y realizar el seguimiento situacional de los compa\u00f1eros y compa\u00f1eras. Insistimos desde este Consejo Directivo Provincial de ATE C\u00f3rdoba en la necesidad de hisopar a TODO el personal, poni\u00e9ndonos a disposici\u00f3n para todo lo que se necesite y que se traduzca en garant\u00edas de salud, bienestar y derechos de los compa\u00f1eros.<\/p>\n<p>&nbsp;<\/p>\n<p style=\"text-align: center;\"><strong>Consejo Directivo Provincial de ATE C\u00f3rdoba<\/strong><\/p>\n","protected":false},"excerpt":{"rendered":"<p>En el d\u00eda de la fecha, la Comisi\u00f3n Directiva de ATE C\u00f3rdoba, representada por Omar Alerzia y Gabriela Garc\u00eda, conjuntamente con la delegada y el delegado del Hospital Rawson, Liliana Genes y Pablo Gonz\u00e1lez, en respuesta a los hechos acontecidos de p\u00fablico conocimiento y en especial atenci\u00f3n a la solicitud formal presentada por ATE en [&hellip;]<\/p>\n","protected":false},"author":6,"featured_media":21072,"comment_status":"open","ping_status":"open","sticky":false,"template":"","format":"standard","meta":{"_exactmetrics_skip_tracking":false,"_exactmetrics_sitenote_active":false,"_exactmetrics_sitenote_note":"","_exactmetrics_sitenote_category":0,"jnews-multi-image_gallery":[],"jnews_single_post":{"source_name":"","source_url":"","via_name":"","via_url":"","override_template":"0","override":[{"template":"1","single_blog_custom":"","parallax":"1","fullscreen":"0","layout":"right-sidebar","sidebar":"default-sidebar","second_sidebar":"default-sidebar","sticky_sidebar":"1","share_position":"top","share_float_style":"share-monocrhome","show_share_counter":"1","show_view_counter":"1","show_featured":"1","show_post_meta":"1","show_post_author":"1","show_post_author_image":"1","show_post_date":"1","post_date_format":"default","post_date_format_custom":"Y\/m\/d","show_post_category":"1","show_post_reading_time":"0","post_reading_time_wpm":"300","show_zoom_button":"0","zoom_button_out_step":"2","zoom_button_in_step":"3","show_post_tag":"1","show_prev_next_post":"1","show_popup_post":"1","number_popup_post":"1","show_author_box":"0","show_post_related":"0","show_inline_post_related":"0"}],"override_image_size":"0","image_override":[{"single_post_thumbnail_size":"crop-500","single_post_gallery_size":"crop-500"}],"trending_post":"0","trending_post_position":"meta","trending_post_label":"Trending","sponsored_post":"0","sponsored_post_label":"Sponsored by","sponsored_post_name":"","sponsored_post_url":"","sponsored_post_logo_enable":"0","sponsored_post_logo":"","sponsored_post_desc":""},"jnews_primary_category":{"id":""},"jnews_social_meta":{"fb_title":"","fb_description":"","fb_image":"","twitter_title":"","twitter_description":"","twitter_image":""},"jnews_review":[],"enable_review":"0","type":"percentage","name":"","summary":"","brand":"","sku":"","good":[{"good_text":""}],"bad":[{"bad_text":""}],"score_override":"","override_value":"","rating":[{"rating_text":"","rating_number":"10"}],"price":[{"shop":"","price":"","link":"","icon":""}],"jnews_override_counter":{"override_view_counter":"0","view_counter_number":"0","override_share_counter":"0","share_counter_number":"0","override_like_counter":"0","like_counter_number":"0","override_dislike_counter":"0","dislike_counter_number":"0"},"jnews_post_split":{"enable_post_split":"0","post_split":[{"template":"1","tag":"h2","numbering":"asc","mode":"normal"}]},"footnotes":""},"categories":[341,104,400,34],"tags":[],"class_list":["post-21071","post","type-post","status-publish","format-standard","has-post-thumbnail","hentry","category-cdp","category-departamento-de-salud","category-estamentos","category-seccionales"],"jetpack_featured_media_url":"https:\/\/atecordoba.org\/wp-content\/uploads\/2020\/08\/2020-08-05-Hospital-Rawson.jpeg","_links":{"self":[{"href":"https:\/\/atecordoba.org\/index.php?rest_route=\/wp\/v2\/posts\/21071","targetHints":{"allow":["GET"]}}],"collection":[{"href":"https:\/\/atecordoba.org\/index.php?rest_route=\/wp\/v2\/posts"}],"about":[{"href":"https:\/\/atecordoba.org\/index.php?rest_route=\/wp\/v2\/types\/post"}],"author":[{"embeddable":true,"href":"https:\/\/atecordoba.org\/index.php?rest_route=\/wp\/v2\/users\/6"}],"replies":[{"embeddable":true,"href":"https:\/\/atecordoba.org\/index.php?rest_route=%2Fwp%2Fv2%2Fcomments&post=21071"}],"version-history":[{"count":3,"href":"https:\/\/atecordoba.org\/index.php?rest_route=\/wp\/v2\/posts\/21071\/revisions"}],"predecessor-version":[{"id":21075,"href":"https:\/\/atecordoba.org\/index.php?rest_route=\/wp\/v2\/posts\/21071\/revisions\/21075"}],"wp:featuredmedia":[{"embeddable":true,"href":"https:\/\/atecordoba.org\/index.php?rest_route=\/wp\/v2\/media\/21072"}],"wp:attachment":[{"href":"https:\/\/atecordoba.org\/index.php?rest_route=%2Fwp%2Fv2%2Fmedia&parent=21071"}],"wp:term":[{"taxonomy":"category","embeddable":true,"href":"https:\/\/atecordoba.org\/index.php?rest_route=%2Fwp%2Fv2%2Fcategories&post=21071"},{"taxonomy":"post_tag","embeddable":true,"href":"https:\/\/atecordoba.org\/index.php?rest_route=%2Fwp%2Fv2%2Ftags&post=21071"}],"curies":[{"name":"wp","href":"https:\/\/api.w.org\/{rel}","templated":true}]}}