{"id":21040,"date":"2020-08-03T11:01:10","date_gmt":"2020-08-03T14:01:10","guid":{"rendered":"https:\/\/atecordoba.org\/?p=21040"},"modified":"2020-08-04T10:29:25","modified_gmt":"2020-08-04T13:29:25","slug":"cordoba-la-pandemia-como-atajo-para-el-ajuste","status":"publish","type":"post","link":"https:\/\/atecordoba.org\/?p=21040","title":{"rendered":"C\u00f3rdoba: la pandemia como atajo para el ajuste"},"content":{"rendered":"<p><img loading=\"lazy\" decoding=\"async\" class=\" wp-image-21041 aligncenter\" src=\"https:\/\/atecordoba.org\/wp-content\/uploads\/2020\/08\/medico-pandemia-300x168.jpg\" alt=\"\" width=\"600\" height=\"336\" srcset=\"https:\/\/atecordoba.org\/wp-content\/uploads\/2020\/08\/medico-pandemia-300x168.jpg 300w, https:\/\/atecordoba.org\/wp-content\/uploads\/2020\/08\/medico-pandemia.jpg 600w\" sizes=\"auto, (max-width: 600px) 100vw, 600px\" \/><\/p>\n<p>C\u00f3rdoba debi\u00f3 abordar la lucha contra el coronavirus con un sector p\u00fablico muy desgastado por el ajuste permanente del modelo de gesti\u00f3n cordobesista, tras dos d\u00e9cadas ininterrumpidas en la Provincia.<\/p>\n<p>El gobernador Juan Schiaretti encabeza un tercer mandato con salarios miserables, que rondan en promedio 35 mil pesos, donde la precarizaci\u00f3n y la falta de personal quedaron en clara evidencia, confirmando as\u00ed las denuncias p\u00fablicas que ATE viene realizando hace a\u00f1os.<\/p>\n<p>El pluriempleo que sufren las y los trabajadores de la salud debido a los baj\u00edsimos sueldos, produjo que los contagios en los equipos de salud de las cl\u00ednicas y centros de salud privados se trasladaron casi inmediatamente a los hospitales. Sucedi\u00f3 en el geri\u00e1trico de Saldan, en el Hospital Privado o en la Cl\u00ednica Sucre.<\/p>\n<p>El diagn\u00f3stico suma una infraestructura de camas para la internaci\u00f3n deficitaria y el 30% del plantel de trabajadoras y trabajadores en condiciones de contrataci\u00f3n precarizada, con sobreutilizaci\u00f3n de contratos a plazo injustificados, abusos sobre residentes m\u00e9dicos, tercerizaciones de servicios generales como limpieza e higiene y otras figuras de precarizaci\u00f3n siempre a mano de los funcionarios de turno.<\/p>\n<p>El panorama salarial de este a\u00f1o no es mejor: la pandemia no motiv\u00f3 un esfuerzo extra para bancar a los trabajadores que ponen el cuerpo a la pandemia. Ni mejoraron las condiciones de contrataci\u00f3n, ni otorgaron alg\u00fan suplemento salarial para la emergencia, que no fuera hacer un pasamano del bono nacional de 5000 pesos, que encima no cobraron los residentes porque el gobierno se neg\u00f3 a incorporarlos como parte del plantel de trabajadoras y trabajadores.<\/p>\n<p>En junio, Schiaretti hizo aprobar en la Legislatura un ajuste de las jubilaciones que se pagan a trav\u00e9s de la Caja provincial, en l\u00ednea con la permanente poda de derechos que los estatales cordobeses vienen sufriendo hace a\u00f1os, mientras sojeros y especuladores inmobiliarios tiene un lugar siempre reservado en la mesa del gobernador.<\/p>\n<p>La \u00faltima novedad del gobierno oficial fue desdoblar el \u00faltimo tramo de la pauta salarial en la administraci\u00f3n p\u00fablica, salvo para m\u00e9dicos y polic\u00edas, que consist\u00eda en un paup\u00e9rrimo 5%.<\/p>\n<p>Al mismo tiempo, la falta de personal y la cuarentena obligatoria de las y los compa\u00f1eros, que por su edad o salud personal est\u00e1n en situaci\u00f3n de riesgo, aument\u00f3 la presi\u00f3n sobre los equipos de salud, que se vieron obligados a redoblar el esfuerzo para atender la demanda creciente.<\/p>\n<p>Vale se\u00f1alar la salud es uno de los sectores m\u00e1s feminizados de la econom\u00eda: 7 de cada 10 son trabajadoras, aunque ocupan solo el 20% de los cargos jer\u00e1rquicos.<\/p>\n<p>El reclamo desde ATE, en conjunto con otras organizaciones gremiales hermanas, por la falta de cumplimiento de los testeos regulares y peri\u00f3dicos a los equipos de salud que no presentan s\u00edntomas de contagio, con el riesgo de propagaci\u00f3n de la enfermedad a su entorno cuando son asintom\u00e1ticos, completa un panorama que nos tiene a los estatales muy preocupados.<\/p>\n<p>La ca\u00edda de la inversi\u00f3n en salud p\u00fablica de los \u00faltimos presupuestos, el congelamiento de incorporaciones en la planta permanente y en el plantel general en contraste con el incremento generalizado del sector sanitario privado, dan cuenta de las falencias de un sistema que debe introducir fuertes cambios de gesti\u00f3n y de criterios sanitarios, m\u00e1s all\u00e1 de la coyuntura, para garantizar un acceso a la salud de calidad para el conjunto del pueblo.<\/p>\n<p>&nbsp;<\/p>\n<p style=\"text-align: center;\">Federico Giuliani<\/p>\n<p style=\"text-align: center;\">Secretario General<\/p>\n<p style=\"text-align: center;\">ATE C\u00f3rdoba<\/p>\n","protected":false},"excerpt":{"rendered":"<p>C\u00f3rdoba debi\u00f3 abordar la lucha contra el coronavirus con un sector p\u00fablico muy desgastado por el ajuste permanente del modelo de gesti\u00f3n cordobesista, tras dos d\u00e9cadas ininterrumpidas en la Provincia. El gobernador Juan Schiaretti encabeza un tercer mandato con salarios miserables, que rondan en promedio 35 mil pesos, donde la precarizaci\u00f3n y la falta de [&hellip;]<\/p>\n","protected":false},"author":7,"featured_media":21004,"comment_status":"open","ping_status":"open","sticky":true,"template":"","format":"standard","meta":{"_exactmetrics_skip_tracking":false,"_exactmetrics_sitenote_active":false,"_exactmetrics_sitenote_note":"","_exactmetrics_sitenote_category":0,"jnews-multi-image_gallery":[],"jnews_single_post":{"source_name":"","source_url":"","via_name":"","via_url":"","override_template":"0","override":[{"template":"1","single_blog_custom":"","parallax":"1","fullscreen":"0","layout":"right-sidebar","sidebar":"default-sidebar","second_sidebar":"default-sidebar","sticky_sidebar":"1","share_position":"top","share_float_style":"share-monocrhome","show_share_counter":"1","show_view_counter":"1","show_featured":"1","show_post_meta":"1","show_post_author":"1","show_post_author_image":"1","show_post_date":"1","post_date_format":"default","post_date_format_custom":"Y\/m\/d","show_post_category":"1","show_post_reading_time":"0","post_reading_time_wpm":"300","show_zoom_button":"0","zoom_button_out_step":"2","zoom_button_in_step":"3","show_post_tag":"1","show_prev_next_post":"1","show_popup_post":"1","number_popup_post":"1","show_author_box":"0","show_post_related":"0","show_inline_post_related":"0"}],"override_image_size":"0","image_override":[{"single_post_thumbnail_size":"crop-500","single_post_gallery_size":"crop-500"}],"trending_post":"0","trending_post_position":"meta","trending_post_label":"Trending","sponsored_post":"0","sponsored_post_label":"Sponsored by","sponsored_post_name":"","sponsored_post_url":"","sponsored_post_logo_enable":"0","sponsored_post_logo":"","sponsored_post_desc":""},"jnews_primary_category":{"id":""},"jnews_social_meta":{"fb_title":"","fb_description":"","fb_image":"","twitter_title":"","twitter_description":"","twitter_image":""},"jnews_review":[],"enable_review":"0","type":"percentage","name":"","summary":"","brand":"","sku":"","good":[{"good_text":""}],"bad":[{"bad_text":""}],"score_override":"","override_value":"","rating":[{"rating_text":"","rating_number":"10"}],"price":[{"shop":"","price":"","link":"","icon":""}],"jnews_override_counter":{"override_view_counter":"0","view_counter_number":"0","override_share_counter":"0","share_counter_number":"0","override_like_counter":"0","like_counter_number":"0","override_dislike_counter":"0","dislike_counter_number":"0"},"jnews_post_split":{"enable_post_split":"0","post_split":[{"template":"1","tag":"h2","numbering":"asc","mode":"normal"}]},"footnotes":""},"categories":[341,104,350,8],"tags":[],"class_list":["post-21040","post","type-post","status-publish","format-standard","has-post-thumbnail","hentry","category-cdp","category-departamento-de-salud","category-opinion","category-provinciales"],"jetpack_featured_media_url":"https:\/\/atecordoba.org\/wp-content\/uploads\/2020\/07\/federico-3.jpeg","_links":{"self":[{"href":"https:\/\/atecordoba.org\/index.php?rest_route=\/wp\/v2\/posts\/21040","targetHints":{"allow":["GET"]}}],"collection":[{"href":"https:\/\/atecordoba.org\/index.php?rest_route=\/wp\/v2\/posts"}],"about":[{"href":"https:\/\/atecordoba.org\/index.php?rest_route=\/wp\/v2\/types\/post"}],"author":[{"embeddable":true,"href":"https:\/\/atecordoba.org\/index.php?rest_route=\/wp\/v2\/users\/7"}],"replies":[{"embeddable":true,"href":"https:\/\/atecordoba.org\/index.php?rest_route=%2Fwp%2Fv2%2Fcomments&post=21040"}],"version-history":[{"count":2,"href":"https:\/\/atecordoba.org\/index.php?rest_route=\/wp\/v2\/posts\/21040\/revisions"}],"predecessor-version":[{"id":21055,"href":"https:\/\/atecordoba.org\/index.php?rest_route=\/wp\/v2\/posts\/21040\/revisions\/21055"}],"wp:featuredmedia":[{"embeddable":true,"href":"https:\/\/atecordoba.org\/index.php?rest_route=\/wp\/v2\/media\/21004"}],"wp:attachment":[{"href":"https:\/\/atecordoba.org\/index.php?rest_route=%2Fwp%2Fv2%2Fmedia&parent=21040"}],"wp:term":[{"taxonomy":"category","embeddable":true,"href":"https:\/\/atecordoba.org\/index.php?rest_route=%2Fwp%2Fv2%2Fcategories&post=21040"},{"taxonomy":"post_tag","embeddable":true,"href":"https:\/\/atecordoba.org\/index.php?rest_route=%2Fwp%2Fv2%2Ftags&post=21040"}],"curies":[{"name":"wp","href":"https:\/\/api.w.org\/{rel}","templated":true}]}}