{"id":21016,"date":"2020-07-31T22:58:43","date_gmt":"2020-08-01T01:58:43","guid":{"rendered":"https:\/\/atecordoba.org\/?p=21016"},"modified":"2020-07-31T23:40:54","modified_gmt":"2020-08-01T02:40:54","slug":"fabricaciones-militares-en-los-90-emotivo-acto-de-conmemoracion-a-la-lucha-de-ate","status":"publish","type":"post","link":"https:\/\/atecordoba.org\/?p=21016","title":{"rendered":"Fabricaciones Militares en los 90\u00b4: emotivo acto de conmemoraci\u00f3n a la lucha de ATE"},"content":{"rendered":"<div style='display:none' class=\"jeg_preview_slider gallery_1\" data-selector='gallery_1'>\n                        <div class=\"jeg_preview_holder\">\n                            <div class=\"jeg_preview_media\">\n                        <div class=\"jeg_preview_media_holder\">\n                            <h3>La actividad organizada por el Consejo Directivo Provincial cont\u00f3 con la retransmisi\u00f3n en las sedes gremiales de Villa Mar\u00eda, Adelia Mar\u00eda, R\u00edo Cuarto y San Francisco.<\/h3>\n                            <div class=\"fullscreen-switch\">\n                                <i class=\"fa\"><\/i>\n                            <\/div>\n                            <div class=\"jeg_preview_media_content\">\n                                <div class=\"jeg_preview_media_content_holder_padding\">\n                                    <div class=\"jeg_preview_media_content_holder\"><\/div>\n                                <\/div>\n                                <div class=\"jeg_preview_media_content_navigation\">\n                                    <div class=\"prev\">\n\t\t\t\t\t\t\t\t\t\t<i class=\"fa\"><\/i>\n\t\t\t\t\t\t\t\t\t<\/div>\n                                    <div class=\"next\">\n\t\t\t\t\t\t\t\t\t\t<i class=\"fa\"><\/i>\n\t\t\t\t\t\t\t\t\t<\/div>\n                                <\/div>\n                                <div class='preview-slider-overlay'>\n                                    <div class='preloader_type preloader_dot'>\n                                        <div class=\"module-preloader jeg_preloader dot\">\n                                            <span><\/span><span><\/span><span><\/span>\n                                        <\/div>\n                                        <div class=\"module-preloader jeg_preloader circle\">\n                                            <div class=\"jnews_preloader_circle_outer\">\n                                                <div class=\"jnews_preloader_circle_inner\"><\/div>\n                                            <\/div>\n                                        <\/div>\n                                        <div class=\"module-preloader jeg_preloader square\">\n                                            <div class=\"jeg_square\">\n                                                <div class=\"jeg_square_inner\"><\/div>\n                                            <\/div>\n                                        <\/div>\n                                    <\/div>\n                                <\/div>\n                            <\/div>\n                            <div class=\"jeg_preview_control\">\n                                <div class=\"left_control\">\n                                    <div class=\"counter\"><span class=\"current\">1<\/span> de  4<\/div>\n                                    <div class=\"subtitle\"><\/div>\n                                <\/div>\n                                <div class=\"zoom\">\n                                    <span class=\"reduce\">-<\/span>\n                                    <span class=\"increase\">+<\/span>\n                                <\/div>\n                            <\/div>\n                        <\/div>\n                    <\/div>\n\n                    <div class=\"jeg_preview_bottom_slider\">\n                        <a data-id=\"0\" data-title=\"\" data-image=\"https:\/\/atecordoba.org\/wp-content\/uploads\/2020\/07\/Captura-1.jpg\" href=\"https:\/\/atecordoba.org\/wp-content\/uploads\/2020\/07\/Captura-1.jpg\" class=\"jeg_preview_item active\">\n                            <div class=\"jeg_preview_item_thumbnail\">\n                                <img loading=\"lazy\" decoding=\"async\" width=\"120\" height=\"86\" src=\"https:\/\/atecordoba.org\/wp-content\/uploads\/2020\/07\/Captura-1-120x86.jpg\" class=\"attachment-jnews-120x86 size-jnews-120x86\" alt=\"Galer\u00eda con la captura de la imagen de las asistentes a la charla.\" srcset=\"https:\/\/atecordoba.org\/wp-content\/uploads\/2020\/07\/Captura-1-120x86.jpg 120w, https:\/\/atecordoba.org\/wp-content\/uploads\/2020\/07\/Captura-1-350x250.jpg 350w, https:\/\/atecordoba.org\/wp-content\/uploads\/2020\/07\/Captura-1-750x536.jpg 750w\" sizes=\"auto, (max-width: 120px) 100vw, 120px\" \/>\n                            <\/div>\n                        <\/a><a data-id=\"1\" data-title=\"\" data-image=\"https:\/\/atecordoba.org\/wp-content\/uploads\/2020\/07\/Captura-2.jpg\" href=\"https:\/\/atecordoba.org\/wp-content\/uploads\/2020\/07\/Captura-2.jpg\" class=\"jeg_preview_item \">\n                            <div class=\"jeg_preview_item_thumbnail\">\n                                <img loading=\"lazy\" decoding=\"async\" width=\"120\" height=\"86\" src=\"https:\/\/atecordoba.org\/wp-content\/uploads\/2020\/07\/Captura-2-120x86.jpg\" class=\"attachment-jnews-120x86 size-jnews-120x86\" alt=\"\" srcset=\"https:\/\/atecordoba.org\/wp-content\/uploads\/2020\/07\/Captura-2-120x86.jpg 120w, https:\/\/atecordoba.org\/wp-content\/uploads\/2020\/07\/Captura-2-350x250.jpg 350w, https:\/\/atecordoba.org\/wp-content\/uploads\/2020\/07\/Captura-2-750x536.jpg 750w\" sizes=\"auto, (max-width: 120px) 100vw, 120px\" \/>\n                            <\/div>\n                        <\/a><a data-id=\"2\" data-title=\"\" data-image=\"https:\/\/atecordoba.org\/wp-content\/uploads\/2020\/07\/Captura-3.jpg\" href=\"https:\/\/atecordoba.org\/wp-content\/uploads\/2020\/07\/Captura-3.jpg\" class=\"jeg_preview_item \">\n                            <div class=\"jeg_preview_item_thumbnail\">\n                                <img loading=\"lazy\" decoding=\"async\" width=\"120\" height=\"86\" src=\"https:\/\/atecordoba.org\/wp-content\/uploads\/2020\/07\/Captura-3-120x86.jpg\" class=\"attachment-jnews-120x86 size-jnews-120x86\" alt=\"\" srcset=\"https:\/\/atecordoba.org\/wp-content\/uploads\/2020\/07\/Captura-3-120x86.jpg 120w, https:\/\/atecordoba.org\/wp-content\/uploads\/2020\/07\/Captura-3-350x250.jpg 350w, https:\/\/atecordoba.org\/wp-content\/uploads\/2020\/07\/Captura-3-750x536.jpg 750w\" sizes=\"auto, (max-width: 120px) 100vw, 120px\" \/>\n                            <\/div>\n                        <\/a><a data-id=\"3\" data-title=\"\" data-image=\"https:\/\/atecordoba.org\/wp-content\/uploads\/2020\/07\/31-07-2020-Flyer-Fabricaciones-Militares-Charla.jpeg\" href=\"https:\/\/atecordoba.org\/wp-content\/uploads\/2020\/07\/31-07-2020-Flyer-Fabricaciones-Militares-Charla.jpeg\" class=\"jeg_preview_item \">\n                            <div class=\"jeg_preview_item_thumbnail\">\n                                <img loading=\"lazy\" decoding=\"async\" width=\"120\" height=\"86\" src=\"https:\/\/atecordoba.org\/wp-content\/uploads\/2020\/07\/31-07-2020-Flyer-Fabricaciones-Militares-Charla-120x86.jpeg\" class=\"attachment-jnews-120x86 size-jnews-120x86\" alt=\"\" srcset=\"https:\/\/atecordoba.org\/wp-content\/uploads\/2020\/07\/31-07-2020-Flyer-Fabricaciones-Militares-Charla-120x86.jpeg 120w, https:\/\/atecordoba.org\/wp-content\/uploads\/2020\/07\/31-07-2020-Flyer-Fabricaciones-Militares-Charla-350x250.jpeg 350w, https:\/\/atecordoba.org\/wp-content\/uploads\/2020\/07\/31-07-2020-Flyer-Fabricaciones-Militares-Charla-750x536.jpeg 750w\" sizes=\"auto, (max-width: 120px) 100vw, 120px\" \/>\n                            <\/div>\n                        <\/a>\n                    <\/div>\n                        <\/div>\n                        <div class=\"jeg_preview_description\">\n                            \n                            <div class=\"jeg_preview_description_wrapper\">\n                            \n                            <\/div>\n                        <\/div>\n                        <script>\n                            var gallery_1 = {\n                                rtl: false,\n                                native_zoom: false,\n                                zoom_max: 5,\n                                zoom_step: 40,\n                                image_sequence: [{\"src\":\"https:\\\/\\\/atecordoba.org\\\/wp-content\\\/uploads\\\/2020\\\/07\\\/Captura-1.jpg\",\"w\":1366,\"h\":768,\"title\":\"\"},{\"src\":\"https:\\\/\\\/atecordoba.org\\\/wp-content\\\/uploads\\\/2020\\\/07\\\/Captura-2.jpg\",\"w\":1366,\"h\":768,\"title\":\"\"},{\"src\":\"https:\\\/\\\/atecordoba.org\\\/wp-content\\\/uploads\\\/2020\\\/07\\\/Captura-3.jpg\",\"w\":1366,\"h\":768,\"title\":\"\"},{\"src\":\"https:\\\/\\\/atecordoba.org\\\/wp-content\\\/uploads\\\/2020\\\/07\\\/31-07-2020-Flyer-Fabricaciones-Militares-Charla.jpeg\",\"w\":768,\"h\":960,\"title\":\"\"}]\n                            };\n                        <\/script>\n                    <\/div>\n<p><span class=\"dropcap \" style=\"background-color: #ffffff; color: #000000; border-color: #ffffff;\">E<\/span>n un acto cargado de m\u00edstica, organizado por el Consejo Directivo Provincial (CDP) de la Asociaci\u00f3n Trabajadores del Estado (ATE) de C\u00f3rdoba, unas 100 personas se hicieron presentes para rememorar un nuevo aniversario del fallecimiento del General Manuel Savio, pionero en el desarrollo de la siderurgia y la industria de la defensa nacionales. <strong>La convocatoria llev\u00f3 como nombre: &#8220;Los 90: Lucha y resistencia en las F\u00e1bricas Militares de C\u00f3rdoba&#8221;<\/strong> y cont\u00f3 con la presencia de militantes de ATE de todos los puntos de la provincia y de la Argentina; de las m\u00e1ximas\/os dirigentes de la organizaci\u00f3n y de referentes de otras organizaciones civiles y sociales de la provincia y el pa\u00eds.<\/p>\n<p><strong>La teleconferencia, realizada en la plataforma Zoom y retransmitida en la p\u00e1gina de Facebok del CDP<\/strong>, cont\u00f3 con la exposici\u00f3n y testimonios de: Federico Giuliani, Secretario General del CDP -quien adem\u00e1s ofici\u00f3 de moderador de la instancia-; Hugo &#8220;Cachorro&#8221; Godoy, Secretario General del Consejo Directivo Nacional (CDN) de ATE; Luis Chiappero, ex trabajador de la F\u00e1brica Militar de San Francisco (C\u00f3rdoba), \u00faltimo Secretario General de ATE en dicho establecimiento hasta su cierre en 1996 -momento en que fuera despedido-; Oscar &#8220;Cacho&#8221; Mengarelli, trabajador jubilado de la F\u00e1brica Militar de Villa Mar\u00eda, actual vicepresidente del Centro de Jubilados de ATE Nacional; Ana Mart\u00ednez -trabajadora jubilada de la F\u00e1brica Militar de R\u00edo Tercero-; Liliana Salerno, tambi\u00e9n de la F\u00e1brica Militar de R\u00edo Tercero y ex Secretaria General General de ATE C\u00f3rdoba; Ana Francis de Mart\u00edn, jubilada de la F\u00e1brica Militar de Villa Mar\u00eda; Cristian Collman, ex Secretario General de ATE R\u00edo Tercero y trabajador jubilado de la F\u00e1brica Militar; Damian Albornoz, actual Secretario General de ATE R\u00edo Tercero y trabajador de la f\u00e1brica; y Fernando &#8220;Oso&#8221; Mercado, Secretario General de ATE Villa Mar\u00eda y trabajador de la F\u00e1brica Militar de esa ciudad.<\/p>\n<p>Entre los asistentes se encontraron el Presidente de la Confederaci\u00f3n Latinoamericana y del Caribe de Trabajadores Estatales (CLATE), Julio Fuentes; Alejandro Garz\u00f3n, Secretario Gremial del CDN de ATE; Orestes &#8220;Beto&#8221; Galeano ( del Instituto de Salud y Seguridad de lxs Trabajadorxs -ISSATE- del CDN de ATE); Oscar Deisasi, Secretario General de ATE Provincia de Buenos Aires; el Secretario Adjunto de ATE Rosario, Fernando Peyrano ; Carlos Ocampo, del hospital Braulio Moyano de Capital Federal, delegado de la Junta Interna ATE; Hugo Dur\u00e1n, Secretario Adjunto de ATE C\u00f3rdoba con las\/los miembros de Comisi\u00f3n Directiva Iv\u00e1n Contreras (Acci\u00f3n Social), Julia Giuliani (Prensa y Comunicaci\u00f3n), Ricardo Reyna (Finanzas), Edith Innamorato (Interior), Mat\u00edas \u00c1vila (Administrativo), Mar\u00eda Sotti (Actas), C\u00e9sar Theaux (Formaci\u00f3n); las y los Secretarios Generales de las Seccionales de ATE: R\u00edo Cuarto, Rafaela Alcoba; Cruz del Eje, Daniel Allende; Adelia Mar\u00eda, Diego Villegas, San Francisco, Gladys Medina; la secretaria General de CTAA R\u00edo Cuarto, Silvia Alcoba; Emiliano Campos de CTAA R\u00edo Tercero; Juan Carlos &#8220;Pipon&#8221; Giuliani, de CTA R\u00edo Cuarto; Norma Navarro, Presidenta del Centro de Jubiladxs de San Francisco; y trabajadoras y trabajadores de ANAC, SENASA, Agricultura Familiar, IOSFA; de las F\u00e1bricas Militares de R\u00edo Tercero y Villa Mar\u00eda; de diversos hospitales provinciales; de la Universidad Nacional de R\u00edo Cuarto; del Movimiento Estudiantil de dicha ciudad, de organizaciones territoriales de toda la provincia; y de la CORREDMA (despedidxs de ambas F\u00e1bricas Militares y de FAdeA).<\/p>\n<p>La apertura de la actividad estuvo a cargo del Secretario General de ATE C\u00f3rdoba, Federico Giuliani quien remarc\u00f3 que <strong>&#8220;este es el acto m\u00e1s importante de estos 8 meses frente a ATE<\/strong>. La construcci\u00f3n de la memoria hist\u00f3rica y la reivindicaci\u00f3n de las luchas de quienes hicieron este ATE que somo hoy, es importante para fortalecer el proyecto cotidiano&#8221;.<\/p>\n<blockquote class=\"pullquote align-left\"><p><em>Giuliani: &#8220;Hoy reivindicamos a esas &#8220;fabriqueras&#8221; y &#8220;fabriqueros&#8221; que en los 90 supieron sostener un legado que la historia de nuestro pa\u00eds les encomend\u00f3 como misi\u00f3n hist\u00f3rica: el defender las F\u00e1bricas Militares. Pero no solo la tierra, las naves, las herramientas, sino que el proyecto pol\u00edtico soberano hecho por el trabajo y los sue\u00f1os de miles de familias&#8221;<\/em><\/p><\/blockquote>\n<p>&#8220;Hoy reivindicamos a esas &#8220;fabriqueras&#8221; y &#8220;fabriqueros&#8221; que en los 90 supieron sostener un legado que la historia de nuestro pa\u00eds les encomend\u00f3 como misi\u00f3n hist\u00f3rica: el defender las F\u00e1bricas Militares. Pero no solo la tierra, las naves, las herramientas, sino que el proyecto pol\u00edtico soberano hecho por el trabajo y los sue\u00f1os de miles de familias&#8221;, enfatiz\u00f3 Giuliani quien hizo hincapi\u00e9 en que las F\u00e1bricas Militares &#8220;son su gente, sus trabajadoras y trabajadores&#8221;. &#8220;A pesar del desguace menemista, servidor de la divisi\u00f3n internacional del trabajo y el Consenso de Washington, estas luchadoras y luchadores estuvieron ah\u00ed, defendiendo la soberan\u00eda de nuestro pa\u00eds&#8221;. El dirigente tambi\u00e9n reivindic\u00f3 que en la l\u00ednea hist\u00f3rica trazada desde el pasado de lucha hacia hoy, &#8220;hay compa\u00f1eros y compa\u00f1eras que han dejado de ser una promesa y que hoy son dirigentes que est\u00e1n haciendo una gran tarea para volver a devolverle la m\u00edstica, la fuerza a este sindicato que es pieza fundamental en la tarea de reconstruir la Patria para Liberar la Naci\u00f3n, desde la lucha, el debate, la organizaci\u00f3n&#8221;.<\/p>\n<p>Por su parte, Hugo &#8220;Cachorro&#8221; Godoy -Secretario General del CDN-, agradeci\u00f3 a las y los expositores ya que &#8220;si ustedes no hubieran enfrentado como enfrentaron ese huracan de los 90, este ATE hoy no ser\u00eda lo que es, no habr\u00eda Estado garantizando derechos&#8221;. De hecho, Godoy remarc\u00f3 que &#8220;si FAdeA y las Fabricaciones Militares se mantuvieron estatales durante el macrismo, fue por la resistencia de sus trabajadores&#8221;. El Secretario General no perdi\u00f3 la oportunidad de reclamar al presidente, Alberto Fernandez, y al Ministro de Defensa, Agust\u00edn Rossi, &#8220;la responsabilildad de abrir este tiempo de esperanza, reincorporando a las compa\u00f1eras y compa\u00f1eros para poner al Estado de pie&#8221;. En ese sentido, reclam\u00f3 que &#8220;el presidente tiene que convocarnos para discutir un plan estrat\u00e9gico para el Estado&#8221; y defini\u00f3 que &#8220;no hay salida sin profundizaci\u00f3n y eso se genera con la unidad del campo popular&#8221;.<\/p>\n<blockquote class=\"pullquote align-right\"><p><em>Godoy: &#8220;Hay dos agendas, la del gran empresariado nacional aliado del extractivismo financiero, agr\u00edcola, minero y del sindicalismo empresarial que apuntan a la exportaci\u00f3n; y la de la Soberan\u00eda, el Trabajo y la Producci\u00f3n. Sobre esa segunda nos asentamos y construimos desde ATE junto a las organizaciones populares que luchan por la segunda y definitiva independencia&#8221;.<\/em><\/p><\/blockquote>\n<p>&#8220;Hay dos agendas, la del gran empresariado nacional aliado del extractivismo financiero, agr\u00edcola, minero y del sindicalismo empresarial que apuntan a la exportaci\u00f3n; y la de la Soberan\u00eda, el Trabajo y la Producci\u00f3n. Sobre esa segunda nos asentamos y construimos desde ATE junto a las organizaciones populares que luchan por la segunda y definitiva independencia&#8221;.<\/p>\n<p>Luis Chiappero, ex trabajador de la F\u00e1brica Militar de San Francisco (C\u00f3rdoba), \u00faltimo Secretario General de ATE en dicho establecimiento hasta su cierre en 1996 -momento en que fuera despedido-, remarc\u00f3 la sensaci\u00f3n al haber vivido &#8220;en carne propia el desguace&#8221; y rememor\u00f3 c\u00f3mo<strong> el Estado Nacional en aquel entonces les &#8220;trabajaba la moral al hacernos ir a la planta y que no haya nada para hacer&#8221;<\/strong>. As\u00ed es como, cuando&#8221; ya nos adelantaban que era un hecho el cierre de la F\u00e1brica -despu\u00e9s de varios &#8220;retiros voluntarios&#8221; y operaciones semejantes-, <strong>decidimos desde la Comisi\u00f3n Directiva de ATE tomar la F\u00e1brica durante 9 d\u00edas&#8221;<\/strong>. Chiappero rememor\u00f3 el lugar central de los medios de comunicaci\u00f3n en aquel entonces: <strong>&#8220;hab\u00eda un cerco medi\u00e1tico muy importante, los medios eran aliados de la destrucci\u00f3n del Estado&#8221;<\/strong>. El ex trabajador destac\u00f3 que el &#8220;caballito de batalla&#8221; de la F\u00e1brica de San Francisco era la producci\u00f3n de vagones: de hecho &#8220;llegamos a hacer 3 vagones por d\u00eda&#8221;. Tambi\u00e9n coment\u00f3 que fabricaban &#8220;discos de arado, puentes de ametralladora, cargadores y balas&#8221; para la defensa nacional y multiplicidad de trabajos hacia la industria privada. &#8220;Eso nos hac\u00eda pr\u00e1cticamente autosustentables&#8221;, destac\u00f3. &#8220;Sin embargo -continu\u00f3- hubo una pol\u00edtica para destruirnos. De hecho, la F\u00e1brica estaba tasada en 10 millones de pesos (d\u00f3lares), y la terminaron vendiendo por 1 mill\u00f3n 300 mil y\u00a0 le condonaron impuestos por 200 mil pesos a la empresa que la compr\u00f3. <strong>El Estado pag\u00f3 1,5 millones de pesos en indemnizaciones es decir que le regal\u00f3 a la empresa que &#8220;compr\u00f3&#8221; toda la F\u00e1brica Militar de San Francisco,<\/strong> algo incre\u00edble&#8221;, se lament\u00f3 Chiappero. <strong>&#8220;Todo el desarrollo PyME de San Francisco vino de la mano de la F\u00e1brica: fue escuela y madre de las empresas del lugar y hoy solo quedan peque\u00f1as PyMES pero se perdi\u00f3 la base&#8221;<\/strong>, finaliz\u00f3 el ex trabajador y dirigente de ATE de la localidad.<\/p>\n<p>Oscar &#8220;Cacho&#8221; Mengarelli, es trabajador jubilado de la F\u00e1brica Militar de Villa Mar\u00eda y actual vicepresidente del Centro de Jubilados de ATE Nacional. En sus palabras iniciales remarc\u00f3 su &#8220;alegr\u00eda&#8221; ante &#8220;el reencuentro con tan grandes compa\u00f1eros&#8221; y rememor\u00f3 que &#8220;la f\u00e1brica Militar de P\u00f3lvora y explosivos en los 90 ten\u00eda una gran producci\u00f3n para el mercado interno&#8221; y que ten\u00eda una gran fortaleza en la exportaci\u00f3n a toda Latinoam\u00e9rica y el mundo de explosivos y diversos materiales para la industria qu\u00edmica, pirotecnia, &#8220;un conjunto de productos que hac\u00edan de la F\u00e1brica un establecimiento superavitario por donde se lo mirase y que garantizaba la soberan\u00eda que muchos elementos esenciales para nuestras sociedades&#8221;. &#8220;Ten\u00edamos mejor precio en todo: pero como <strong>la pol\u00edtica del menemismo era la importaci\u00f3n, nos empezaron a poner impuestos para que quedemos m\u00e1s altos en precios, trabas administrativas, toda clase de medidas para que perdamos mercados y tendamos a cerrar&#8221;<\/strong>, explic\u00f3 Mengarelli. El dirigente, como Chiappero, tambi\u00e9n record\u00f3 &#8220;los planes de retiro voluntario, los pase a\u00a0 disponibilidad&#8221;.<\/p>\n<blockquote class=\"pullquote align-left\"><p><em>Mengarelli: &#8220;Menem y Cavallo tomaban deuda externa para pagar los despidos, para aniquilar el trabajo y el aparato productivo local&#8221;<\/em><\/p><\/blockquote>\n<p>&#8220;Era muy triste ver c\u00f3mo pretend\u00edan comprar por plata a los trabajadores para que nos vayamos&#8221;, rememor\u00f3 y explic\u00f3 que <strong>&#8220;Menem y Cavallo tomaban deuda externa para pagar los despidos, para aniquilar el trabajo y el aparato productivo local&#8221;<\/strong>. Y destac\u00f3, en este punto, el rol del sindicato ya que &#8220;por la lucha de ATE logramos que no se cierre la planta&#8221;. Por ello, exhort\u00f3: &#8220;Confiemos en nosotros, en nuestra fuerza, en nuestros proyectos, en nuestras ideas que nos van a dar la salida que este pa\u00eds necesita&#8221;.<\/p>\n<p>Por su parte, Cristian Colman, ex Secretario General de ATE R\u00edo Tercero y trabajador jubilado de la F\u00e1brica Militar, rememor\u00f3 sus ingresos &#8220;all\u00e1 por el a\u00f1o 84&#8221; y record\u00f3 c\u00f3mo &#8220;desde el a\u00f1o 87 comenz\u00f3 la decadencia de la F\u00e1brica, con la primera tanda de retiros voluntarios. En 1991 hubo otra tanda y otra en 1993. Los \u00faltimos ingresos hab\u00edan sido en 1988 y ve\u00edamos c\u00f3mo se iba achicando todo&#8221;. &#8220;Y desp\u00faes, <strong>en 1995 vinieron las explosiones. Nosotros siempre dijimos que fue un atentado aunque el presidente Menem en apenas unas horas desde que explot\u00f3 la primera bomba, vino a R\u00edo Tercero, y desde ac\u00e1 sentenci\u00f3 que hab\u00eda sido un accidente&#8221;<\/strong>, cuestion\u00f3 Colman quien remarc\u00f3 el paso siguiente del Gobierno Nacional de aquel entonces: <strong>&#8220;al a\u00f1o siguiente nos echaron 424 compa\u00f1eros&#8221;<\/strong>. El ex Secretario General reflexion\u00f3 acerca de la importancia de todo el complejo industrial de la defensa hasta la d\u00e9cada del 90: &#8220;ten\u00edamos toda la cadena de producci\u00f3n dentro del complejo de F\u00e1bricas Militares. Y nos destruyeron: de casi 18 mil trabajadores quedamos 1003 cuando finaliz\u00f3 el menemismo&#8221;.<\/p>\n<blockquote class=\"pullquote align-right\"><p><em>Colman: &#8220;la \u00fanica forma de mantener vivos nuestros sue\u00f1os, de mantener un Estado que sea el nivel m\u00e1ximo de la suma felicidad del Pueblo&#8221;<\/em><\/p><\/blockquote>\n<p>Sin embargo, exhort\u00f3 a la recuperaci\u00f3n de la m\u00edstica, la militancia y la lucha &#8220;porque como en aquel entonces es <strong>la \u00fanica forma de mantener vivos nuestros sue\u00f1os, de mantener un Estado que sea el nivel m\u00e1ximo de la suma felicidad del Pueblo<\/strong>&#8220;. En ese sentido, destac\u00f3 que <strong>&#8220;quiero felicitar a estos j\u00f3venes que tienen la luz, el sentido de pertenencia con ATE; j\u00f3venes que no claudican.<\/strong> Y eso es lo que nos dejaron a nosotros los que nos antecedieron, muchos que ya no est\u00e1n. Y es lo mejor que puede quedarle a ellos y ellas&#8221;. Y termin\u00f3: &#8220;ATE en el pa\u00eds es familia. ATE es lucha. Y ATE, porque lucha, es victoria&#8221;.<\/p>\n<p>Tras las palabras de Collman, Dami\u00e1n Albornoz, actual Secretario General de ATE C\u00f3rdoba dio un dato curioso: &#8220;la sede de nuestro sindicato se encuentra en Mosconi y General Savio. Y, designio del destino, casualidad o causalidad, la calle que lo cruza es Esperanza. Y es lo que tenemos para empujar nuestra lucha: trabajo con la esperanza de construir organizaciones del Estado para un Pueblo soberano&#8221;. Albornoz destac\u00f3 que se acerca un nuevo 17 de agosto y que, para dicha fecha, se prepara &#8220;otra gran jornada de lucha: no solo por la efem\u00e9ride de San Mart\u00edn, sino porque se cumplen 2 a\u00f1os de uno de los despidos m\u00e1s violentos que tuvimos en el macrismo:<strong> el 17 de agosto de 2018, tuvimos que leer -con l\u00e1grimas en los ojos- la n\u00f3mina de decenas de compa\u00f1eras y compa\u00f1eros que nos desped\u00edan de la F\u00e1brica&#8221;.<\/strong><\/p>\n<blockquote class=\"pullquote align-center\"><p><em>Albornoz: &#8220;el proceso de reactivaci\u00f3n de Fabricaciones Militares lo hemos ganado con la lucha, con la resistencia. Nosotros somos los verdaderos protagonistas: los que repartimos panfletos, fuimos a hablar con la sociedad, quienes nunca aflojamos&#8221;<\/em><\/p><\/blockquote>\n<p>&#8220;Estamos a d\u00edas de cumplir dos a\u00f1os de ese momento -continu\u00f3 Albornoz-, de la promesa que hicimos con los pu\u00f1os y dientes apretados de que no \u00edbamos a dejar de luchar hasta que logremos sus reincorporaciones&#8221;, enfatiz\u00f3 el Secretario General de ATE R\u00edo Tercero quien remarc\u00f3 que &#8220;el proceso de reactivaci\u00f3n de Fabricaciones Militares lo hemos ganado con la lucha, con la resistencia. Nosotros somos los verdaderos protagonistas de la reactivaci\u00f3n: los que repartimos panfletos, fuimos a hablar con la sociedad, quienes nunca aflojamos&#8221;. Albornoz hizo referencia a quienes, a\u00fan manteniendo sus trabajos el dia de hoy entendieron que &#8220;no podemos ser polifuncionales&#8221; y que negarnos a realizar tareas que no son parte de las funciones asignadas a cada uno &#8220;es la v\u00eda de acceso para las reincorporaciones por las que todas y todos -de adentro y afuera- hoy luchamos&#8221;.<\/p>\n<p>Por su parte, Fernando &#8220;Oso&#8221; Mercado remarc\u00f3 su historia familiar de &#8220;fabriqueros&#8221;: &#8220;Nac\u00ed en el 74 y mi padre entr\u00f3 en el 70. Soy fabriquero desde antes de nacer&#8221;. Desde la Seccional recordaron, tambi\u00e9n que en los 90 que &#8220;la comunidad nos dej\u00f3 bastante solos porque el Gobierno hab\u00eda impulsado que \u00e9ramos el c\u00e1ncer del pa\u00eds junto a los ferrocarriles. Y a nosotros nos quebraban psicol\u00f3gicamente antes de buscar quebrar las f\u00e1bricas. <strong>Pero ah\u00ed estuvo ATE luchando y resistiendo. Porque para nosotros el Estado no es solo el trabajo, es nuestra pertenencia, nuestra raz\u00f3n de ser&#8221;.<\/strong><\/p>\n<p>Tras casi dos horas de exposiciones e intercambios, y al ritmo de la &#8220;Marcha del Estatal&#8221;, la concurrencia dio por concluida la jornada a micr\u00f3fono abierto, inundando de m\u00edstica combativa y reivindicativa el cierre de la actividad.<\/p>\n<div class=\"epyt-video-wrapper\"><iframe loading=\"lazy\"  style=\"display: block; margin: 0px auto;\"  id=\"_ytid_31904\"  width=\"480\" height=\"270\"  data-origwidth=\"480\" data-origheight=\"270\" src=\"https:\/\/www.youtube.com\/embed\/EQc-Q0F5FTQ?enablejsapi=1&#038;autoplay=0&#038;cc_load_policy=0&#038;cc_lang_pref=&#038;iv_load_policy=3&#038;loop=0&#038;rel=0&#038;fs=1&#038;playsinline=0&#038;autohide=2&#038;theme=dark&#038;color=red&#038;controls=1&#038;disablekb=0&#038;\" class=\"__youtube_prefs__  epyt-is-override  no-lazyload\" title=\"YouTube player\"  allow=\"fullscreen; accelerometer; autoplay; clipboard-write; encrypted-media; gyroscope; picture-in-picture; web-share\" referrerpolicy=\"strict-origin-when-cross-origin\" allowfullscreen data-no-lazy=\"1\" data-skipgform_ajax_framebjll=\"\"><\/iframe><\/div>\n","protected":false},"excerpt":{"rendered":"<p>En un acto cargado de m\u00edstica, organizado por el Consejo Directivo Provincial (CDP) de la Asociaci\u00f3n Trabajadores del Estado (ATE) de C\u00f3rdoba, unas 100 personas se hicieron presentes para rememorar un nuevo aniversario del fallecimiento del General Manuel Savio, pionero en el desarrollo de la siderurgia y la industria de la defensa nacionales. La convocatoria [&hellip;]<\/p>\n","protected":false},"author":3,"featured_media":21023,"comment_status":"open","ping_status":"open","sticky":false,"template":"","format":"standard","meta":{"_exactmetrics_skip_tracking":false,"_exactmetrics_sitenote_active":false,"_exactmetrics_sitenote_note":"","_exactmetrics_sitenote_category":0,"jnews-multi-image_gallery":[],"jnews_single_post":{"source_name":"","source_url":"","via_name":"","via_url":"","override_template":"0","override":[{"template":"1","single_blog_custom":"","parallax":"1","fullscreen":"0","layout":"right-sidebar","sidebar":"default-sidebar","second_sidebar":"default-sidebar","sticky_sidebar":"1","share_position":"top","share_float_style":"share-monocrhome","show_share_counter":"1","show_view_counter":"1","show_featured":"1","show_post_meta":"1","show_post_author":"1","show_post_author_image":"1","show_post_date":"1","post_date_format":"default","post_date_format_custom":"Y\/m\/d","show_post_category":"1","show_post_reading_time":"0","post_reading_time_wpm":"300","show_zoom_button":"0","zoom_button_out_step":"2","zoom_button_in_step":"3","show_post_tag":"1","show_prev_next_post":"1","show_popup_post":"1","number_popup_post":"1","show_author_box":"0","show_post_related":"0","show_inline_post_related":"0"}],"override_image_size":"0","image_override":[{"single_post_thumbnail_size":"crop-500","single_post_gallery_size":"crop-500"}],"trending_post":"0","trending_post_position":"meta","trending_post_label":"Trending","sponsored_post":"0","sponsored_post_label":"Sponsored by","sponsored_post_name":"","sponsored_post_url":"","sponsored_post_logo_enable":"0","sponsored_post_logo":"","sponsored_post_desc":""},"jnews_primary_category":{"id":""},"jnews_social_meta":{"fb_title":"","fb_description":"","fb_image":"","twitter_title":"","twitter_description":"","twitter_image":""},"jnews_review":[],"enable_review":"0","type":"percentage","name":"","summary":"","brand":"","sku":"","good":[{"good_text":""}],"bad":[{"bad_text":""}],"score_override":"","override_value":"","rating":[{"rating_text":"","rating_number":"10"}],"price":[{"shop":"","price":"","link":"","icon":""}],"jnews_override_counter":{"override_view_counter":"0","view_counter_number":"0","override_share_counter":"0","share_counter_number":"0","override_like_counter":"0","like_counter_number":"0","override_dislike_counter":"0","dislike_counter_number":"0"},"jnews_post_split":{"enable_post_split":"0","post_split":[{"template":"1","tag":"h2","numbering":"asc","mode":"normal"}]},"footnotes":""},"categories":[341,152,400,18,34],"tags":[434],"class_list":["post-21016","post","type-post","status-publish","format-standard","has-post-thumbnail","hentry","category-cdp","category-despedidos","category-estamentos","category-nacionales","category-seccionales","tag-fabricaciones-militares"],"jetpack_featured_media_url":"https:\/\/atecordoba.org\/wp-content\/uploads\/2020\/07\/Captura-1.jpg","_links":{"self":[{"href":"https:\/\/atecordoba.org\/index.php?rest_route=\/wp\/v2\/posts\/21016","targetHints":{"allow":["GET"]}}],"collection":[{"href":"https:\/\/atecordoba.org\/index.php?rest_route=\/wp\/v2\/posts"}],"about":[{"href":"https:\/\/atecordoba.org\/index.php?rest_route=\/wp\/v2\/types\/post"}],"author":[{"embeddable":true,"href":"https:\/\/atecordoba.org\/index.php?rest_route=\/wp\/v2\/users\/3"}],"replies":[{"embeddable":true,"href":"https:\/\/atecordoba.org\/index.php?rest_route=%2Fwp%2Fv2%2Fcomments&post=21016"}],"version-history":[{"count":14,"href":"https:\/\/atecordoba.org\/index.php?rest_route=\/wp\/v2\/posts\/21016\/revisions"}],"predecessor-version":[{"id":21038,"href":"https:\/\/atecordoba.org\/index.php?rest_route=\/wp\/v2\/posts\/21016\/revisions\/21038"}],"wp:featuredmedia":[{"embeddable":true,"href":"https:\/\/atecordoba.org\/index.php?rest_route=\/wp\/v2\/media\/21023"}],"wp:attachment":[{"href":"https:\/\/atecordoba.org\/index.php?rest_route=%2Fwp%2Fv2%2Fmedia&parent=21016"}],"wp:term":[{"taxonomy":"category","embeddable":true,"href":"https:\/\/atecordoba.org\/index.php?rest_route=%2Fwp%2Fv2%2Fcategories&post=21016"},{"taxonomy":"post_tag","embeddable":true,"href":"https:\/\/atecordoba.org\/index.php?rest_route=%2Fwp%2Fv2%2Ftags&post=21016"}],"curies":[{"name":"wp","href":"https:\/\/api.w.org\/{rel}","templated":true}]}}