{"id":21009,"date":"2020-07-31T13:54:33","date_gmt":"2020-07-31T16:54:33","guid":{"rendered":"https:\/\/atecordoba.org\/?p=21009"},"modified":"2020-07-31T13:56:58","modified_gmt":"2020-07-31T16:56:58","slug":"ate-pidio-la-reapertura-de-un-espacio-de-dialogo-en-fadea","status":"publish","type":"post","link":"https:\/\/atecordoba.org\/?p=21009","title":{"rendered":"ATE pidi\u00f3 la reapertura de un espacio de di\u00e1logo en Fadea"},"content":{"rendered":"<p><img loading=\"lazy\" decoding=\"async\" class=\" wp-image-21010 aligncenter\" src=\"https:\/\/atecordoba.org\/wp-content\/uploads\/2020\/07\/fadea-31-7-225x300.jpeg\" alt=\"\" width=\"502\" height=\"669\" srcset=\"https:\/\/atecordoba.org\/wp-content\/uploads\/2020\/07\/fadea-31-7-225x300.jpeg 225w, https:\/\/atecordoba.org\/wp-content\/uploads\/2020\/07\/fadea-31-7-768x1024.jpeg 768w, https:\/\/atecordoba.org\/wp-content\/uploads\/2020\/07\/fadea-31-7-750x1000.jpeg 750w, https:\/\/atecordoba.org\/wp-content\/uploads\/2020\/07\/fadea-31-7.jpeg 960w\" sizes=\"auto, (max-width: 502px) 100vw, 502px\" \/>Con una nota presentada hoy en Fadea, ATE y la Comisi\u00f3n de Relevamiento y Reincorporaci\u00f3n de los trabajadores y Trabajadoras estatales despedidos en la era Macri (CORREDMA) solicitaron la reapertura de un espacio de di\u00e1logo para tratar las reincorporaciones de las y los compa\u00f1eros que perdieron su puesto de trabajo\u00a0 injustamente durante el gobierno anterior.<\/p>\n<p>El reclamo est\u00e1 dirigido a la presidenta de la empresa estatal, Mirta Iriondo, que clausur\u00f3 todo canal de di\u00e1logo despu\u00e9s de recibir a nuestro gremio a principios de a\u00f1o.<\/p>\n<p>El recientemente el ministro de Defensa Agust\u00edn Rossi anunci\u00f3 nuevos proyectos de desarrollo en Fadea, que abren la esperanza de ser reincorporados en base al compromiso asumido de que ser\u00e1n priorizados al momento de tomar m\u00e1s personal en el organismo.<\/p>\n<p>&#8220;Creemos que restablecer el di\u00e1logo es la forma de llevar tranquilidad a las y los compa\u00f1eros que se encuentran sin trabajo en momentos tan dif\u00edciles&#8221;, aseguraron al entregar la misiva.<\/p>\n<p><img loading=\"lazy\" decoding=\"async\" class=\" wp-image-21011 aligncenter\" src=\"https:\/\/atecordoba.org\/wp-content\/uploads\/2020\/07\/fadea-31-7_2-225x300.jpeg\" alt=\"\" width=\"528\" height=\"704\" srcset=\"https:\/\/atecordoba.org\/wp-content\/uploads\/2020\/07\/fadea-31-7_2-225x300.jpeg 225w, https:\/\/atecordoba.org\/wp-content\/uploads\/2020\/07\/fadea-31-7_2-768x1024.jpeg 768w, https:\/\/atecordoba.org\/wp-content\/uploads\/2020\/07\/fadea-31-7_2-750x1000.jpeg 750w, https:\/\/atecordoba.org\/wp-content\/uploads\/2020\/07\/fadea-31-7_2.jpeg 960w\" sizes=\"auto, (max-width: 528px) 100vw, 528px\" \/><\/p>\n","protected":false},"excerpt":{"rendered":"<p>Con una nota presentada hoy en Fadea, ATE y la Comisi\u00f3n de Relevamiento y Reincorporaci\u00f3n de los trabajadores y Trabajadoras estatales despedidos en la era Macri (CORREDMA) solicitaron la reapertura de un espacio de di\u00e1logo para tratar las reincorporaciones de las y los compa\u00f1eros que perdieron su puesto de trabajo\u00a0 injustamente durante el gobierno anterior. [&hellip;]<\/p>\n","protected":false},"author":7,"featured_media":21010,"comment_status":"open","ping_status":"open","sticky":true,"template":"","format":"standard","meta":{"_exactmetrics_skip_tracking":false,"_exactmetrics_sitenote_active":false,"_exactmetrics_sitenote_note":"","_exactmetrics_sitenote_category":0,"jnews-multi-image_gallery":[],"jnews_single_post":{"source_name":"","source_url":"","via_name":"","via_url":"","override_template":"0","override":[{"template":"1","single_blog_custom":"","parallax":"1","fullscreen":"0","layout":"right-sidebar","sidebar":"default-sidebar","second_sidebar":"default-sidebar","sticky_sidebar":"1","share_position":"top","share_float_style":"share-monocrhome","show_share_counter":"1","show_view_counter":"1","show_featured":"1","show_post_meta":"1","show_post_author":"1","show_post_author_image":"1","show_post_date":"1","post_date_format":"default","post_date_format_custom":"Y\/m\/d","show_post_category":"1","show_post_reading_time":"0","post_reading_time_wpm":"300","show_zoom_button":"0","zoom_button_out_step":"2","zoom_button_in_step":"3","show_post_tag":"1","show_prev_next_post":"1","show_popup_post":"1","number_popup_post":"1","show_author_box":"0","show_post_related":"0","show_inline_post_related":"0"}],"override_image_size":"0","image_override":[{"single_post_thumbnail_size":"crop-500","single_post_gallery_size":"crop-500"}],"trending_post":"0","trending_post_position":"meta","trending_post_label":"Trending","sponsored_post":"0","sponsored_post_label":"Sponsored by","sponsored_post_name":"","sponsored_post_url":"","sponsored_post_logo_enable":"0","sponsored_post_logo":"","sponsored_post_desc":""},"jnews_primary_category":{"id":""},"jnews_social_meta":{"fb_title":"","fb_description":"","fb_image":"","twitter_title":"","twitter_description":"","twitter_image":""},"jnews_review":[],"enable_review":"0","type":"percentage","name":"","summary":"","brand":"","sku":"","good":[{"good_text":""}],"bad":[{"bad_text":""}],"score_override":"","override_value":"","rating":[{"rating_text":"","rating_number":"10"}],"price":[{"shop":"","price":"","link":"","icon":""}],"jnews_override_counter":{"override_view_counter":"0","view_counter_number":"0","override_share_counter":"0","share_counter_number":"0","override_like_counter":"0","like_counter_number":"0","override_dislike_counter":"0","dislike_counter_number":"0"},"jnews_post_split":{"enable_post_split":"0","post_split":[{"template":"1","tag":"h2","numbering":"asc","mode":"normal"}]},"footnotes":""},"categories":[10,152,400,18],"tags":[165,411],"class_list":["post-21009","post","type-post","status-publish","format-standard","has-post-thumbnail","hentry","category-accion-politica","category-despedidos","category-estamentos","category-nacionales","tag-fadea","tag-reincorporacion-despedidos-del-macrismo"],"jetpack_featured_media_url":"https:\/\/atecordoba.org\/wp-content\/uploads\/2020\/07\/fadea-31-7.jpeg","_links":{"self":[{"href":"https:\/\/atecordoba.org\/index.php?rest_route=\/wp\/v2\/posts\/21009","targetHints":{"allow":["GET"]}}],"collection":[{"href":"https:\/\/atecordoba.org\/index.php?rest_route=\/wp\/v2\/posts"}],"about":[{"href":"https:\/\/atecordoba.org\/index.php?rest_route=\/wp\/v2\/types\/post"}],"author":[{"embeddable":true,"href":"https:\/\/atecordoba.org\/index.php?rest_route=\/wp\/v2\/users\/7"}],"replies":[{"embeddable":true,"href":"https:\/\/atecordoba.org\/index.php?rest_route=%2Fwp%2Fv2%2Fcomments&post=21009"}],"version-history":[{"count":3,"href":"https:\/\/atecordoba.org\/index.php?rest_route=\/wp\/v2\/posts\/21009\/revisions"}],"predecessor-version":[{"id":21014,"href":"https:\/\/atecordoba.org\/index.php?rest_route=\/wp\/v2\/posts\/21009\/revisions\/21014"}],"wp:featuredmedia":[{"embeddable":true,"href":"https:\/\/atecordoba.org\/index.php?rest_route=\/wp\/v2\/media\/21010"}],"wp:attachment":[{"href":"https:\/\/atecordoba.org\/index.php?rest_route=%2Fwp%2Fv2%2Fmedia&parent=21009"}],"wp:term":[{"taxonomy":"category","embeddable":true,"href":"https:\/\/atecordoba.org\/index.php?rest_route=%2Fwp%2Fv2%2Fcategories&post=21009"},{"taxonomy":"post_tag","embeddable":true,"href":"https:\/\/atecordoba.org\/index.php?rest_route=%2Fwp%2Fv2%2Ftags&post=21009"}],"curies":[{"name":"wp","href":"https:\/\/api.w.org\/{rel}","templated":true}]}}