{"id":21007,"date":"2020-07-31T13:19:59","date_gmt":"2020-07-31T16:19:59","guid":{"rendered":"https:\/\/atecordoba.org\/?p=21007"},"modified":"2020-07-31T13:19:59","modified_gmt":"2020-07-31T16:19:59","slug":"ate-repudia-el-desdoblamiento-del-ultimo-tramo-de-la-pauta-salarial-provincial","status":"publish","type":"post","link":"https:\/\/atecordoba.org\/?p=21007","title":{"rendered":"ATE repudia el desdoblamiento del ultimo tramo de la pauta salarial provincial"},"content":{"rendered":"<figure id=\"attachment_18954\" aria-describedby=\"caption-attachment-18954\" style=\"width: 818px\" class=\"wp-caption alignnone\"><img loading=\"lazy\" decoding=\"async\" class=\"wp-image-18954\" src=\"https:\/\/atecordoba.org\/wp-content\/uploads\/2020\/05\/80389487_2542617465807223_7709837914070319104_n-3-300x169.jpg\" alt=\"\" width=\"818\" height=\"461\" srcset=\"https:\/\/atecordoba.org\/wp-content\/uploads\/2020\/05\/80389487_2542617465807223_7709837914070319104_n-3-300x169.jpg 300w, https:\/\/atecordoba.org\/wp-content\/uploads\/2020\/05\/80389487_2542617465807223_7709837914070319104_n-3.jpg 550w\" sizes=\"auto, (max-width: 818px) 100vw, 818px\" \/><figcaption id=\"caption-attachment-18954\" class=\"wp-caption-text\">El Panal, la Casa de Gobierno de C\u00f3rdoba.<\/figcaption><\/figure>\n<p>El Consejo Directivo Provincial de ATE C\u00f3rdoba repudia el desdoblamiento del \u00faltimo tramo de la pauta salarial para los trabajadores estatales de la provincia, que cobrar\u00e1n el 5% restante el 20 de agosto, salvo que formen parte de la polic\u00eda o de la ley 7625 de equipos m\u00e9dicos de salud.<\/p>\n<p>Se trata de la amplia mayor\u00eda de la administraci\u00f3n central y tambi\u00e9n los integrantes del equipo de salud comprendidos en la ley 7233 que incluye a camilleros, administrativos y personal de servicios generales, que est\u00e1n afrontando la pandemia codo a codo en primera l\u00ednea con los equipos m\u00e9dicos en cada hospital y hoy se ven claramente discriminados.<\/p>\n<p>Todas las trabajadoras y trabajadores deben percibir igualmente el escaso incremento salarial, que estableci\u00f3 el gobierno a principios de este a\u00f1o de manera igualitaria y conjunta.<\/p>\n<p>La pauta salarial 2020 fue a la zaga de la inflaci\u00f3n una vez m\u00e1s, como viene sucediendo a\u00f1o a a\u00f1o de la gesti\u00f3n cordobesista. Solo durante le anterior gobierno de Juan Schiaretti los Provinciales perdimos un 30% de poder adquisitivo, contra un 18% del promedio del sector privado.<\/p>\n<p>.<\/p>\n<p>&nbsp;<\/p>\n","protected":false},"excerpt":{"rendered":"<p>El Consejo Directivo Provincial de ATE C\u00f3rdoba repudia el desdoblamiento del \u00faltimo tramo de la pauta salarial para los trabajadores estatales de la provincia, que cobrar\u00e1n el 5% restante el 20 de agosto, salvo que formen parte de la polic\u00eda o de la ley 7625 de equipos m\u00e9dicos de salud. Se trata de la amplia [&hellip;]<\/p>\n","protected":false},"author":7,"featured_media":18954,"comment_status":"open","ping_status":"open","sticky":true,"template":"","format":"standard","meta":{"_exactmetrics_skip_tracking":false,"_exactmetrics_sitenote_active":false,"_exactmetrics_sitenote_note":"","_exactmetrics_sitenote_category":0,"jnews-multi-image_gallery":[],"jnews_single_post":{"source_name":"","source_url":"","via_name":"","via_url":"","override_template":"0","override":[{"template":"1","single_blog_custom":"","parallax":"1","fullscreen":"0","layout":"right-sidebar","sidebar":"default-sidebar","second_sidebar":"default-sidebar","sticky_sidebar":"1","share_position":"top","share_float_style":"share-monocrhome","show_share_counter":"1","show_view_counter":"1","show_featured":"1","show_post_meta":"1","show_post_author":"1","show_post_author_image":"1","show_post_date":"1","post_date_format":"default","post_date_format_custom":"Y\/m\/d","show_post_category":"1","show_post_reading_time":"0","post_reading_time_wpm":"300","show_zoom_button":"0","zoom_button_out_step":"2","zoom_button_in_step":"3","show_post_tag":"1","show_prev_next_post":"1","show_popup_post":"1","number_popup_post":"1","show_author_box":"0","show_post_related":"0","show_inline_post_related":"0"}],"override_image_size":"0","image_override":[{"single_post_thumbnail_size":"crop-500","single_post_gallery_size":"crop-500"}],"trending_post":"0","trending_post_position":"meta","trending_post_label":"Trending","sponsored_post":"0","sponsored_post_label":"Sponsored by","sponsored_post_name":"","sponsored_post_url":"","sponsored_post_logo_enable":"0","sponsored_post_logo":"","sponsored_post_desc":""},"jnews_primary_category":{"id":""},"jnews_social_meta":{"fb_title":"","fb_description":"","fb_image":"","twitter_title":"","twitter_description":"","twitter_image":""},"jnews_review":[],"enable_review":"0","type":"percentage","name":"","summary":"","brand":"","sku":"","good":[{"good_text":""}],"bad":[{"bad_text":""}],"score_override":"","override_value":"","rating":[{"rating_text":"","rating_number":"10"}],"price":[{"shop":"","price":"","link":"","icon":""}],"jnews_override_counter":{"override_view_counter":"0","view_counter_number":"0","override_share_counter":"0","share_counter_number":"0","override_like_counter":"0","like_counter_number":"0","override_dislike_counter":"0","dislike_counter_number":"0"},"jnews_post_split":{"enable_post_split":"0","post_split":[{"template":"1","tag":"h2","numbering":"asc","mode":"normal"}]},"footnotes":""},"categories":[341,104,8,34],"tags":[385,420,484],"class_list":["post-21007","post","type-post","status-publish","format-standard","has-post-thumbnail","hentry","category-cdp","category-departamento-de-salud","category-provinciales","category-seccionales","tag-aumento-salarial","tag-gobierno-de-cordoba","tag-recomposicion"],"jetpack_featured_media_url":"https:\/\/atecordoba.org\/wp-content\/uploads\/2020\/05\/80389487_2542617465807223_7709837914070319104_n-3.jpg","_links":{"self":[{"href":"https:\/\/atecordoba.org\/index.php?rest_route=\/wp\/v2\/posts\/21007","targetHints":{"allow":["GET"]}}],"collection":[{"href":"https:\/\/atecordoba.org\/index.php?rest_route=\/wp\/v2\/posts"}],"about":[{"href":"https:\/\/atecordoba.org\/index.php?rest_route=\/wp\/v2\/types\/post"}],"author":[{"embeddable":true,"href":"https:\/\/atecordoba.org\/index.php?rest_route=\/wp\/v2\/users\/7"}],"replies":[{"embeddable":true,"href":"https:\/\/atecordoba.org\/index.php?rest_route=%2Fwp%2Fv2%2Fcomments&post=21007"}],"version-history":[{"count":1,"href":"https:\/\/atecordoba.org\/index.php?rest_route=\/wp\/v2\/posts\/21007\/revisions"}],"predecessor-version":[{"id":21008,"href":"https:\/\/atecordoba.org\/index.php?rest_route=\/wp\/v2\/posts\/21007\/revisions\/21008"}],"wp:featuredmedia":[{"embeddable":true,"href":"https:\/\/atecordoba.org\/index.php?rest_route=\/wp\/v2\/media\/18954"}],"wp:attachment":[{"href":"https:\/\/atecordoba.org\/index.php?rest_route=%2Fwp%2Fv2%2Fmedia&parent=21007"}],"wp:term":[{"taxonomy":"category","embeddable":true,"href":"https:\/\/atecordoba.org\/index.php?rest_route=%2Fwp%2Fv2%2Fcategories&post=21007"},{"taxonomy":"post_tag","embeddable":true,"href":"https:\/\/atecordoba.org\/index.php?rest_route=%2Fwp%2Fv2%2Ftags&post=21007"}],"curies":[{"name":"wp","href":"https:\/\/api.w.org\/{rel}","templated":true}]}}