{"id":20996,"date":"2020-07-30T16:43:15","date_gmt":"2020-07-30T19:43:15","guid":{"rendered":"https:\/\/atecordoba.org\/?p=20996"},"modified":"2020-07-30T17:19:07","modified_gmt":"2020-07-30T20:19:07","slug":"el-pedido-de-inconstitucionalidad-de-ate-contra-el-ajuste-previsional-supera-la-instancia-formal-en-el-tsj","status":"publish","type":"post","link":"https:\/\/atecordoba.org\/?p=20996","title":{"rendered":"El pedido de inconstitucionalidad de ATE contra el ajuste previsional qued\u00f3 ya en el  TSJ para dictar sentencia"},"content":{"rendered":"<p><img loading=\"lazy\" decoding=\"async\" class=\"wp-image-20310 aligncenter\" src=\"https:\/\/atecordoba.org\/wp-content\/uploads\/2020\/06\/caja-de-jubilaciones-1024x683-300x200.jpg\" alt=\"\" width=\"650\" height=\"433\" srcset=\"https:\/\/atecordoba.org\/wp-content\/uploads\/2020\/06\/caja-de-jubilaciones-1024x683-300x200.jpg 300w, https:\/\/atecordoba.org\/wp-content\/uploads\/2020\/06\/caja-de-jubilaciones-1024x683-768x512.jpg 768w, https:\/\/atecordoba.org\/wp-content\/uploads\/2020\/06\/caja-de-jubilaciones-1024x683-750x500.jpg 750w, https:\/\/atecordoba.org\/wp-content\/uploads\/2020\/06\/caja-de-jubilaciones-1024x683.jpg 1024w\" sizes=\"auto, (max-width: 650px) 100vw, 650px\" \/><\/p>\n<p>La impugnaci\u00f3n realizada por inconstitucional de la llamada \u2018reforma\u2019 previsional de Schiaretti prosigue por buen camino despu\u00e9s que la acci\u00f3n quedara a fallo en el Tribunal Superior de Justicia de C\u00f3rdoba, ya que la presentaci\u00f3n realizada por el equipo jur\u00eddico de nuestro gremio cumpli\u00f3 todos los requisitos de procedimiento para ser tratada formalmente.<\/p>\n<figure id=\"attachment_20997\" aria-describedby=\"caption-attachment-20997\" style=\"width: 316px\" class=\"wp-caption alignright\"><img loading=\"lazy\" decoding=\"async\" class=\"wp-image-20997\" src=\"https:\/\/atecordoba.org\/wp-content\/uploads\/2020\/07\/biafore.jpg\" alt=\"\" width=\"316\" height=\"316\" srcset=\"https:\/\/atecordoba.org\/wp-content\/uploads\/2020\/07\/biafore.jpg 200w, https:\/\/atecordoba.org\/wp-content\/uploads\/2020\/07\/biafore-150x150.jpg 150w, https:\/\/atecordoba.org\/wp-content\/uploads\/2020\/07\/biafore-75x75.jpg 75w\" sizes=\"auto, (max-width: 316px) 100vw, 316px\" \/><figcaption id=\"caption-attachment-20997\" class=\"wp-caption-text\">Eugenio Biafore, abogado de ATE.<\/figcaption><\/figure>\n<p>La intervenci\u00f3n de ATE ante la Justicia provincial, encabezada por el letrado Eugenio Biafore, acusa a la norma en cuesti\u00f3n de <strong>contradecir la Convenci\u00f3n de los Derechos Sociales y Pol\u00edticos de 1968<\/strong>, de atentar contra los <strong>derechos adquiridos de las y los trabajadores aportaron para recibir salarios dignos<\/strong> para cuando se jubilen e impugna en cambio <strong>del promedio como se calcula el haber jubilatorio.<\/strong><\/p>\n<p>&#8220;Las instancias previas de la verificaci\u00f3n gen\u00e9rica de los aspectos formales de la presentaci\u00f3n que realiz\u00f3 el TSJ, \u00a0y del propio fiscal, se superaron en un periodo relativamente corto, lo que <strong>nos llena de esperanza que la Justicia haga justicia<\/strong>&#8220;, detall\u00f3 Biafore .<\/p>\n<p>El letrado sostuvo que se trata de un visto bueno realizado por &#8220;aquellos que tienen que <strong>dictar una sentencia tan delicada<\/strong>, ya que est\u00e1 en juego nada m\u00e1s y nada menos la pretendida superioridad que tiene las emergencias sobre el valor de la dignidad humana. Y en particular de aquellos que han producido, solidariamente con su vida de trabajo, los fondos que ahora se le intentan suspender en razones de la siempre presente teor\u00eda de la emergencia&#8221;.<\/p>\n<figure id=\"attachment_21003\" aria-describedby=\"caption-attachment-21003\" style=\"width: 413px\" class=\"wp-caption alignleft\"><img loading=\"lazy\" decoding=\"async\" class=\"wp-image-21003\" src=\"https:\/\/atecordoba.org\/wp-content\/uploads\/2020\/07\/federico-4-300x200.jpg\" alt=\"\" width=\"413\" height=\"275\" srcset=\"https:\/\/atecordoba.org\/wp-content\/uploads\/2020\/07\/federico-4-300x200.jpg 300w, https:\/\/atecordoba.org\/wp-content\/uploads\/2020\/07\/federico-4-1024x682.jpg 1024w, https:\/\/atecordoba.org\/wp-content\/uploads\/2020\/07\/federico-4-768x512.jpg 768w, https:\/\/atecordoba.org\/wp-content\/uploads\/2020\/07\/federico-4-750x500.jpg 750w, https:\/\/atecordoba.org\/wp-content\/uploads\/2020\/07\/federico-4-1140x760.jpg 1140w, https:\/\/atecordoba.org\/wp-content\/uploads\/2020\/07\/federico-4.jpg 1280w\" sizes=\"auto, (max-width: 413px) 100vw, 413px\" \/><figcaption id=\"caption-attachment-21003\" class=\"wp-caption-text\">Federico Giuliani, secretario General de ATE C\u00f3rdoba<\/figcaption><\/figure>\n<p>ATE viene bregando hace tiempo en rechazo de los sucesivo procesos de ajuste que el cordobesismo viene sometiendo al sistema previsional, en particular a partir de la intervenci\u00f3n del actual gobernador Juan Schiaretti y su ministro de Finanzas, Osvaldo Giordano.<\/p>\n<p>En tal sentido, el secretario General de ATE C\u00f3rdoba, Federico Giuliani destac\u00f3 el trabajo del asesoramiento legal de ATE &#8220;porque esta <strong>es una pelea de los d\u00e9biles contra los poderosos<\/strong>, contra aquellos que tienen al ajuste sobre las y los trabajadores como herramienta permanente gobierno&#8221;.<\/p>\n<p>Y agreg\u00f3: &#8220;<strong>no solo rechazamos el camino elegido<\/strong> de bajar las jubilaciones a pesar del esfuerzo de cada trabajador y trabajadora por hacer el aporte para un salario digno luego del merecido descanso cuando finaliza una vida de trabajo, <strong>sino que adem\u00e1s promovemos que las pol\u00edticas p\u00fablicas apunten a cobrarle a los sectores privilegiados<\/strong>, a los bancos, a los sojeros, a aquellos que siempre caen parados mientras las y los trabajadores sostenemos el Estado&#8221;.<\/p>\n<p>&nbsp;<\/p>\n<p>&nbsp;<\/p>\n","protected":false},"excerpt":{"rendered":"<p>La impugnaci\u00f3n realizada por inconstitucional de la llamada \u2018reforma\u2019 previsional de Schiaretti prosigue por buen camino despu\u00e9s que la acci\u00f3n quedara a fallo en el Tribunal Superior de Justicia de C\u00f3rdoba, ya que la presentaci\u00f3n realizada por el equipo jur\u00eddico de nuestro gremio cumpli\u00f3 todos los requisitos de procedimiento para ser tratada formalmente. La intervenci\u00f3n [&hellip;]<\/p>\n","protected":false},"author":7,"featured_media":20310,"comment_status":"open","ping_status":"open","sticky":true,"template":"","format":"standard","meta":{"_exactmetrics_skip_tracking":false,"_exactmetrics_sitenote_active":false,"_exactmetrics_sitenote_note":"","_exactmetrics_sitenote_category":0,"jnews-multi-image_gallery":[],"jnews_single_post":{"source_name":"","source_url":"","via_name":"","via_url":"","override_template":"0","override":[{"template":"1","single_blog_custom":"","parallax":"1","fullscreen":"0","layout":"right-sidebar","sidebar":"default-sidebar","second_sidebar":"default-sidebar","sticky_sidebar":"1","share_position":"top","share_float_style":"share-monocrhome","show_share_counter":"1","show_view_counter":"1","show_featured":"1","show_post_meta":"1","show_post_author":"1","show_post_author_image":"1","show_post_date":"1","post_date_format":"default","post_date_format_custom":"Y\/m\/d","show_post_category":"1","show_post_reading_time":"0","post_reading_time_wpm":"300","show_zoom_button":"0","zoom_button_out_step":"2","zoom_button_in_step":"3","show_post_tag":"1","show_prev_next_post":"1","show_popup_post":"1","number_popup_post":"1","show_author_box":"0","show_post_related":"0","show_inline_post_related":"0"}],"override_image_size":"0","image_override":[{"single_post_thumbnail_size":"crop-500","single_post_gallery_size":"crop-500"}],"trending_post":"0","trending_post_position":"meta","trending_post_label":"Trending","sponsored_post":"0","sponsored_post_label":"Sponsored by","sponsored_post_name":"","sponsored_post_url":"","sponsored_post_logo_enable":"0","sponsored_post_logo":"","sponsored_post_desc":""},"jnews_primary_category":{"id":""},"jnews_social_meta":{"fb_title":"","fb_description":"","fb_image":"","twitter_title":"","twitter_description":"","twitter_image":""},"jnews_review":[],"enable_review":"0","type":"percentage","name":"","summary":"","brand":"","sku":"","good":[{"good_text":""}],"bad":[{"bad_text":""}],"score_override":"","override_value":"","rating":[{"rating_text":"","rating_number":"10"}],"price":[{"shop":"","price":"","link":"","icon":""}],"jnews_override_counter":{"override_view_counter":"0","view_counter_number":"0","override_share_counter":"0","share_counter_number":"0","override_like_counter":"0","like_counter_number":"0","override_dislike_counter":"0","dislike_counter_number":"0"},"jnews_post_split":{"enable_post_split":"0","post_split":[{"template":"1","tag":"h2","numbering":"asc","mode":"normal"}]},"footnotes":""},"categories":[341,22,8,34],"tags":[462,154,420],"class_list":["post-20996","post","type-post","status-publish","format-standard","has-post-thumbnail","hentry","category-cdp","category-jubilados","category-provinciales","category-seccionales","tag-ajuste-en-las-jubilaciones","tag-cordoba","tag-gobierno-de-cordoba"],"jetpack_featured_media_url":"https:\/\/atecordoba.org\/wp-content\/uploads\/2020\/06\/caja-de-jubilaciones-1024x683.jpg","_links":{"self":[{"href":"https:\/\/atecordoba.org\/index.php?rest_route=\/wp\/v2\/posts\/20996","targetHints":{"allow":["GET"]}}],"collection":[{"href":"https:\/\/atecordoba.org\/index.php?rest_route=\/wp\/v2\/posts"}],"about":[{"href":"https:\/\/atecordoba.org\/index.php?rest_route=\/wp\/v2\/types\/post"}],"author":[{"embeddable":true,"href":"https:\/\/atecordoba.org\/index.php?rest_route=\/wp\/v2\/users\/7"}],"replies":[{"embeddable":true,"href":"https:\/\/atecordoba.org\/index.php?rest_route=%2Fwp%2Fv2%2Fcomments&post=20996"}],"version-history":[{"count":7,"href":"https:\/\/atecordoba.org\/index.php?rest_route=\/wp\/v2\/posts\/20996\/revisions"}],"predecessor-version":[{"id":21006,"href":"https:\/\/atecordoba.org\/index.php?rest_route=\/wp\/v2\/posts\/20996\/revisions\/21006"}],"wp:featuredmedia":[{"embeddable":true,"href":"https:\/\/atecordoba.org\/index.php?rest_route=\/wp\/v2\/media\/20310"}],"wp:attachment":[{"href":"https:\/\/atecordoba.org\/index.php?rest_route=%2Fwp%2Fv2%2Fmedia&parent=20996"}],"wp:term":[{"taxonomy":"category","embeddable":true,"href":"https:\/\/atecordoba.org\/index.php?rest_route=%2Fwp%2Fv2%2Fcategories&post=20996"},{"taxonomy":"post_tag","embeddable":true,"href":"https:\/\/atecordoba.org\/index.php?rest_route=%2Fwp%2Fv2%2Ftags&post=20996"}],"curies":[{"name":"wp","href":"https:\/\/api.w.org\/{rel}","templated":true}]}}