{"id":20986,"date":"2020-07-30T14:12:15","date_gmt":"2020-07-30T17:12:15","guid":{"rendered":"https:\/\/atecordoba.org\/?p=20986"},"modified":"2020-07-30T14:12:58","modified_gmt":"2020-07-30T17:12:58","slug":"las-vertientes-amenazas-y-mentiras-del-intendente-a-quien-el-codo-le-contradice-la-mano","status":"publish","type":"post","link":"https:\/\/atecordoba.org\/?p=20986","title":{"rendered":"Las Vertientes: amenazas y mentiras del intendente a quien el codo le contradice la mano"},"content":{"rendered":"<figure id=\"attachment_20777\" aria-describedby=\"caption-attachment-20777\" style=\"width: 352px\" class=\"wp-caption alignleft\"><img loading=\"lazy\" decoding=\"async\" class=\"wp-image-20777\" src=\"https:\/\/atecordoba.org\/wp-content\/uploads\/2020\/07\/WhatsApp-Image-2020-07-21-at-12.22.24-150x150.jpeg\" alt=\"Foto de las autoridades de ATE y del Municipio el pasado 21 de julio.\" width=\"352\" height=\"352\" srcset=\"https:\/\/atecordoba.org\/wp-content\/uploads\/2020\/07\/WhatsApp-Image-2020-07-21-at-12.22.24-150x150.jpeg 150w, https:\/\/atecordoba.org\/wp-content\/uploads\/2020\/07\/WhatsApp-Image-2020-07-21-at-12.22.24-560x560.jpeg 560w, https:\/\/atecordoba.org\/wp-content\/uploads\/2020\/07\/WhatsApp-Image-2020-07-21-at-12.22.24-75x75.jpeg 75w\" sizes=\"auto, (max-width: 352px) 100vw, 352px\" \/><figcaption id=\"caption-attachment-20777\" class=\"wp-caption-text\">Foto de las autoridades de ATE y del Municipio el pasado 21 de julio.<\/figcaption><\/figure>\n<p><strong>El Intendente de Las Vertientes, Miguel \u00c1ngel Melano, <a href=\"https:\/\/atecordoba.org\/?p=20776\">acord\u00f3 y firm\u00f3 el pasado 21 de julio un compromiso de recomposici\u00f3n salarial para las trabajadoras y trabajadores municipales<\/a><\/strong> con las m\u00e1ximas autoridades de ATE de la Seccional Adelia Mar\u00eda -el Secretario General Diego Villegas y el Adjunto, Roberto S\u00e1nchez- y con el delegado local de ATE, Waldo Romero.<strong> Seg\u00fan consta en el facs\u00edmil que reproducimos al final de esta nota, el funcionario compromet\u00eda al Estado Municipal a otorogar un 23 por ciento de aumento salarial para lo que resta del a\u00f1o<\/strong> (en dos tramos, uno en septiembre y otro en diciembre de este a\u00f1o). Ello, sumado al 20 por ciento de aumento del primer semestre, permit\u00eda a quienes trabajan en la localidad contar con una paritaria realista en virtud a la p\u00e9rdida del poder adquisitivo experimentada en los \u00faltimos tiempos.<br \/>\nHasta all\u00ed, hechos racionales que no llaman la atenci\u00f3n a nadie: el deber de todo funcionario p\u00fablico es arbitrar los medios para que las tareas que cada Estado deba garantizar se cumplan y, para ello, el sostener a la planta de trabajadores con salarios acordes a la realidad no es m\u00e1s que el deber que le toca. Sin trabajadores correctamente remunerados no hay posibilidad de Estado y, menos, de un Gobierno del Estado.<br \/>\nSin embargo, a la luz de los hechos,<strong> la racionalidad no es algo que parezca primar en el entendimiento del Intendente en los actos sucesivos a la firma del compromiso con el gremio de representaci\u00f3n mayoritario dentro de sus trabajadores, la Asociaci\u00f3n Trabajadores del Estado<\/strong> -que cuenta con una vasta experiencia de 95 a\u00f1os de historia representando a las trabajadoras y trabajadores de los Estado en nuestro pa\u00eds; y que, adem\u00e1s, cuenta con la Personer\u00eda Gremial n\u00famero 2 de la Argentina-. El intendente, impulsado por las presiones de otros intendentes de la regi\u00f3n -seg\u00fan las <a href=\"https:\/\/www.puntal.com.ar\/ate\/malestar-del-intendente-las-vertientes-dirigentes-ate-n111950\">declaraciones vertidas por el Sr. Melano al Dario Puntal en el d\u00eda de hoy<\/a>, donde dice que el acuerdo &#8220;le vali\u00f3 decenas de consultas de sus pares de la regi\u00f3n, quienes lo cuestionaron de c\u00f3mo pod\u00eda haber acordado una recomposici\u00f3n salarial tan elevada&#8221;-, decidi\u00f3 que era mejor mentir e inventar una historia donde el sindicato, de mala fe, le hizo firmar un documento a lo cual \u00e9l &#8220;inocentemente&#8221; accedi\u00f3. No conforme con eso, invent\u00f3 luego un supuesto &#8220;pedido de disculpas&#8221; de las autoridades de la Seccional que &#8220;faltaron a su palabra&#8221; <strong>y, lo que es m\u00e1s grave a\u00fan, comenz\u00f3 con las persecuciones a afiliadas y afiliados a ATE<\/strong>. Esta semana, trabajadoras y trabajadores de la localidad informaron que el funcionario adelant\u00f3 en reuniones informales que no habr\u00eda horas extras, pr\u00e9stamos ni adelantos de sueldo para quienes est\u00e9n afiliados\/as a ATE.<br \/>\nEsta conducta persecutoria, discriminatoria, patoteril, autoritaria, contraria a la Constituci\u00f3n Nacional, a toda la legislaci\u00f3n laboral vigente y a los tratados internacionales de no discrimaci\u00f3n por cuestiones de sindicalizaci\u00f3n -entre tantas otras causas- suscriptos por nuestro pa\u00eds ante la OIT -y otros organismos internacionales que regulan la materia- deber\u00e1n cesar inmediatamente y, con hechos, demostrar -si es su intenci\u00f3n- que no existieron tales amenazas y actitudes intimidatorias. <strong>Nuestro gremio NO ADMITIR\u00c1 NI UNA ACTITUD PERSECUTORIA de parte del intendente ni de nadie.<\/strong><br \/>\nLa mitoman\u00eda es un comportamiento patol\u00f3gico donde quien lo padece miente como conducta recurrente sin por ello obtener ning\u00fan beneficio personal: son creaciones inconscientes de acontecimientos f\u00e1cilmente refutables. <strong>Una nota firmada por el intendente desarma la mentira de que no se arrib\u00f3 al acuerdo nombrado al comienzo de la nota ya que entendemos la total capacidad de discernir con la que cuenta el mandatario<\/strong>; la buena fe con la que act\u00faa nuestro sindicato al comunicar actos de gesti\u00f3n se basa en que dicho acto existi\u00f3 -su firma lo prueba- y lo que corresponde al intendente es enmendar, con buena fe, este derrotero de mentiras.<br \/>\nQue diga que cede ante las presiones de sus pares intendentes; que demuestre -sosteniendo estas mentiras- que el compromiso con cierta corporaci\u00f3n de mandatarios municipales a la que \u00e9l mismo pertenecer\u00eda -tal describe en el art\u00edculo de prensa- es mayor que su palabra y su firma en un acto administrativo llevado adelante formalmente en su propio despacho. <strong>Que d\u00e9 cuenta, retract\u00e1ndose, de su integridad de raciocinio y asuma que las mentiras sistem\u00e1ticas de estos \u00faltimos d\u00edas tienen un argumento pol\u00edtico; o, caso contrario, deberemos dudar no solo de su pol\u00edtica sino tambi\u00e9n de su propia razonabilidad.<\/strong><br \/>\n<strong>Sr. Intendente: cumpla su palabra, cumpla con lo que firm\u00f3 que no es m\u00e1s que una recomposici\u00f3n salarial l\u00f3gica. Y, sobre todo, cese con la persecuci\u00f3n gremial, con la violencia: no hacerlo lo ubica fuera del amparo de la Constituci\u00f3n Nacional y los tratados internacionales, invistiendo una gravedad institucional de magnitudes significativas contra las cuales no creemos quiera atentar.<\/strong><\/p>\n<p>Facs\u00edcimil de la nota firmada por el Secretario General de la Seccional de ATE Adelia Mar\u00eda, Diego Villegas, el Adjunto, Roberto S\u00e1nchez, y el delegado del sector, Waldo Romero. En tanto, por la comuna, estamp\u00f3 su firma el Intendente, Miguel Angel Melano, y el Secretario de Gobierno, Juan Carlos Melano.<\/p>\n<a href=\"https:\/\/atecordoba.org\/wp-content\/uploads\/2020\/07\/21-07-2020-Las-Vertientes-Acuerdo-Salarial-Municipal.pdf\" class=\"pdfemb-viewer\" style=\"\" data-width=\"max\" data-height=\"max\" data-toolbar=\"bottom\" data-toolbar-fixed=\"off\">Acuerdo Salarial Municipal firmado por ATE y el Intendente de Las Vertientes<\/a>\n<p>&nbsp;<\/p>\n","protected":false},"excerpt":{"rendered":"<p>El Intendente de Las Vertientes, Miguel \u00c1ngel Melano, acord\u00f3 y firm\u00f3 el pasado 21 de julio un compromiso de recomposici\u00f3n salarial para las trabajadoras y trabajadores municipales con las m\u00e1ximas autoridades de ATE de la Seccional Adelia Mar\u00eda -el Secretario General Diego Villegas y el Adjunto, Roberto S\u00e1nchez- y con el delegado local de ATE, [&hellip;]<\/p>\n","protected":false},"author":3,"featured_media":20992,"comment_status":"open","ping_status":"open","sticky":false,"template":"","format":"standard","meta":{"_exactmetrics_skip_tracking":false,"_exactmetrics_sitenote_active":false,"_exactmetrics_sitenote_note":"","_exactmetrics_sitenote_category":0,"jnews-multi-image_gallery":[],"jnews_single_post":{"source_name":"","source_url":"","via_name":"","via_url":"","override_template":"0","override":[{"template":"1","single_blog_custom":"","parallax":"1","fullscreen":"0","layout":"right-sidebar","sidebar":"default-sidebar","second_sidebar":"default-sidebar","sticky_sidebar":"1","share_position":"top","share_float_style":"share-monocrhome","show_share_counter":"1","show_view_counter":"1","show_featured":"1","show_post_meta":"1","show_post_author":"1","show_post_author_image":"1","show_post_date":"1","post_date_format":"default","post_date_format_custom":"Y\/m\/d","show_post_category":"1","show_post_reading_time":"0","post_reading_time_wpm":"300","show_zoom_button":"0","zoom_button_out_step":"2","zoom_button_in_step":"3","show_post_tag":"1","show_prev_next_post":"1","show_popup_post":"1","number_popup_post":"1","show_author_box":"0","show_post_related":"0","show_inline_post_related":"0"}],"override_image_size":"0","image_override":[{"single_post_thumbnail_size":"crop-500","single_post_gallery_size":"crop-500"}],"trending_post":"0","trending_post_position":"meta","trending_post_label":"Trending","sponsored_post":"0","sponsored_post_label":"Sponsored by","sponsored_post_name":"","sponsored_post_url":"","sponsored_post_logo_enable":"0","sponsored_post_logo":"","sponsored_post_desc":""},"jnews_primary_category":{"id":""},"jnews_social_meta":{"fb_title":"","fb_description":"","fb_image":"","twitter_title":"","twitter_description":"","twitter_image":""},"jnews_review":[],"enable_review":"0","type":"percentage","name":"","summary":"","brand":"","sku":"","good":[{"good_text":""}],"bad":[{"bad_text":""}],"score_override":"","override_value":"","rating":[{"rating_text":"","rating_number":"10"}],"price":[{"shop":"","price":"","link":"","icon":""}],"jnews_override_counter":{"override_view_counter":"0","view_counter_number":"0","override_share_counter":"0","share_counter_number":"0","override_like_counter":"0","like_counter_number":"0","override_dislike_counter":"0","dislike_counter_number":"0"},"jnews_post_split":{"enable_post_split":"0","post_split":[{"template":"1","tag":"h2","numbering":"asc","mode":"normal"}]},"footnotes":""},"categories":[149,53,400,20,34],"tags":[483],"class_list":["post-20986","post","type-post","status-publish","format-standard","has-post-thumbnail","hentry","category-adelia-maria","category-comunicados-de-prensa","category-estamentos","category-municipales","category-seccionales","tag-las-vertientes"],"jetpack_featured_media_url":"https:\/\/atecordoba.org\/wp-content\/uploads\/2020\/07\/21-07-2020-Las-Vertientes-Acuerdo-Salarial-Municipal_page-0001-e1596129122798.jpg","_links":{"self":[{"href":"https:\/\/atecordoba.org\/index.php?rest_route=\/wp\/v2\/posts\/20986","targetHints":{"allow":["GET"]}}],"collection":[{"href":"https:\/\/atecordoba.org\/index.php?rest_route=\/wp\/v2\/posts"}],"about":[{"href":"https:\/\/atecordoba.org\/index.php?rest_route=\/wp\/v2\/types\/post"}],"author":[{"embeddable":true,"href":"https:\/\/atecordoba.org\/index.php?rest_route=\/wp\/v2\/users\/3"}],"replies":[{"embeddable":true,"href":"https:\/\/atecordoba.org\/index.php?rest_route=%2Fwp%2Fv2%2Fcomments&post=20986"}],"version-history":[{"count":6,"href":"https:\/\/atecordoba.org\/index.php?rest_route=\/wp\/v2\/posts\/20986\/revisions"}],"predecessor-version":[{"id":20994,"href":"https:\/\/atecordoba.org\/index.php?rest_route=\/wp\/v2\/posts\/20986\/revisions\/20994"}],"wp:featuredmedia":[{"embeddable":true,"href":"https:\/\/atecordoba.org\/index.php?rest_route=\/wp\/v2\/media\/20992"}],"wp:attachment":[{"href":"https:\/\/atecordoba.org\/index.php?rest_route=%2Fwp%2Fv2%2Fmedia&parent=20986"}],"wp:term":[{"taxonomy":"category","embeddable":true,"href":"https:\/\/atecordoba.org\/index.php?rest_route=%2Fwp%2Fv2%2Fcategories&post=20986"},{"taxonomy":"post_tag","embeddable":true,"href":"https:\/\/atecordoba.org\/index.php?rest_route=%2Fwp%2Fv2%2Ftags&post=20986"}],"curies":[{"name":"wp","href":"https:\/\/api.w.org\/{rel}","templated":true}]}}