{"id":20952,"date":"2020-07-29T12:16:06","date_gmt":"2020-07-29T15:16:06","guid":{"rendered":"https:\/\/atecordoba.org\/?p=20952"},"modified":"2020-07-29T12:18:47","modified_gmt":"2020-07-29T15:18:47","slug":"san-francisco-ate-reclamo-a-la-municipalidad-por-jubilados-que-continuan-trabajando","status":"publish","type":"post","link":"https:\/\/atecordoba.org\/?p=20952","title":{"rendered":"San Francisco: ATE reclam\u00f3 a la Municipalidad por jubilados que contin\u00faan trabajando y cobran planes asistenciales"},"content":{"rendered":"<p><img loading=\"lazy\" decoding=\"async\" class=\" wp-image-20957 aligncenter\" src=\"https:\/\/atecordoba.org\/wp-content\/uploads\/2020\/07\/reunion-san-francisco-300x225.jpeg\" alt=\"\" width=\"602\" height=\"451\" srcset=\"https:\/\/atecordoba.org\/wp-content\/uploads\/2020\/07\/reunion-san-francisco-300x225.jpeg 300w, https:\/\/atecordoba.org\/wp-content\/uploads\/2020\/07\/reunion-san-francisco.jpeg 720w\" sizes=\"auto, (max-width: 602px) 100vw, 602px\" \/><\/p>\n<p>Debido a los bajos que son los sueldos de las y los trabajadores jubilados que cumplieron toda una vida de servicio en la Municipalidad de San Francisco, muchos compa\u00f1eros y compa\u00f1eras eligen continuar desempe\u00f1\u00e1ndose en la comuna, una vez ingresados a situaci\u00f3n pasiva, cobrando planes de emergencia ocupacional.<\/p>\n<p>ATE mantuvo una reuni\u00f3n con autoridades de la Municipalidad para exigir que finalice modalidad de precarizaci\u00f3n, que impacta sobre las y los compa\u00f1eros pasivos y sobre el plantel del personal activo, toda vez que al mantener los puestos de trabajo cubiertos con jubilados el Ejecutivo evita la incorporaci\u00f3n de nuevo personal o el blanqueo de personal precarizado que viene pidiendo el pase a planta o contratos conforme la normativa vigente.<\/p>\n<p>En la oportunidad, compa\u00f1eros de ATE San Francisco, encabezados por Gladys Medina, se reunieron con el secretario de Servicios P\u00fablicos, Hobey Salv\u00e1tico y el director de Servicios Generales Dar\u00edo Muratore.<\/p>\n<p>&#8220;Les pedimos que dejen de hacer trabajar a las y los jubilados en modalidad de contrataci\u00f3n precaria, cobrando los planes de emergencia, para licuar los costos de servicios y mantener a la planta de trabajadores y trabajadoras activas en ficha situaci\u00f3n de contrataci\u00f3n&#8221;, explicaron desde San Francisco.<\/p>\n","protected":false},"excerpt":{"rendered":"<p>Debido a los bajos que son los sueldos de las y los trabajadores jubilados que cumplieron toda una vida de servicio en la Municipalidad de San Francisco, muchos compa\u00f1eros y compa\u00f1eras eligen continuar desempe\u00f1\u00e1ndose en la comuna, una vez ingresados a situaci\u00f3n pasiva, cobrando planes de emergencia ocupacional. ATE mantuvo una reuni\u00f3n con autoridades de [&hellip;]<\/p>\n","protected":false},"author":7,"featured_media":20957,"comment_status":"open","ping_status":"open","sticky":true,"template":"","format":"standard","meta":{"_exactmetrics_skip_tracking":false,"_exactmetrics_sitenote_active":false,"_exactmetrics_sitenote_note":"","_exactmetrics_sitenote_category":0,"jnews-multi-image_gallery":[],"jnews_single_post":{"source_name":"","source_url":"","via_name":"","via_url":"","override_template":"0","override":[{"template":"1","single_blog_custom":"","parallax":"1","fullscreen":"0","layout":"right-sidebar","sidebar":"default-sidebar","second_sidebar":"default-sidebar","sticky_sidebar":"1","share_position":"top","share_float_style":"share-monocrhome","show_share_counter":"1","show_view_counter":"1","show_featured":"1","show_post_meta":"1","show_post_author":"1","show_post_author_image":"1","show_post_date":"1","post_date_format":"default","post_date_format_custom":"Y\/m\/d","show_post_category":"1","show_post_reading_time":"0","post_reading_time_wpm":"300","show_zoom_button":"0","zoom_button_out_step":"2","zoom_button_in_step":"3","show_post_tag":"1","show_prev_next_post":"1","show_popup_post":"1","number_popup_post":"1","show_author_box":"0","show_post_related":"0","show_inline_post_related":"0"}],"override_image_size":"0","image_override":[{"single_post_thumbnail_size":"crop-500","single_post_gallery_size":"crop-500"}],"trending_post":"0","trending_post_position":"meta","trending_post_label":"Trending","sponsored_post":"0","sponsored_post_label":"Sponsored by","sponsored_post_name":"","sponsored_post_url":"","sponsored_post_logo_enable":"0","sponsored_post_logo":"","sponsored_post_desc":""},"jnews_primary_category":{"id":""},"jnews_social_meta":{"fb_title":"","fb_description":"","fb_image":"","twitter_title":"","twitter_description":"","twitter_image":""},"jnews_review":[],"enable_review":"0","type":"percentage","name":"","summary":"","brand":"","sku":"","good":[{"good_text":""}],"bad":[{"bad_text":""}],"score_override":"","override_value":"","rating":[{"rating_text":"","rating_number":"10"}],"price":[{"shop":"","price":"","link":"","icon":""}],"jnews_override_counter":{"override_view_counter":"0","view_counter_number":"0","override_share_counter":"0","share_counter_number":"0","override_like_counter":"0","like_counter_number":"0","override_dislike_counter":"0","dislike_counter_number":"0"},"jnews_post_split":{"enable_post_split":"0","post_split":[{"template":"1","tag":"h2","numbering":"asc","mode":"normal"}]},"footnotes":""},"categories":[20,148],"tags":[482,481],"class_list":["post-20952","post","type-post","status-publish","format-standard","has-post-thumbnail","hentry","category-municipales","category-san-justo","tag-municipalidad-de-san-francisco","tag-precarizacion"],"jetpack_featured_media_url":"https:\/\/atecordoba.org\/wp-content\/uploads\/2020\/07\/reunion-san-francisco.jpeg","_links":{"self":[{"href":"https:\/\/atecordoba.org\/index.php?rest_route=\/wp\/v2\/posts\/20952","targetHints":{"allow":["GET"]}}],"collection":[{"href":"https:\/\/atecordoba.org\/index.php?rest_route=\/wp\/v2\/posts"}],"about":[{"href":"https:\/\/atecordoba.org\/index.php?rest_route=\/wp\/v2\/types\/post"}],"author":[{"embeddable":true,"href":"https:\/\/atecordoba.org\/index.php?rest_route=\/wp\/v2\/users\/7"}],"replies":[{"embeddable":true,"href":"https:\/\/atecordoba.org\/index.php?rest_route=%2Fwp%2Fv2%2Fcomments&post=20952"}],"version-history":[{"count":4,"href":"https:\/\/atecordoba.org\/index.php?rest_route=\/wp\/v2\/posts\/20952\/revisions"}],"predecessor-version":[{"id":20961,"href":"https:\/\/atecordoba.org\/index.php?rest_route=\/wp\/v2\/posts\/20952\/revisions\/20961"}],"wp:featuredmedia":[{"embeddable":true,"href":"https:\/\/atecordoba.org\/index.php?rest_route=\/wp\/v2\/media\/20957"}],"wp:attachment":[{"href":"https:\/\/atecordoba.org\/index.php?rest_route=%2Fwp%2Fv2%2Fmedia&parent=20952"}],"wp:term":[{"taxonomy":"category","embeddable":true,"href":"https:\/\/atecordoba.org\/index.php?rest_route=%2Fwp%2Fv2%2Fcategories&post=20952"},{"taxonomy":"post_tag","embeddable":true,"href":"https:\/\/atecordoba.org\/index.php?rest_route=%2Fwp%2Fv2%2Ftags&post=20952"}],"curies":[{"name":"wp","href":"https:\/\/api.w.org\/{rel}","templated":true}]}}