{"id":20932,"date":"2020-07-29T11:43:32","date_gmt":"2020-07-29T14:43:32","guid":{"rendered":"https:\/\/atecordoba.org\/?p=20932"},"modified":"2020-07-29T11:43:32","modified_gmt":"2020-07-29T14:43:32","slug":"ley-no-10318-de-licencia-laboral-por-violencia-de-genero-para-trabajadoras-dependientes-de-la-provincia","status":"publish","type":"post","link":"https:\/\/atecordoba.org\/?p=20932","title":{"rendered":"LEY N\u00ba 10318 DE LICENCIA LABORAL POR VIOLENCIA DE G\u00c9NERO PARA TRABAJADORAS DEPENDIENTES DE LA PROVINCIA"},"content":{"rendered":"<p><strong>LEY N\u00ba 10318 DE LICENCIA LABORAL POR VIOLENCIA DE G\u00c9NERO PARA TRABAJADORAS DEPENDIENTES DE LA PROVINCIA<\/strong><\/p>\n<p><strong>Art\u00edculo 1\u00ba<\/strong>.-Los agentes dependientes del Poder Legislativo, del Poder Judicial, de la Defensor\u00eda del Pueblo, del Tribunal de Cuentas y -en el \u00e1mbito del Poder Ejecutivo- de la administraci\u00f3n centralizada, desconcentrada y descentralizada, entidades aut\u00e1rquicas, bancos, empresas, sociedades, sociedades del Estado y sociedades de econom\u00eda mixta del Estado Provincial, entes en los cuales el Estado Provincial sea titular de la participaci\u00f3n total o mayoritaria del capital o posea el poder de decisi\u00f3n, cualquiera sea su v\u00ednculo laboral o situaci\u00f3n de revista, gozar\u00e1n de una licencia de hasta un m\u00e1ximo de treinta d\u00edas por a\u00f1o calendario -continuos o discontinuos- , renovables excepcionalmente por igual per\u00edodo, como consecuencia del padecimiento de violencia familiar, de g\u00e9nero o contra la mujer, en los t\u00e9rminos de la Ley N\u00ba 9283 y de las Leyes Nacionales N\u00ba 26.485 y N\u00ba 26.743.<\/p>\n<p><strong>Art\u00edculo 2\u00ba<\/strong>.-Las autoridades de cada uno de los organismos mencionados en el art\u00edculo 1\u00ba de esta Ley efectuar\u00e1n -por v\u00eda\u00a0reglamentaria- las adecuaciones normativas que resulten pertinentes a los fines de incorporar en sus respectivos reg\u00edmenes laborales\u00a0la licencia que se establece por la presente Ley.<\/p>\n<p>&nbsp;<\/p>\n","protected":false},"excerpt":{"rendered":"<p>LEY N\u00ba 10318 DE LICENCIA LABORAL POR VIOLENCIA DE G\u00c9NERO PARA TRABAJADORAS DEPENDIENTES DE LA PROVINCIA Art\u00edculo 1\u00ba.-Los agentes dependientes del Poder Legislativo, del Poder Judicial, de la Defensor\u00eda del Pueblo, del Tribunal de Cuentas y -en el \u00e1mbito del Poder Ejecutivo- de la administraci\u00f3n centralizada, desconcentrada y descentralizada, entidades aut\u00e1rquicas, bancos, empresas, sociedades, sociedades [&hellip;]<\/p>\n","protected":false},"author":6,"featured_media":20922,"comment_status":"open","ping_status":"open","sticky":false,"template":"","format":"standard","meta":{"_exactmetrics_skip_tracking":false,"_exactmetrics_sitenote_active":false,"_exactmetrics_sitenote_note":"","_exactmetrics_sitenote_category":0,"jnews-multi-image_gallery":[],"jnews_single_post":{"source_name":"","source_url":"","via_name":"","via_url":"","override_template":"0","override":[{"template":"1","single_blog_custom":"","parallax":"1","fullscreen":"0","layout":"right-sidebar","sidebar":"default-sidebar","second_sidebar":"default-sidebar","sticky_sidebar":"1","share_position":"top","share_float_style":"share-monocrhome","show_share_counter":"1","show_view_counter":"1","show_featured":"1","show_post_meta":"1","show_post_author":"1","show_post_author_image":"1","show_post_date":"1","post_date_format":"default","post_date_format_custom":"Y\/m\/d","show_post_category":"1","show_post_reading_time":"0","post_reading_time_wpm":"300","show_zoom_button":"0","zoom_button_out_step":"2","zoom_button_in_step":"3","show_post_tag":"1","show_prev_next_post":"1","show_popup_post":"1","number_popup_post":"1","show_author_box":"0","show_post_related":"0","show_inline_post_related":"0"}],"override_image_size":"0","image_override":[{"single_post_thumbnail_size":"crop-500","single_post_gallery_size":"crop-500"}],"trending_post":"0","trending_post_position":"meta","trending_post_label":"Trending","sponsored_post":"0","sponsored_post_label":"Sponsored by","sponsored_post_name":"","sponsored_post_url":"","sponsored_post_logo_enable":"0","sponsored_post_logo":"","sponsored_post_desc":""},"jnews_primary_category":{"id":""},"jnews_social_meta":{"fb_title":"","fb_description":"","fb_image":"","twitter_title":"","twitter_description":"","twitter_image":""},"jnews_review":[],"enable_review":"0","type":"percentage","name":"","summary":"","brand":"","sku":"","good":[{"good_text":""}],"bad":[{"bad_text":""}],"score_override":"","override_value":"","rating":[{"rating_text":"","rating_number":"10"}],"price":[{"shop":"","price":"","link":"","icon":""}],"jnews_override_counter":{"override_view_counter":"0","view_counter_number":"0","override_share_counter":"0","share_counter_number":"0","override_like_counter":"0","like_counter_number":"0","override_dislike_counter":"0","dislike_counter_number":"0"},"jnews_post_split":{"enable_post_split":"0","post_split":[{"template":"1","tag":"h2","numbering":"asc","mode":"normal"}]},"footnotes":""},"categories":[85],"tags":[],"class_list":["post-20932","post","type-post","status-publish","format-standard","has-post-thumbnail","hentry","category-documentacion-provincial"],"jetpack_featured_media_url":"https:\/\/atecordoba.org\/wp-content\/uploads\/2020\/07\/Ate-Generos-Cordoba-gris-oscuro.png","_links":{"self":[{"href":"https:\/\/atecordoba.org\/index.php?rest_route=\/wp\/v2\/posts\/20932","targetHints":{"allow":["GET"]}}],"collection":[{"href":"https:\/\/atecordoba.org\/index.php?rest_route=\/wp\/v2\/posts"}],"about":[{"href":"https:\/\/atecordoba.org\/index.php?rest_route=\/wp\/v2\/types\/post"}],"author":[{"embeddable":true,"href":"https:\/\/atecordoba.org\/index.php?rest_route=\/wp\/v2\/users\/6"}],"replies":[{"embeddable":true,"href":"https:\/\/atecordoba.org\/index.php?rest_route=%2Fwp%2Fv2%2Fcomments&post=20932"}],"version-history":[{"count":1,"href":"https:\/\/atecordoba.org\/index.php?rest_route=\/wp\/v2\/posts\/20932\/revisions"}],"predecessor-version":[{"id":20933,"href":"https:\/\/atecordoba.org\/index.php?rest_route=\/wp\/v2\/posts\/20932\/revisions\/20933"}],"wp:featuredmedia":[{"embeddable":true,"href":"https:\/\/atecordoba.org\/index.php?rest_route=\/wp\/v2\/media\/20922"}],"wp:attachment":[{"href":"https:\/\/atecordoba.org\/index.php?rest_route=%2Fwp%2Fv2%2Fmedia&parent=20932"}],"wp:term":[{"taxonomy":"category","embeddable":true,"href":"https:\/\/atecordoba.org\/index.php?rest_route=%2Fwp%2Fv2%2Fcategories&post=20932"},{"taxonomy":"post_tag","embeddable":true,"href":"https:\/\/atecordoba.org\/index.php?rest_route=%2Fwp%2Fv2%2Ftags&post=20932"}],"curies":[{"name":"wp","href":"https:\/\/api.w.org\/{rel}","templated":true}]}}