{"id":20908,"date":"2020-07-29T14:25:12","date_gmt":"2020-07-29T17:25:12","guid":{"rendered":"https:\/\/atecordoba.org\/?p=20908"},"modified":"2020-07-29T15:36:25","modified_gmt":"2020-07-29T18:36:25","slug":"ate-exige-a-la-provincia-testeos-para-todo-el-equipo-de-salud","status":"publish","type":"post","link":"https:\/\/atecordoba.org\/?p=20908","title":{"rendered":"ATE exige a la Provincia testeos para todo el equipo de salud"},"content":{"rendered":"<p><img loading=\"lazy\" decoding=\"async\" class=\"wp-image-20969 aligncenter\" src=\"https:\/\/atecordoba.org\/wp-content\/uploads\/2020\/07\/29-07-Entrega-petitorio-UTS-ATE-foto-300x142.jpeg\" alt=\"\" width=\"763\" height=\"361\" srcset=\"https:\/\/atecordoba.org\/wp-content\/uploads\/2020\/07\/29-07-Entrega-petitorio-UTS-ATE-foto-300x142.jpeg 300w, https:\/\/atecordoba.org\/wp-content\/uploads\/2020\/07\/29-07-Entrega-petitorio-UTS-ATE-foto-1024x485.jpeg 1024w, https:\/\/atecordoba.org\/wp-content\/uploads\/2020\/07\/29-07-Entrega-petitorio-UTS-ATE-foto-768x364.jpeg 768w, https:\/\/atecordoba.org\/wp-content\/uploads\/2020\/07\/29-07-Entrega-petitorio-UTS-ATE-foto-750x355.jpeg 750w, https:\/\/atecordoba.org\/wp-content\/uploads\/2020\/07\/29-07-Entrega-petitorio-UTS-ATE-foto.jpeg 1032w\" sizes=\"auto, (max-width: 763px) 100vw, 763px\" \/><\/p>\n<p>En el marco del cuidado permanente de los equipos de salud, y ante la necesidad de extremar las precauciones para limitar la multiplicaci\u00f3n de contagios por Covid 19 durante la lucha contra la pandemia, <strong>el Consejo Directivo Provincial (CDP) de ATE exigi\u00f3 al Gobierno de la Provincia que se implementen los testeos a la totalidad de las y los trabajadores que integran el sistema en contacto con pacientes, o con compa\u00f1eros y compa\u00f1eras que lo hayan estado. <\/strong>Desde la organizaci\u00f3n, denunciaron<strong> que se est\u00e1 manejando con criterios economicistas la salud p\u00fablica durante la pandemia en la provincia de C\u00f3rdoba: &#8220;El COVID19 avanza y el Ministerio de Salud no toma cartas en el asunto. Por ello exigimos que la situaci\u00f3n deba manejarse con criterios sanitarios, no economicistas. Desde un punto de vista sanitario es evidente que debe haber m\u00e1s testeos. Si no hay insumos para realizarlos, deber\u00e1 salir a comprarse, arbitrando los medios para tal fin&#8221; <\/strong>remarc\u00f3 Hugo Dur\u00e1n, Secretario Adjunto del Consejo Directivo Provincial (CDP) de la Asociaci\u00f3n Trabajadores del Estado de la Provincia de C\u00f3rdoba, quien encabez\u00f3 la comitiva del sindicato, acompa\u00f1ado por Daniel Pawluchuzk, Secretario Gremial de la entidad<b>.<\/b><\/p>\n<p>El reclamo se realiz\u00f3 conjuntamente con la Uni\u00f3n de Trabajadores de la Salud (UTS), organizaci\u00f3n que integra la CTA Aut\u00f3noma junto con ATE.<\/p>\n<p>El CDP exigi\u00f3 que los hisopados se realicen de manera continua y sistem\u00e1tica tal como lo establecen las recomendaciones de la Organizaci\u00f3n Mundial de la Salud, y como lo habilita el decreto presidencial 260\/2020, de Emergencia Sanitaria Nacional, para \u00a0\u201casegurar el derecho de las personas a estar permanentemente informado sobre su estado de salud, el derecho a la atenci\u00f3n sin discriminaci\u00f3n y el derecho al trato digno, derechos todos ellos tambi\u00e9n en cabeza de las personas que trabajan en el servicio p\u00fablico de salud en nuestra Provincia&#8221;, expres\u00f3 Dur\u00e1n. &#8220;La decisi\u00f3n de suspender los testeos solo ha generado m\u00e1s preocupaci\u00f3n entre el personal comprendido en ambas leyes, la 7233 y la 7625 y para quienes cumplen tareas dentro de los hospitales aunque no est\u00e9n en relaci\u00f3n laboral directa con la provincia, como es el caso de los servicios de higiene o en algunos casos el de seguridad tambi\u00e9n&#8221;, remarc\u00f3 Dur\u00e1n quien expres\u00f3 que los testeos &#8220;no son una posibilidad, son una necesidad a la hora de proteger la salud de las y los trabajadores, sus familias y la sociedad en su conjunto ya que muchas de estas personas cumplen tareas en distintos establecimientos -hospitales, salas, cl\u00ednicas, consultorios-&#8220;.<\/p>\n<p>En tal sentido, la nota presentada destaca que \u201cla decisi\u00f3n gubernamental en materia sanitaria de restringir los an\u00e1lisis y\/o testeos de forma regular a los miembros del equipo de salud de la provincia, para limitarse s\u00f3lo a los casos que presentan s\u00edntomas, pone en riesgo la salud e integridad de dichos trabajadores y trabajadoras de la salud en la Provincia\u201d.<\/p>\n<p>\u201cEn efecto, desde el inicio de la pandemia, la OMS hizo reiteradamente hincapi\u00e9 en la necesidad de detectar, aislar, realizar pruebas y tratar todos los casos y rastrear todos los contactos. Y mucho m\u00e1s en el caso del personal de salud quien est\u00e1 en condiciones de propagar el virus producto del contacto cotidiano y quienes, lamentablemente, contaron con cifras importantes de contagios en Argentina y en todo el mundo\u201d, fundamenta la misiva.<\/p>\n<p>En consecuencia, Dur\u00e1n detall\u00f3 que ATE exige al Ministerio de Salud que \u201cordene la realizaci\u00f3n de todas las pruebas diagn\u00f3sticas de forma continua y sistem\u00e1tica para todo el personal de salud en un sentido amplio, incluyendo al personal de limpieza, log\u00edstica y administrativo\u201d, a los fines de \u201cresguardar los derechos de dichos trabajadores y trabajadoras y de sus familias que prestan un servicio esencial para toda la poblaci\u00f3n y los que deben encontrarse con condiciones de trabajo que enaltezcan su labor, reduciendo el margen de posibilidades de contagios para proteger su salud y su vida\u201d.<\/p>\n<p>Todo ello fundamentado en la normativa nacional que cre\u00f3 el \u201cPrograma de Protecci\u00f3n al Personal de Salud ante la pandemia de Coronavirus COVID-19\u201d, legislaci\u00f3n que cuenta con la adhesi\u00f3n provincial, seg\u00fan detalla la carta enviada a las autoridades.<\/p>\n<p>De la misma forma, ATE solicit\u00f3 \u201cde forma urgente e impostergable se arbitren todos los medios necesarios para disponer de nuevas incorporaciones de trabajadoras y trabajadoras al Equipo de Salud de la Provincia&#8221; ya que\u00a0 hoy se encuentra reducido en un 20 por ciento el personal. &#8220;A la ya hist\u00f3rica insuficiencia en la cantidad de personal, dicha circunstancia se encuentra agudizada en el marco de la actual pandemia, en virtud de la existencia de trabajadores\/as que integran los grupos de riesgos y en atenci\u00f3n a la mayor demanda en el servicio\u201d, destacaron en la carta entregada hoy.<\/p>\n<p>Este reclamo se realiza \u201cpara reguardar la salud psicof\u00edsica de los\/as trabajadores\/as a cuyo da\u00f1o se encuentran expuestos por la sobrecarga de trabajo, y las limitaciones existentes por la actual crisis sanitaria ocasionada por la pandemia\u201d.<\/p>\n<div id='gallery_1' class='gallery galleryid-20908 gallery-columns-3 gallery-size-thumbnail'><figure class='gallery-item'>\n                <div class='gallery-icon portrait'>\n                    <a href='https:\/\/atecordoba.org\/wp-content\/uploads\/2020\/07\/Petitorio-1.jpeg'><img loading=\"lazy\" decoding=\"async\" width=\"150\" height=\"150\" src=\"\" class=\"attachment-thumbnail size-thumbnail lazyload\" alt=\"\" data-src=\"https:\/\/atecordoba.org\/wp-content\/uploads\/2020\/07\/Petitorio-1-150x150.jpeg\" data-sizes=\"auto\" data-srcset=\"https:\/\/atecordoba.org\/wp-content\/uploads\/2020\/07\/Petitorio-1-150x150.jpeg 150w, https:\/\/atecordoba.org\/wp-content\/uploads\/2020\/07\/Petitorio-1-560x560.jpeg 560w, https:\/\/atecordoba.org\/wp-content\/uploads\/2020\/07\/Petitorio-1-75x75.jpeg 75w\" data-expand=\"700\" \/><\/a>\n                <\/div><\/figure><figure class='gallery-item'>\n                <div class='gallery-icon portrait'>\n                    <a href='https:\/\/atecordoba.org\/wp-content\/uploads\/2020\/07\/Petitorio-2.jpeg'><img loading=\"lazy\" decoding=\"async\" width=\"150\" height=\"150\" src=\"\" class=\"attachment-thumbnail size-thumbnail lazyload\" alt=\"\" data-src=\"https:\/\/atecordoba.org\/wp-content\/uploads\/2020\/07\/Petitorio-2-150x150.jpeg\" data-sizes=\"auto\" data-srcset=\"https:\/\/atecordoba.org\/wp-content\/uploads\/2020\/07\/Petitorio-2-150x150.jpeg 150w, https:\/\/atecordoba.org\/wp-content\/uploads\/2020\/07\/Petitorio-2-560x560.jpeg 560w, https:\/\/atecordoba.org\/wp-content\/uploads\/2020\/07\/Petitorio-2-75x75.jpeg 75w\" data-expand=\"700\" \/><\/a>\n                <\/div><\/figure><figure class='gallery-item'>\n                <div class='gallery-icon portrait'>\n                    <a href='https:\/\/atecordoba.org\/wp-content\/uploads\/2020\/07\/Petitorio-3.jpeg'><img loading=\"lazy\" decoding=\"async\" width=\"150\" height=\"150\" src=\"\" class=\"attachment-thumbnail size-thumbnail lazyload\" alt=\"\" data-src=\"https:\/\/atecordoba.org\/wp-content\/uploads\/2020\/07\/Petitorio-3-150x150.jpeg\" data-sizes=\"auto\" data-srcset=\"https:\/\/atecordoba.org\/wp-content\/uploads\/2020\/07\/Petitorio-3-150x150.jpeg 150w, https:\/\/atecordoba.org\/wp-content\/uploads\/2020\/07\/Petitorio-3-560x560.jpeg 560w, https:\/\/atecordoba.org\/wp-content\/uploads\/2020\/07\/Petitorio-3-75x75.jpeg 75w\" data-expand=\"700\" \/><\/a>\n                <\/div><\/figure><br style=\"clear: both\" \/><figure class='gallery-item'>\n                <div class='gallery-icon portrait'>\n                    <a href='https:\/\/atecordoba.org\/wp-content\/uploads\/2020\/07\/Petitorio-4.jpeg'><img loading=\"lazy\" decoding=\"async\" width=\"150\" height=\"150\" src=\"\" class=\"attachment-thumbnail size-thumbnail lazyload\" alt=\"\" data-src=\"https:\/\/atecordoba.org\/wp-content\/uploads\/2020\/07\/Petitorio-4-150x150.jpeg\" data-sizes=\"auto\" data-srcset=\"https:\/\/atecordoba.org\/wp-content\/uploads\/2020\/07\/Petitorio-4-150x150.jpeg 150w, https:\/\/atecordoba.org\/wp-content\/uploads\/2020\/07\/Petitorio-4-560x560.jpeg 560w, https:\/\/atecordoba.org\/wp-content\/uploads\/2020\/07\/Petitorio-4-75x75.jpeg 75w\" data-expand=\"700\" \/><\/a>\n                <\/div><\/figure><figure class='gallery-item'>\n                <div class='gallery-icon portrait'>\n                    <a href='https:\/\/atecordoba.org\/wp-content\/uploads\/2020\/07\/Petitorio-5.jpeg'><img loading=\"lazy\" decoding=\"async\" width=\"150\" height=\"150\" src=\"\" class=\"attachment-thumbnail size-thumbnail lazyload\" alt=\"\" data-src=\"https:\/\/atecordoba.org\/wp-content\/uploads\/2020\/07\/Petitorio-5-150x150.jpeg\" data-sizes=\"auto\" data-srcset=\"https:\/\/atecordoba.org\/wp-content\/uploads\/2020\/07\/Petitorio-5-150x150.jpeg 150w, https:\/\/atecordoba.org\/wp-content\/uploads\/2020\/07\/Petitorio-5-560x560.jpeg 560w, https:\/\/atecordoba.org\/wp-content\/uploads\/2020\/07\/Petitorio-5-75x75.jpeg 75w\" data-expand=\"700\" \/><\/a>\n                <\/div><\/figure><figure class='gallery-item'>\n                <div class='gallery-icon portrait'>\n                    <a href='https:\/\/atecordoba.org\/wp-content\/uploads\/2020\/07\/Petitorio-6-firmas.jpeg'><img loading=\"lazy\" decoding=\"async\" width=\"150\" height=\"150\" src=\"\" class=\"attachment-thumbnail size-thumbnail lazyload\" alt=\"\" data-src=\"https:\/\/atecordoba.org\/wp-content\/uploads\/2020\/07\/Petitorio-6-firmas-150x150.jpeg\" data-sizes=\"auto\" data-srcset=\"https:\/\/atecordoba.org\/wp-content\/uploads\/2020\/07\/Petitorio-6-firmas-150x150.jpeg 150w, https:\/\/atecordoba.org\/wp-content\/uploads\/2020\/07\/Petitorio-6-firmas-560x560.jpeg 560w, https:\/\/atecordoba.org\/wp-content\/uploads\/2020\/07\/Petitorio-6-firmas-75x75.jpeg 75w\" data-expand=\"700\" \/><\/a>\n                <\/div><\/figure><br style=\"clear: both\" \/>\n            <\/div>\n\n<p>&nbsp;<\/p>\n","protected":false},"excerpt":{"rendered":"<p>En el marco del cuidado permanente de los equipos de salud, y ante la necesidad de extremar las precauciones para limitar la multiplicaci\u00f3n de contagios por Covid 19 durante la lucha contra la pandemia, el Consejo Directivo Provincial (CDP) de ATE exigi\u00f3 al Gobierno de la Provincia que se implementen los testeos a la totalidad [&hellip;]<\/p>\n","protected":false},"author":7,"featured_media":20969,"comment_status":"open","ping_status":"open","sticky":false,"template":"","format":"standard","meta":{"_exactmetrics_skip_tracking":false,"_exactmetrics_sitenote_active":false,"_exactmetrics_sitenote_note":"","_exactmetrics_sitenote_category":0,"jnews-multi-image_gallery":[],"jnews_single_post":{"source_name":"","source_url":"","via_name":"","via_url":"","override_template":"0","override":[{"template":"1","single_blog_custom":"","parallax":"1","fullscreen":"0","layout":"right-sidebar","sidebar":"default-sidebar","second_sidebar":"default-sidebar","sticky_sidebar":"1","share_position":"top","share_float_style":"share-monocrhome","show_share_counter":"1","show_view_counter":"1","show_featured":"1","show_post_meta":"1","show_post_author":"1","show_post_author_image":"1","show_post_date":"1","post_date_format":"default","post_date_format_custom":"Y\/m\/d","show_post_category":"1","show_post_reading_time":"0","post_reading_time_wpm":"300","show_zoom_button":"0","zoom_button_out_step":"2","zoom_button_in_step":"3","show_post_tag":"1","show_prev_next_post":"1","show_popup_post":"1","number_popup_post":"1","show_author_box":"0","show_post_related":"0","show_inline_post_related":"0"}],"override_image_size":"0","image_override":[{"single_post_thumbnail_size":"crop-500","single_post_gallery_size":"crop-500"}],"trending_post":"0","trending_post_position":"meta","trending_post_label":"Trending","sponsored_post":"0","sponsored_post_label":"Sponsored by","sponsored_post_name":"","sponsored_post_url":"","sponsored_post_logo_enable":"0","sponsored_post_logo":"","sponsored_post_desc":""},"jnews_primary_category":{"id":""},"jnews_social_meta":{"fb_title":"","fb_description":"","fb_image":"","twitter_title":"","twitter_description":"","twitter_image":""},"jnews_review":[],"enable_review":"0","type":"percentage","name":"","summary":"","brand":"","sku":"","good":[{"good_text":""}],"bad":[{"bad_text":""}],"score_override":"","override_value":"","rating":[{"rating_text":"","rating_number":"10"}],"price":[{"shop":"","price":"","link":"","icon":""}],"jnews_override_counter":{"override_view_counter":"0","view_counter_number":"0","override_share_counter":"0","share_counter_number":"0","override_like_counter":"0","like_counter_number":"0","override_dislike_counter":"0","dislike_counter_number":"0"},"jnews_post_split":{"enable_post_split":"0","post_split":[{"template":"1","tag":"h2","numbering":"asc","mode":"normal"}]},"footnotes":""},"categories":[341,104,400,8],"tags":[26,357,358,480,476,420,478,477,469,459,479],"class_list":["post-20908","post","type-post","status-publish","format-standard","has-post-thumbnail","hentry","category-cdp","category-departamento-de-salud","category-estamentos","category-provinciales","tag-ate","tag-coronavirus","tag-covid-19","tag-ctaa","tag-equipos-de-salud","tag-gobierno-de-cordoba","tag-hisopados","tag-hospitales","tag-ministerio-de-salud","tag-testeos","tag-uts"],"jetpack_featured_media_url":"https:\/\/atecordoba.org\/wp-content\/uploads\/2020\/07\/29-07-Entrega-petitorio-UTS-ATE-foto.jpeg","_links":{"self":[{"href":"https:\/\/atecordoba.org\/index.php?rest_route=\/wp\/v2\/posts\/20908","targetHints":{"allow":["GET"]}}],"collection":[{"href":"https:\/\/atecordoba.org\/index.php?rest_route=\/wp\/v2\/posts"}],"about":[{"href":"https:\/\/atecordoba.org\/index.php?rest_route=\/wp\/v2\/types\/post"}],"author":[{"embeddable":true,"href":"https:\/\/atecordoba.org\/index.php?rest_route=\/wp\/v2\/users\/7"}],"replies":[{"embeddable":true,"href":"https:\/\/atecordoba.org\/index.php?rest_route=%2Fwp%2Fv2%2Fcomments&post=20908"}],"version-history":[{"count":10,"href":"https:\/\/atecordoba.org\/index.php?rest_route=\/wp\/v2\/posts\/20908\/revisions"}],"predecessor-version":[{"id":20984,"href":"https:\/\/atecordoba.org\/index.php?rest_route=\/wp\/v2\/posts\/20908\/revisions\/20984"}],"wp:featuredmedia":[{"embeddable":true,"href":"https:\/\/atecordoba.org\/index.php?rest_route=\/wp\/v2\/media\/20969"}],"wp:attachment":[{"href":"https:\/\/atecordoba.org\/index.php?rest_route=%2Fwp%2Fv2%2Fmedia&parent=20908"}],"wp:term":[{"taxonomy":"category","embeddable":true,"href":"https:\/\/atecordoba.org\/index.php?rest_route=%2Fwp%2Fv2%2Fcategories&post=20908"},{"taxonomy":"post_tag","embeddable":true,"href":"https:\/\/atecordoba.org\/index.php?rest_route=%2Fwp%2Fv2%2Ftags&post=20908"}],"curies":[{"name":"wp","href":"https:\/\/api.w.org\/{rel}","templated":true}]}}