{"id":20899,"date":"2020-07-28T16:24:52","date_gmt":"2020-07-28T19:24:52","guid":{"rendered":"https:\/\/atecordoba.org\/?p=20899"},"modified":"2020-07-30T10:09:33","modified_gmt":"2020-07-30T13:09:33","slug":"ate-rio-cuarto-hace-pie-en-dos-nuevos-sectores-durante-la-cuarentena","status":"publish","type":"post","link":"https:\/\/atecordoba.org\/?p=20899","title":{"rendered":"ATE R\u00edo Cuarto hace pie en dos nuevos sectores durante la cuarentena"},"content":{"rendered":"<p><img loading=\"lazy\" decoding=\"async\" class=\" wp-image-20902 aligncenter\" src=\"https:\/\/atecordoba.org\/wp-content\/uploads\/2020\/07\/alcoba-3-300x189.jpg\" alt=\"\" width=\"605\" height=\"381\" srcset=\"https:\/\/atecordoba.org\/wp-content\/uploads\/2020\/07\/alcoba-3-300x189.jpg 300w, https:\/\/atecordoba.org\/wp-content\/uploads\/2020\/07\/alcoba-3.jpg 514w\" sizes=\"auto, (max-width: 605px) 100vw, 605px\" \/>La seccional R\u00edo Cuarto est\u00e1 en proceso de crecimiento organizativo, sumando sectores de representaci\u00f3n y consolidando presencia en otros.<\/p>\n<p>Muestra de ello fue la coordinaci\u00f3n de un grupo de compa\u00f1eras y compa\u00f1eros docentes de la Provincia. &#8220;La primera actividad realizada fue una charla sobre la situaci\u00f3n previsional en C\u00f3rdoba, tras la aprobaci\u00f3n de la nueva ley provincial&#8221;, explic\u00f3 la secretaria General de la seccional, Rafaela Alcoba.<\/p>\n<p>De la misma forma, la semana pasada la conducci\u00f3n local de ATE mantuvo pasada una audiencia en el Hospital Regional de R\u00edo Cuarto. &#8220;Fuimos a buscar respuestas al primer petitorio presentado. En la oportunidad propusimos que se incorpore un miembro del equipo de salud mental al comit\u00e9 de infectolog\u00eda dentro del hospital. Estamos a la espera de una respuesta positiva&#8221;.<img loading=\"lazy\" decoding=\"async\" class=\" wp-image-20901 alignright\" src=\"https:\/\/atecordoba.org\/wp-content\/uploads\/2020\/07\/seccional-rio-4\u00ba-300x225.jpg\" alt=\"\" width=\"563\" height=\"422\" srcset=\"https:\/\/atecordoba.org\/wp-content\/uploads\/2020\/07\/seccional-rio-4\u00ba-300x225.jpg 300w, https:\/\/atecordoba.org\/wp-content\/uploads\/2020\/07\/seccional-rio-4\u00ba-768x576.jpg 768w, https:\/\/atecordoba.org\/wp-content\/uploads\/2020\/07\/seccional-rio-4\u00ba-750x563.jpg 750w, https:\/\/atecordoba.org\/wp-content\/uploads\/2020\/07\/seccional-rio-4\u00ba.jpg 900w\" sizes=\"auto, (max-width: 563px) 100vw, 563px\" \/><\/p>\n<p>La dirigente relat\u00f3 que otro avance significativo en esa misma l\u00ednea fue la incorporaci\u00f3n de otro integrante de ese equipo &#8220;a la mesa sanitaria del COE, desde una propuesta que surgi\u00f3 de ATE, para que las medidas tomadas tengan un an\u00e1lisis desde la salud mental de la poblaci\u00f3n&#8221;.<\/p>\n<p><strong>Consolidaci\u00f3n<\/strong><\/p>\n<p>A su vez, la seccional est\u00e1 en proceso de reapertura de paritarias en los municipios de la seccional. &#8220;Trabajamos generando una instancia de dialogo, previamente acordada, para modificar el Estatuto Municipal en la localidad de Las Acequias&#8221;, explic\u00f3 Rafaela Alcoba. En ese sentido, la seccional particip\u00f3 tambi\u00e9n del plenario provincial de trabajadoras y trabajadores municipales de C\u00f3rdoba, realizado v\u00eda virtual.<\/p>\n<p>&#8220;En sectores nacionales -agreg\u00f3- se realiz\u00f3 un plenario por zoom con delegadas y delegados la semana pasada. La idea fue hacer un recorrido para saber en qu\u00e9 instancia se encuentra cada una de las \u00e1reas en cuanto a presencia en los lugares de trabajo&#8221;.<\/p>\n<p>Por \u00faltimo, Alcoba se\u00f1al\u00f3 que mantuvo &#8220;una audiencia con las autoridades del \u00c1rea Material R\u00edo Cuarto, realizando una presentaci\u00f3n institucional y sumamos dos propuestas de protocolos de trabajo, previendo el regreso de las y los trabajadores tras la cuarentena&#8221;.<\/p>\n<p>La seccional se encuentra, adem\u00e1s,\u00a0 planificando como abordar desde nuestro gremio los festejos por el pr\u00f3ximo d\u00eda del ni\u00f1o y la ni\u00f1a.<\/p>\n","protected":false},"excerpt":{"rendered":"<p>La seccional R\u00edo Cuarto est\u00e1 en proceso de crecimiento organizativo, sumando sectores de representaci\u00f3n y consolidando presencia en otros. Muestra de ello fue la coordinaci\u00f3n de un grupo de compa\u00f1eras y compa\u00f1eros docentes de la Provincia. &#8220;La primera actividad realizada fue una charla sobre la situaci\u00f3n previsional en C\u00f3rdoba, tras la aprobaci\u00f3n de la nueva [&hellip;]<\/p>\n","protected":false},"author":7,"featured_media":20902,"comment_status":"open","ping_status":"open","sticky":true,"template":"","format":"standard","meta":{"_exactmetrics_skip_tracking":false,"_exactmetrics_sitenote_active":false,"_exactmetrics_sitenote_note":"","_exactmetrics_sitenote_category":0,"jnews-multi-image_gallery":[],"jnews_single_post":{"source_name":"","source_url":"","via_name":"","via_url":"","override_template":"0","override":[{"template":"1","single_blog_custom":"","parallax":"1","fullscreen":"0","layout":"right-sidebar","sidebar":"default-sidebar","second_sidebar":"default-sidebar","sticky_sidebar":"1","share_position":"top","share_float_style":"share-monocrhome","show_share_counter":"1","show_view_counter":"1","show_featured":"1","show_post_meta":"1","show_post_author":"1","show_post_author_image":"1","show_post_date":"1","post_date_format":"default","post_date_format_custom":"Y\/m\/d","show_post_category":"1","show_post_reading_time":"0","post_reading_time_wpm":"300","show_zoom_button":"0","zoom_button_out_step":"2","zoom_button_in_step":"3","show_post_tag":"1","show_prev_next_post":"1","show_popup_post":"1","number_popup_post":"1","show_author_box":"0","show_post_related":"0","show_inline_post_related":"0"}],"override_image_size":"0","image_override":[{"single_post_thumbnail_size":"crop-500","single_post_gallery_size":"crop-500"}],"trending_post":"0","trending_post_position":"meta","trending_post_label":"Trending","sponsored_post":"0","sponsored_post_label":"Sponsored by","sponsored_post_name":"","sponsored_post_url":"","sponsored_post_logo_enable":"0","sponsored_post_logo":"","sponsored_post_desc":""},"jnews_primary_category":{"id":""},"jnews_social_meta":{"fb_title":"","fb_description":"","fb_image":"","twitter_title":"","twitter_description":"","twitter_image":""},"jnews_review":[],"enable_review":"0","type":"percentage","name":"","summary":"","brand":"","sku":"","good":[{"good_text":""}],"bad":[{"bad_text":""}],"score_override":"","override_value":"","rating":[{"rating_text":"","rating_number":"10"}],"price":[{"shop":"","price":"","link":"","icon":""}],"jnews_override_counter":{"override_view_counter":"0","view_counter_number":"0","override_share_counter":"0","share_counter_number":"0","override_like_counter":"0","like_counter_number":"0","override_dislike_counter":"0","dislike_counter_number":"0"},"jnews_post_split":{"enable_post_split":"0","post_split":[{"template":"1","tag":"h2","numbering":"asc","mode":"normal"}]},"footnotes":""},"categories":[20,18,8,12,34,1],"tags":[475,471,472,473,474],"class_list":["post-20899","post","type-post","status-publish","format-standard","has-post-thumbnail","hentry","category-municipales","category-nacionales","category-provinciales","category-rio-cuarto","category-seccionales","category-sin-categoria","tag-araa-material-rio-cuarto","tag-crecimiento-organizativo","tag-hospital-regional-rio-cuarto","tag-ministerio-de-educacion","tag-reapertura-de-paritarias"],"jetpack_featured_media_url":"https:\/\/atecordoba.org\/wp-content\/uploads\/2020\/07\/alcoba-3.jpg","_links":{"self":[{"href":"https:\/\/atecordoba.org\/index.php?rest_route=\/wp\/v2\/posts\/20899","targetHints":{"allow":["GET"]}}],"collection":[{"href":"https:\/\/atecordoba.org\/index.php?rest_route=\/wp\/v2\/posts"}],"about":[{"href":"https:\/\/atecordoba.org\/index.php?rest_route=\/wp\/v2\/types\/post"}],"author":[{"embeddable":true,"href":"https:\/\/atecordoba.org\/index.php?rest_route=\/wp\/v2\/users\/7"}],"replies":[{"embeddable":true,"href":"https:\/\/atecordoba.org\/index.php?rest_route=%2Fwp%2Fv2%2Fcomments&post=20899"}],"version-history":[{"count":7,"href":"https:\/\/atecordoba.org\/index.php?rest_route=\/wp\/v2\/posts\/20899\/revisions"}],"predecessor-version":[{"id":20985,"href":"https:\/\/atecordoba.org\/index.php?rest_route=\/wp\/v2\/posts\/20899\/revisions\/20985"}],"wp:featuredmedia":[{"embeddable":true,"href":"https:\/\/atecordoba.org\/index.php?rest_route=\/wp\/v2\/media\/20902"}],"wp:attachment":[{"href":"https:\/\/atecordoba.org\/index.php?rest_route=%2Fwp%2Fv2%2Fmedia&parent=20899"}],"wp:term":[{"taxonomy":"category","embeddable":true,"href":"https:\/\/atecordoba.org\/index.php?rest_route=%2Fwp%2Fv2%2Fcategories&post=20899"},{"taxonomy":"post_tag","embeddable":true,"href":"https:\/\/atecordoba.org\/index.php?rest_route=%2Fwp%2Fv2%2Ftags&post=20899"}],"curies":[{"name":"wp","href":"https:\/\/api.w.org\/{rel}","templated":true}]}}