{"id":20892,"date":"2020-07-28T13:51:16","date_gmt":"2020-07-28T16:51:16","guid":{"rendered":"https:\/\/atecordoba.org\/?p=20892"},"modified":"2020-07-28T14:07:20","modified_gmt":"2020-07-28T17:07:20","slug":"el-gobierno-anuncia-la-reactivacion-de-la-produccion-para-la-defensa-en-fabricaciones-militares-y-fadea","status":"publish","type":"post","link":"https:\/\/atecordoba.org\/?p=20892","title":{"rendered":"El gobierno anuncia la reactivaci\u00f3n de la producci\u00f3n para la defensa en Fabricaciones Militares y Fadea"},"content":{"rendered":"<p><img loading=\"lazy\" decoding=\"async\" class=\" wp-image-20893 aligncenter\" src=\"https:\/\/atecordoba.org\/wp-content\/uploads\/2020\/07\/rossi-300x147.png\" alt=\"\" width=\"605\" height=\"296\" srcset=\"https:\/\/atecordoba.org\/wp-content\/uploads\/2020\/07\/rossi-300x147.png 300w, https:\/\/atecordoba.org\/wp-content\/uploads\/2020\/07\/rossi-768x377.png 768w, https:\/\/atecordoba.org\/wp-content\/uploads\/2020\/07\/rossi-750x368.png 750w, https:\/\/atecordoba.org\/wp-content\/uploads\/2020\/07\/rossi.png 973w\" sizes=\"auto, (max-width: 605px) 100vw, 605px\" \/><\/p>\n<p>En una entrevista realizada con el canal Telediario, de R\u00edo Cuarto, el ministro de Defensa, Agust\u00edn Rossi, explic\u00f3 los proyectos de la cartera a su cargo en la producci\u00f3n para la defensa, que tienen fuerte impacto en C\u00f3rdoba debido a la presencia de dos grandes plantas productivas de la Direcci\u00f3n General de Fabricaciones Militares (DGFM), en R\u00edo Tercero y Villa Mar\u00eda, y de Fadea -la hist\u00f3rica f\u00e1brica de aviones- en C\u00f3rdoba Capital.<\/p>\n<p>Rossi celebr\u00f3 el convenio entre DGFM y el Ministerio de Transporte y adelant\u00f3 el cronograma de trabajos que lleva adelante la planta de Ruta 20, en l\u00ednea con lo que ATE viene reclamando hist\u00f3ricamente: la reactivaci\u00f3n del complejo de la Producci\u00f3n de Defensa para la Soberan\u00eda Nacional, tanto por el impacto en la generaci\u00f3n de puestos de trabajo y su correlato en la actividad econ\u00f3mica, como en su importancia para los intereses nacionales.<\/p>\n<p>En ese marco, el secretario General del Consejo Directivo Provincial, Federico Giuliani, destac\u00f3 el anuncio y dijo que &#8220;nos genera expectativa ya que es lo que venimos planteando. La reactivaci\u00f3n productiva en las f\u00e1bricas militares y en Fadea nos va a permitir la reincorporaci\u00f3n de las y los despedidos de manera injusta del macrismo. En ese sentido, saludamos los anuncios y esperamos que se hagan realidad&#8221;.<\/p>\n<p><img loading=\"lazy\" decoding=\"async\" class=\" wp-image-20894 aligncenter\" src=\"https:\/\/atecordoba.org\/wp-content\/uploads\/2020\/07\/giuliani-marcha-300x200.jpeg\" alt=\"\" width=\"608\" height=\"405\" srcset=\"https:\/\/atecordoba.org\/wp-content\/uploads\/2020\/07\/giuliani-marcha-300x200.jpeg 300w, https:\/\/atecordoba.org\/wp-content\/uploads\/2020\/07\/giuliani-marcha-1024x682.jpeg 1024w, https:\/\/atecordoba.org\/wp-content\/uploads\/2020\/07\/giuliani-marcha-768x512.jpeg 768w, https:\/\/atecordoba.org\/wp-content\/uploads\/2020\/07\/giuliani-marcha-750x500.jpeg 750w, https:\/\/atecordoba.org\/wp-content\/uploads\/2020\/07\/giuliani-marcha-1140x760.jpeg 1140w, https:\/\/atecordoba.org\/wp-content\/uploads\/2020\/07\/giuliani-marcha.jpeg 1280w\" sizes=\"auto, (max-width: 608px) 100vw, 608px\" \/><\/p>\n<p>En primer t\u00e9rmino, Rossi explic\u00f3 que &#8220;la firma del convenio con el Ministerio de Transporte para proveerle vagones tolva a ferrocarriles es una buena noticia. El proyecto se realizar\u00e1 en la F\u00e1brica Militar de R\u00edo Tercero: son 60 vagones y antes de fin de a\u00f1o estar\u00e1n entreg\u00e1ndose los primeros 10&#8221;.<\/p>\n<p>Seguidamente, el ministro relat\u00f3 los proyectos que Fadea est\u00e1 llevando adelante. &#8220;La f\u00e1brica es un orgullo y es donde la Argentina, el Estado, tiene que seguir invirtiendo&#8221;, dijo Rossi. &#8220;Con flujo de recursos y tareas sin duda que se va \u00a0a ver potenciada. Seguimos con los planes que tiene la Fuerza A\u00e9rea: el avi\u00f3n Pampa, la remotorizaci\u00f3n de los aviones Pucar\u00e1, un viejo proyecto que ten\u00edamos en 2014-2015 que fue discontinuado por la gesti\u00f3n anterior y que ahora lo estamos llevando adelante nuevamente. Tambi\u00e9n estamos trabajando en algunas otras iniciativas como por ejemplo empezar a dise\u00f1ar un avi\u00f3n en entrenamiento b\u00e1sico, el IA100, que estamos consiguiendo el financiamiento para hacer el prototipo&#8221;.<\/p>\n<p>El titular de la cartera de Defensa, agreg\u00f3 que &#8220;seguimos trabajando con el mantenimiento de los H\u00e9rcules E130 y todos los aviones de la FA, refuncionalizando una serie de helic\u00f3pteros del Ej\u00e9rcito, de la serie AB. Fadea ya entreg\u00f3 este a\u00f1o cuatro o cinco al Ej\u00e9rcito, tambi\u00e9n entreg\u00f3 un Pampa a la FA&#8221;.<\/p>\n<p>&nbsp;<\/p>\n","protected":false},"excerpt":{"rendered":"<p>En una entrevista realizada con el canal Telediario, de R\u00edo Cuarto, el ministro de Defensa, Agust\u00edn Rossi, explic\u00f3 los proyectos de la cartera a su cargo en la producci\u00f3n para la defensa, que tienen fuerte impacto en C\u00f3rdoba debido a la presencia de dos grandes plantas productivas de la Direcci\u00f3n General de Fabricaciones Militares (DGFM), [&hellip;]<\/p>\n","protected":false},"author":7,"featured_media":20894,"comment_status":"open","ping_status":"open","sticky":true,"template":"","format":"standard","meta":{"_exactmetrics_skip_tracking":false,"_exactmetrics_sitenote_active":false,"_exactmetrics_sitenote_note":"","_exactmetrics_sitenote_category":0,"jnews-multi-image_gallery":[],"jnews_single_post":{"source_name":"","source_url":"","via_name":"","via_url":"","override_template":"0","override":[{"template":"1","single_blog_custom":"","parallax":"1","fullscreen":"0","layout":"right-sidebar","sidebar":"default-sidebar","second_sidebar":"default-sidebar","sticky_sidebar":"1","share_position":"top","share_float_style":"share-monocrhome","show_share_counter":"1","show_view_counter":"1","show_featured":"1","show_post_meta":"1","show_post_author":"1","show_post_author_image":"1","show_post_date":"1","post_date_format":"default","post_date_format_custom":"Y\/m\/d","show_post_category":"1","show_post_reading_time":"0","post_reading_time_wpm":"300","show_zoom_button":"0","zoom_button_out_step":"2","zoom_button_in_step":"3","show_post_tag":"1","show_prev_next_post":"1","show_popup_post":"1","number_popup_post":"1","show_author_box":"0","show_post_related":"0","show_inline_post_related":"0"}],"override_image_size":"0","image_override":[{"single_post_thumbnail_size":"crop-500","single_post_gallery_size":"crop-500"}],"trending_post":"0","trending_post_position":"meta","trending_post_label":"Trending","sponsored_post":"0","sponsored_post_label":"Sponsored by","sponsored_post_name":"","sponsored_post_url":"","sponsored_post_logo_enable":"0","sponsored_post_logo":"","sponsored_post_desc":""},"jnews_primary_category":{"id":""},"jnews_social_meta":{"fb_title":"","fb_description":"","fb_image":"","twitter_title":"","twitter_description":"","twitter_image":""},"jnews_review":[],"enable_review":"0","type":"percentage","name":"","summary":"","brand":"","sku":"","good":[{"good_text":""}],"bad":[{"bad_text":""}],"score_override":"","override_value":"","rating":[{"rating_text":"","rating_number":"10"}],"price":[{"shop":"","price":"","link":"","icon":""}],"jnews_override_counter":{"override_view_counter":"0","view_counter_number":"0","override_share_counter":"0","share_counter_number":"0","override_like_counter":"0","like_counter_number":"0","override_dislike_counter":"0","dislike_counter_number":"0"},"jnews_post_split":{"enable_post_split":"0","post_split":[{"template":"1","tag":"h2","numbering":"asc","mode":"normal"}]},"footnotes":""},"categories":[10,341,152,18,13,1,14],"tags":[434,165],"class_list":["post-20892","post","type-post","status-publish","format-standard","has-post-thumbnail","hentry","category-accion-politica","category-cdp","category-despedidos","category-nacionales","category-rio-tercero","category-sin-categoria","category-villa-maria","tag-fabricaciones-militares","tag-fadea"],"jetpack_featured_media_url":"https:\/\/atecordoba.org\/wp-content\/uploads\/2020\/07\/giuliani-marcha.jpeg","_links":{"self":[{"href":"https:\/\/atecordoba.org\/index.php?rest_route=\/wp\/v2\/posts\/20892","targetHints":{"allow":["GET"]}}],"collection":[{"href":"https:\/\/atecordoba.org\/index.php?rest_route=\/wp\/v2\/posts"}],"about":[{"href":"https:\/\/atecordoba.org\/index.php?rest_route=\/wp\/v2\/types\/post"}],"author":[{"embeddable":true,"href":"https:\/\/atecordoba.org\/index.php?rest_route=\/wp\/v2\/users\/7"}],"replies":[{"embeddable":true,"href":"https:\/\/atecordoba.org\/index.php?rest_route=%2Fwp%2Fv2%2Fcomments&post=20892"}],"version-history":[{"count":2,"href":"https:\/\/atecordoba.org\/index.php?rest_route=\/wp\/v2\/posts\/20892\/revisions"}],"predecessor-version":[{"id":20896,"href":"https:\/\/atecordoba.org\/index.php?rest_route=\/wp\/v2\/posts\/20892\/revisions\/20896"}],"wp:featuredmedia":[{"embeddable":true,"href":"https:\/\/atecordoba.org\/index.php?rest_route=\/wp\/v2\/media\/20894"}],"wp:attachment":[{"href":"https:\/\/atecordoba.org\/index.php?rest_route=%2Fwp%2Fv2%2Fmedia&parent=20892"}],"wp:term":[{"taxonomy":"category","embeddable":true,"href":"https:\/\/atecordoba.org\/index.php?rest_route=%2Fwp%2Fv2%2Fcategories&post=20892"},{"taxonomy":"post_tag","embeddable":true,"href":"https:\/\/atecordoba.org\/index.php?rest_route=%2Fwp%2Fv2%2Ftags&post=20892"}],"curies":[{"name":"wp","href":"https:\/\/api.w.org\/{rel}","templated":true}]}}