{"id":20886,"date":"2020-07-28T11:02:19","date_gmt":"2020-07-28T14:02:19","guid":{"rendered":"https:\/\/atecordoba.org\/?p=20886"},"modified":"2020-07-28T14:08:41","modified_gmt":"2020-07-28T17:08:41","slug":"la-provincia-extiende-los-plazos-para-la-reapertura-del-consultorio-de-salud-mental-de-villa-libertador","status":"publish","type":"post","link":"https:\/\/atecordoba.org\/?p=20886","title":{"rendered":"Villa Libertador: la Provincia sigue vulnerando los derechos de comunidad y trabajadores"},"content":{"rendered":"<p><img loading=\"lazy\" decoding=\"async\" class=\" wp-image-20887 aligncenter\" src=\"https:\/\/atecordoba.org\/wp-content\/uploads\/2020\/07\/WhatsApp-Image-2020-07-28-at-10.26.32-300x188.jpeg\" alt=\"\" width=\"602\" height=\"377\" srcset=\"https:\/\/atecordoba.org\/wp-content\/uploads\/2020\/07\/WhatsApp-Image-2020-07-28-at-10.26.32-300x188.jpeg 300w, https:\/\/atecordoba.org\/wp-content\/uploads\/2020\/07\/WhatsApp-Image-2020-07-28-at-10.26.32-1024x640.jpeg 1024w, https:\/\/atecordoba.org\/wp-content\/uploads\/2020\/07\/WhatsApp-Image-2020-07-28-at-10.26.32-768x480.jpeg 768w, https:\/\/atecordoba.org\/wp-content\/uploads\/2020\/07\/WhatsApp-Image-2020-07-28-at-10.26.32-750x469.jpeg 750w, https:\/\/atecordoba.org\/wp-content\/uploads\/2020\/07\/WhatsApp-Image-2020-07-28-at-10.26.32-1140x713.jpeg 1140w, https:\/\/atecordoba.org\/wp-content\/uploads\/2020\/07\/WhatsApp-Image-2020-07-28-at-10.26.32.jpeg 1280w\" sizes=\"auto, (max-width: 602px) 100vw, 602px\" \/>Las trabajadoras del Centro de Salud Mental de Villa Libertador, que fue clausurado en abril por refacciones, mantuvieron ayer una reuni\u00f3n con la conducci\u00f3n de ATE para evaluar los pasos a seguir, en el marco de los reclamos que tanto las compa\u00f1eras como la comunidad del barrio vienen realizando por reapertura de un espacio fundamental en el sector por su trayectoria y reconocimiento social.<\/p>\n<p>En el encuentro de tipo virtual participaron el secretario General de ATE C\u00f3rdoba, Federico Giuliani, la secretaria de Interior, Edith Innamorato, y la asesora legal, Mar\u00eda Terragno.<\/p>\n<p>Vale se\u00f1alar que en\u00a0horas de la ma\u00f1ana de ayer las trabajadoras se presentaron en en Tilcara 1428, al cumplirse el plazo notificado por la Secretar\u00eda de Salud Mental para la reapertura de la sede. La coordinadora de \u00c1rea de Atenci\u00f3n Comunitaria, Adriana S\u00e1nchez, se aperson\u00f3 m\u00e1s tarde, informando que a partir de este d\u00eda reci\u00e9n comenzar\u00edan los trabajos de refacci\u00f3n, pasados casi cuatro meses de su clausura.<\/p>\n<p><img loading=\"lazy\" decoding=\"async\" class=\" wp-image-20888 aligncenter\" src=\"https:\/\/atecordoba.org\/wp-content\/uploads\/2020\/07\/WhatsApp-Image-2020-07-28-at-10.10.09-300x225.jpeg\" alt=\"\" width=\"602\" height=\"451\" srcset=\"https:\/\/atecordoba.org\/wp-content\/uploads\/2020\/07\/WhatsApp-Image-2020-07-28-at-10.10.09-300x225.jpeg 300w, https:\/\/atecordoba.org\/wp-content\/uploads\/2020\/07\/WhatsApp-Image-2020-07-28-at-10.10.09-1024x768.jpeg 1024w, https:\/\/atecordoba.org\/wp-content\/uploads\/2020\/07\/WhatsApp-Image-2020-07-28-at-10.10.09-768x576.jpeg 768w, https:\/\/atecordoba.org\/wp-content\/uploads\/2020\/07\/WhatsApp-Image-2020-07-28-at-10.10.09-750x563.jpeg 750w, https:\/\/atecordoba.org\/wp-content\/uploads\/2020\/07\/WhatsApp-Image-2020-07-28-at-10.10.09.jpeg 1032w\" sizes=\"auto, (max-width: 602px) 100vw, 602px\" \/><\/p>\n<p>&nbsp;<\/p>\n<p>Cabe recordar que dos de las psic\u00f3logas no cuentan con lugar de trabajo desde la clausura debido a que el gobierno nunca efectiviz\u00f3 su traslado por 30 d\u00edas al Hospital Pr\u00edncipe de Asturias, tal como las hab\u00eda notificado. Cumplido el plazo, las compa\u00f1eras no tienen consultorio donde realizar y la comunidad donde atenderse, frente a un servicio esencial durante la pandemia para la salud de los habitantes del barrio.<\/p>\n<p>En ese contexto, varias organizaciones sociales de la zona sur pidieron audiencia con las autoridades a cargo el pasado 20 de julio, para conocer los avances de las refacciones en la sede del consultorio y el cumplimiento de la fecha de reapertura para\u00a0 que el equipo de salud mental cumpla su tarea all\u00ed. Hasta la fecha no han tenido respuesta.<\/p>\n<p><img loading=\"lazy\" decoding=\"async\" class=\" wp-image-20889 aligncenter\" src=\"https:\/\/atecordoba.org\/wp-content\/uploads\/2020\/07\/WhatsApp-Image-2020-07-28-at-10.10.08-1-300x225.jpeg\" alt=\"\" width=\"598\" height=\"449\" srcset=\"https:\/\/atecordoba.org\/wp-content\/uploads\/2020\/07\/WhatsApp-Image-2020-07-28-at-10.10.08-1-300x225.jpeg 300w, https:\/\/atecordoba.org\/wp-content\/uploads\/2020\/07\/WhatsApp-Image-2020-07-28-at-10.10.08-1-1024x768.jpeg 1024w, https:\/\/atecordoba.org\/wp-content\/uploads\/2020\/07\/WhatsApp-Image-2020-07-28-at-10.10.08-1-768x576.jpeg 768w, https:\/\/atecordoba.org\/wp-content\/uploads\/2020\/07\/WhatsApp-Image-2020-07-28-at-10.10.08-1-750x563.jpeg 750w, https:\/\/atecordoba.org\/wp-content\/uploads\/2020\/07\/WhatsApp-Image-2020-07-28-at-10.10.08-1.jpeg 1032w\" sizes=\"auto, (max-width: 598px) 100vw, 598px\" \/><\/p>\n","protected":false},"excerpt":{"rendered":"<p>Las trabajadoras del Centro de Salud Mental de Villa Libertador, que fue clausurado en abril por refacciones, mantuvieron ayer una reuni\u00f3n con la conducci\u00f3n de ATE para evaluar los pasos a seguir, en el marco de los reclamos que tanto las compa\u00f1eras como la comunidad del barrio vienen realizando por reapertura de un espacio fundamental [&hellip;]<\/p>\n","protected":false},"author":7,"featured_media":20888,"comment_status":"open","ping_status":"open","sticky":true,"template":"","format":"standard","meta":{"_exactmetrics_skip_tracking":false,"_exactmetrics_sitenote_active":false,"_exactmetrics_sitenote_note":"","_exactmetrics_sitenote_category":0,"jnews-multi-image_gallery":[],"jnews_single_post":{"source_name":"","source_url":"","via_name":"","via_url":"","override_template":"0","override":[{"template":"1","single_blog_custom":"","parallax":"1","fullscreen":"0","layout":"right-sidebar","sidebar":"default-sidebar","second_sidebar":"default-sidebar","sticky_sidebar":"1","share_position":"top","share_float_style":"share-monocrhome","show_share_counter":"1","show_view_counter":"1","show_featured":"1","show_post_meta":"1","show_post_author":"1","show_post_author_image":"1","show_post_date":"1","post_date_format":"default","post_date_format_custom":"Y\/m\/d","show_post_category":"1","show_post_reading_time":"0","post_reading_time_wpm":"300","show_zoom_button":"0","zoom_button_out_step":"2","zoom_button_in_step":"3","show_post_tag":"1","show_prev_next_post":"1","show_popup_post":"1","number_popup_post":"1","show_author_box":"0","show_post_related":"0","show_inline_post_related":"0"}],"override_image_size":"0","image_override":[{"single_post_thumbnail_size":"crop-500","single_post_gallery_size":"crop-500"}],"trending_post":"0","trending_post_position":"meta","trending_post_label":"Trending","sponsored_post":"0","sponsored_post_label":"Sponsored by","sponsored_post_name":"","sponsored_post_url":"","sponsored_post_logo_enable":"0","sponsored_post_logo":"","sponsored_post_desc":""},"jnews_primary_category":{"id":""},"jnews_social_meta":{"fb_title":"","fb_description":"","fb_image":"","twitter_title":"","twitter_description":"","twitter_image":""},"jnews_review":[],"enable_review":"0","type":"percentage","name":"","summary":"","brand":"","sku":"","good":[{"good_text":""}],"bad":[{"bad_text":""}],"score_override":"","override_value":"","rating":[{"rating_text":"","rating_number":"10"}],"price":[{"shop":"","price":"","link":"","icon":""}],"jnews_override_counter":{"override_view_counter":"0","view_counter_number":"0","override_share_counter":"0","share_counter_number":"0","override_like_counter":"0","like_counter_number":"0","override_dislike_counter":"0","dislike_counter_number":"0"},"jnews_post_split":{"enable_post_split":"0","post_split":[{"template":"1","tag":"h2","numbering":"asc","mode":"normal"}]},"footnotes":""},"categories":[341,104,122,8],"tags":[436,469,470],"class_list":["post-20886","post","type-post","status-publish","format-standard","has-post-thumbnail","hentry","category-cdp","category-departamento-de-salud","category-ddhh","category-provinciales","tag-equipo-de-salud-provincial","tag-ministerio-de-salud","tag-villa-libertador"],"jetpack_featured_media_url":"https:\/\/atecordoba.org\/wp-content\/uploads\/2020\/07\/WhatsApp-Image-2020-07-28-at-10.10.09.jpeg","_links":{"self":[{"href":"https:\/\/atecordoba.org\/index.php?rest_route=\/wp\/v2\/posts\/20886","targetHints":{"allow":["GET"]}}],"collection":[{"href":"https:\/\/atecordoba.org\/index.php?rest_route=\/wp\/v2\/posts"}],"about":[{"href":"https:\/\/atecordoba.org\/index.php?rest_route=\/wp\/v2\/types\/post"}],"author":[{"embeddable":true,"href":"https:\/\/atecordoba.org\/index.php?rest_route=\/wp\/v2\/users\/7"}],"replies":[{"embeddable":true,"href":"https:\/\/atecordoba.org\/index.php?rest_route=%2Fwp%2Fv2%2Fcomments&post=20886"}],"version-history":[{"count":3,"href":"https:\/\/atecordoba.org\/index.php?rest_route=\/wp\/v2\/posts\/20886\/revisions"}],"predecessor-version":[{"id":20898,"href":"https:\/\/atecordoba.org\/index.php?rest_route=\/wp\/v2\/posts\/20886\/revisions\/20898"}],"wp:featuredmedia":[{"embeddable":true,"href":"https:\/\/atecordoba.org\/index.php?rest_route=\/wp\/v2\/media\/20888"}],"wp:attachment":[{"href":"https:\/\/atecordoba.org\/index.php?rest_route=%2Fwp%2Fv2%2Fmedia&parent=20886"}],"wp:term":[{"taxonomy":"category","embeddable":true,"href":"https:\/\/atecordoba.org\/index.php?rest_route=%2Fwp%2Fv2%2Fcategories&post=20886"},{"taxonomy":"post_tag","embeddable":true,"href":"https:\/\/atecordoba.org\/index.php?rest_route=%2Fwp%2Fv2%2Ftags&post=20886"}],"curies":[{"name":"wp","href":"https:\/\/api.w.org\/{rel}","templated":true}]}}