{"id":20872,"date":"2020-07-27T14:04:40","date_gmt":"2020-07-27T17:04:40","guid":{"rendered":"http:\/\/atecordoba.org\/?p=20872"},"modified":"2020-07-27T14:06:19","modified_gmt":"2020-07-27T17:06:19","slug":"ate-saluda-el-convenio-que-firmo-la-fabrica-militar-rio-tercero-para-construir-vagones-de-tren","status":"publish","type":"post","link":"https:\/\/atecordoba.org\/?p=20872","title":{"rendered":"ATE saluda el convenio firmado por Fabricaciones Militares para construir vagones de tren en R\u00edo Tercero"},"content":{"rendered":"<p><img loading=\"lazy\" decoding=\"async\" class=\" wp-image-20876 aligncenter\" src=\"http:\/\/atecordoba.org\/wp-content\/uploads\/2020\/07\/Vag\u00f3n-tolva-300x168.jpg\" alt=\"\" width=\"602\" height=\"337\" srcset=\"https:\/\/atecordoba.org\/wp-content\/uploads\/2020\/07\/Vag\u00f3n-tolva-300x168.jpg 300w, https:\/\/atecordoba.org\/wp-content\/uploads\/2020\/07\/Vag\u00f3n-tolva-768x431.jpg 768w, https:\/\/atecordoba.org\/wp-content\/uploads\/2020\/07\/Vag\u00f3n-tolva-750x421.jpg 750w, https:\/\/atecordoba.org\/wp-content\/uploads\/2020\/07\/Vag\u00f3n-tolva.jpg 1024w\" sizes=\"auto, (max-width: 602px) 100vw, 602px\" \/>La reactivaci\u00f3n de la Direcci\u00f3n General de Fabricaciones Militares (DGFM) es una de las prioridades que ATE se fij\u00f3 para la nueva etapa, superado el macrismo, que nuestra organizaci\u00f3n ve con alegr\u00eda c\u00f3mo comienza a concretarse.<\/p>\n<p>En tal sentido, la semana pasada se conoci\u00f3 la firma entre DGFM y la empresa Trenes Argentinos de Cargas para construir 10 vagones tolva, destinados al transporte de granos, que se realizar\u00e1n en la planta de R\u00edo Tercero.<\/p>\n<p>La iniciativa constituye un notable impulso para el sector, castigado durante la gesti\u00f3n anterior con ajustes brutales y despidos masivos, para reactivar la planta que cuenta con capacidad metalmec\u00e1nica y sider\u00fargica, as\u00ed como con personal muy capacitado, para responder a las necesidades de la actualidad.<\/p>\n<p>Ahora se firm\u00f3 un convenio para reactivar un proyecto que estaba paralizado y que llevar\u00e1 a Argentina a contar con 10 nuevos vagones de producci\u00f3n nacional.<\/p>\n<p><img loading=\"lazy\" decoding=\"async\" class=\" wp-image-20877 aligncenter\" src=\"http:\/\/atecordoba.org\/wp-content\/uploads\/2020\/07\/vagones-tw-300x250.png\" alt=\"\" width=\"601\" height=\"501\" srcset=\"https:\/\/atecordoba.org\/wp-content\/uploads\/2020\/07\/vagones-tw-300x250.png 300w, https:\/\/atecordoba.org\/wp-content\/uploads\/2020\/07\/vagones-tw.png 600w\" sizes=\"auto, (max-width: 601px) 100vw, 601px\" \/><\/p>\n<p>El secretario General de la seccional ATE R\u00edo Tercero, Dami\u00e1n Albornoz, salud\u00f3 la iniciativa que revaloriza la F\u00e1brica &#8220;luego que fuimos discriminados y estigmatizados durante mucho tiempo como trabajadores del Estado&#8221;.<\/p>\n<p>&#8220;Esta m\u00e1s que claro que el sector qu\u00edmico de nuestra fabrica es esencial para el pa\u00eds, que el sector metalmec\u00e1nico tiene un enorme potencial productivo y todo eso es posible gracias a nuestros compa\u00f1eros y compa\u00f1eras&#8221;, dijo Albornoz.<\/p>\n<p>El dirigente analiz\u00f3 que &#8220;atravesamos momentos muy dif\u00edciles estos \u00faltimos a\u00f1os, vinieron a borrarnos del mapa y no pudieron porque triunf\u00f3 la resistencia, la lucha y la organizaci\u00f3n de las y \u00a0los trabajadores desde adentro de la f\u00e1brica y tambi\u00e9n desde afuera con las y los compa\u00f1eros despedidos&#8221;.<\/p>\n<p>Y agreg\u00f3: &#8220;ahora es momento de recuperarnos, es la hora de la reactivaci\u00f3n: recorrimos cientos de lugares llevando nuestro proyecto productivo. Hay que discutir un plan ferroviario para nuestro pa\u00eds&#8221;.<\/p>\n<p>Por eso Albornoz expres\u00f3 la enorme alegr\u00eda que significa &#8220;este avance para la entrega de diez vagones tolva graneros. Detr\u00e1s de esos vagones hay muchas horas de trabajo, mucho esfuerzo , compromiso y desarrollo estrat\u00e9gico para la Argentina, hecho por nuestras compa\u00f1eras y compa\u00f1eros. Celebramos este anuncio y no olvidamos que hubo funcionarios del macrismo que se dieron el lujo de decir barbaridades para demonizar nuestro trabajo&#8221;.<\/p>\n<p><img loading=\"lazy\" decoding=\"async\" class=\" wp-image-20878 aligncenter\" src=\"http:\/\/atecordoba.org\/wp-content\/uploads\/2020\/07\/albornoz-300x216.jpg\" alt=\"\" width=\"606\" height=\"436\" srcset=\"https:\/\/atecordoba.org\/wp-content\/uploads\/2020\/07\/albornoz-300x216.jpg 300w, https:\/\/atecordoba.org\/wp-content\/uploads\/2020\/07\/albornoz-768x554.jpg 768w, https:\/\/atecordoba.org\/wp-content\/uploads\/2020\/07\/albornoz-120x86.jpg 120w, https:\/\/atecordoba.org\/wp-content\/uploads\/2020\/07\/albornoz-750x541.jpg 750w, https:\/\/atecordoba.org\/wp-content\/uploads\/2020\/07\/albornoz.jpg 850w\" sizes=\"auto, (max-width: 606px) 100vw, 606px\" \/><\/p>\n<p>En esa l\u00ednea, el secretario General de la Seccional R\u00edo Tercero dijo que &#8220;de todos modos no hay que relajarse. Es necesario profundizar en las propuestas de reactivaci\u00f3n a corto, mediano y a largo plazo. En esta agenda no puede faltar la reincorporaci\u00f3n de las y los trabajadores despedidos, vitales para este proceso, ya estamos discutiendo en mesas de trabajo con la gerencia general los diagramas de turnos rotativos y el perfilamientos de puestos de trabajo. Vemos avances, la recuperaci\u00f3n de derechos es sin\u00f3nimos de reincorporaciones y lo vamos a lograr&#8221;.<\/p>\n<p>Por \u00faltimo, Albornoz se esperanz\u00f3 en &#8220;iniciar un proceso de sustituci\u00f3n de importaciones. Nosotros estamos para eso, hay que lograr un circulo virtuoso en nuestra ciudad para que la reactivaci\u00f3n de la fabrica impacte directamente en la econom\u00eda local y motorice el comercio y genere puestos de trabajo indirectos y por supuesto directos&#8221;.<\/p>\n<p>&nbsp;<\/p>\n<p>&nbsp;<\/p>\n<p>&nbsp;<\/p>\n<p>&nbsp;<\/p>\n","protected":false},"excerpt":{"rendered":"<p>La reactivaci\u00f3n de la Direcci\u00f3n General de Fabricaciones Militares (DGFM) es una de las prioridades que ATE se fij\u00f3 para la nueva etapa, superado el macrismo, que nuestra organizaci\u00f3n ve con alegr\u00eda c\u00f3mo comienza a concretarse. En tal sentido, la semana pasada se conoci\u00f3 la firma entre DGFM y la empresa Trenes Argentinos de Cargas [&hellip;]<\/p>\n","protected":false},"author":7,"featured_media":20876,"comment_status":"open","ping_status":"open","sticky":true,"template":"","format":"standard","meta":{"_exactmetrics_skip_tracking":false,"_exactmetrics_sitenote_active":false,"_exactmetrics_sitenote_note":"","_exactmetrics_sitenote_category":0,"jnews-multi-image_gallery":[],"jnews_single_post":{"source_name":"","source_url":"","via_name":"","via_url":"","override_template":"0","override":[{"template":"1","single_blog_custom":"","parallax":"1","fullscreen":"0","layout":"right-sidebar","sidebar":"default-sidebar","second_sidebar":"default-sidebar","sticky_sidebar":"1","share_position":"top","share_float_style":"share-monocrhome","show_share_counter":"1","show_view_counter":"1","show_featured":"1","show_post_meta":"1","show_post_author":"1","show_post_author_image":"1","show_post_date":"1","post_date_format":"default","post_date_format_custom":"Y\/m\/d","show_post_category":"1","show_post_reading_time":"0","post_reading_time_wpm":"300","show_zoom_button":"0","zoom_button_out_step":"2","zoom_button_in_step":"3","show_post_tag":"1","show_prev_next_post":"1","show_popup_post":"1","number_popup_post":"1","show_author_box":"0","show_post_related":"0","show_inline_post_related":"0"}],"override_image_size":"0","image_override":[{"single_post_thumbnail_size":"crop-500","single_post_gallery_size":"crop-500"}],"trending_post":"0","trending_post_position":"meta","trending_post_label":"Trending","sponsored_post":"0","sponsored_post_label":"Sponsored by","sponsored_post_name":"","sponsored_post_url":"","sponsored_post_logo_enable":"0","sponsored_post_logo":"","sponsored_post_desc":""},"jnews_primary_category":{"id":""},"jnews_social_meta":{"fb_title":"","fb_description":"","fb_image":"","twitter_title":"","twitter_description":"","twitter_image":""},"jnews_review":[],"enable_review":"0","type":"percentage","name":"","summary":"","brand":"","sku":"","good":[{"good_text":""}],"bad":[{"bad_text":""}],"score_override":"","override_value":"","rating":[{"rating_text":"","rating_number":"10"}],"price":[{"shop":"","price":"","link":"","icon":""}],"jnews_override_counter":{"override_view_counter":"0","view_counter_number":"0","override_share_counter":"0","share_counter_number":"0","override_like_counter":"0","like_counter_number":"0","override_dislike_counter":"0","dislike_counter_number":"0"},"jnews_post_split":{"enable_post_split":"0","post_split":[{"template":"1","tag":"h2","numbering":"asc","mode":"normal"}]},"footnotes":""},"categories":[18,13,34],"tags":[434,466,467,468],"class_list":["post-20872","post","type-post","status-publish","format-standard","has-post-thumbnail","hentry","category-nacionales","category-rio-tercero","category-seccionales","tag-fabricaciones-militares","tag-reactivacion-de-las-fabricas","tag-reincorporacion-de-despedidos","tag-vagones-tolva"],"jetpack_featured_media_url":"https:\/\/atecordoba.org\/wp-content\/uploads\/2020\/07\/Vag\u00f3n-tolva.jpg","_links":{"self":[{"href":"https:\/\/atecordoba.org\/index.php?rest_route=\/wp\/v2\/posts\/20872","targetHints":{"allow":["GET"]}}],"collection":[{"href":"https:\/\/atecordoba.org\/index.php?rest_route=\/wp\/v2\/posts"}],"about":[{"href":"https:\/\/atecordoba.org\/index.php?rest_route=\/wp\/v2\/types\/post"}],"author":[{"embeddable":true,"href":"https:\/\/atecordoba.org\/index.php?rest_route=\/wp\/v2\/users\/7"}],"replies":[{"embeddable":true,"href":"https:\/\/atecordoba.org\/index.php?rest_route=%2Fwp%2Fv2%2Fcomments&post=20872"}],"version-history":[{"count":4,"href":"https:\/\/atecordoba.org\/index.php?rest_route=\/wp\/v2\/posts\/20872\/revisions"}],"predecessor-version":[{"id":20881,"href":"https:\/\/atecordoba.org\/index.php?rest_route=\/wp\/v2\/posts\/20872\/revisions\/20881"}],"wp:featuredmedia":[{"embeddable":true,"href":"https:\/\/atecordoba.org\/index.php?rest_route=\/wp\/v2\/media\/20876"}],"wp:attachment":[{"href":"https:\/\/atecordoba.org\/index.php?rest_route=%2Fwp%2Fv2%2Fmedia&parent=20872"}],"wp:term":[{"taxonomy":"category","embeddable":true,"href":"https:\/\/atecordoba.org\/index.php?rest_route=%2Fwp%2Fv2%2Fcategories&post=20872"},{"taxonomy":"post_tag","embeddable":true,"href":"https:\/\/atecordoba.org\/index.php?rest_route=%2Fwp%2Fv2%2Ftags&post=20872"}],"curies":[{"name":"wp","href":"https:\/\/api.w.org\/{rel}","templated":true}]}}