{"id":20861,"date":"2020-07-27T12:25:27","date_gmt":"2020-07-27T15:25:27","guid":{"rendered":"http:\/\/atecordoba.org\/?p=20861"},"modified":"2020-07-27T13:20:58","modified_gmt":"2020-07-27T16:20:58","slug":"municipales-de-coronel-baigorria-acordaron-una-recomposicion-del-8","status":"publish","type":"post","link":"https:\/\/atecordoba.org\/?p=20861","title":{"rendered":"Municipales de Coronel Baigorria acordaron una recomposici\u00f3n del 8%"},"content":{"rendered":"<p><img loading=\"lazy\" decoding=\"async\" class=\" wp-image-20864 aligncenter\" src=\"http:\/\/atecordoba.org\/wp-content\/uploads\/2020\/07\/FB_IMG_1595854312386-300x225.jpg\" alt=\"\" width=\"600\" height=\"450\" srcset=\"https:\/\/atecordoba.org\/wp-content\/uploads\/2020\/07\/FB_IMG_1595854312386-300x225.jpg 300w, https:\/\/atecordoba.org\/wp-content\/uploads\/2020\/07\/FB_IMG_1595854312386.jpg 552w\" sizes=\"auto, (max-width: 600px) 100vw, 600px\" \/>El pasado viernes ATE acord\u00f3 con las autoridades municipales de Coronel Baigorria un incremento salarial del 8% para las y los trabajadores del sector, a cobrar con los salarios del mes de agosto.<\/p>\n<p>Estuvieron presentes durante la reuni\u00f3n donde se suscribi\u00f3 el acta-acuerdo el intendente Walter Perrone y su asesor Gonzalo Lujan, por parte de las autoridades, y los compa\u00f1eros de la seccional R\u00edo Cuarto, Pablo Irusta, secretario Gremial, Mauricio Macci\u00f3, secretario de Finanzas junto a las delegadas del sector Natalia Meneghello y Julieta Campagna<\/p>\n<p>Adem\u00e1s, ATE propuso un nuevo incremento del 10% a cobrar con los salarios del mes de septiembre, que se discutir\u00e1 en la pr\u00f3xima reuni\u00f3n.<\/p>\n<p><img loading=\"lazy\" decoding=\"async\" class=\" wp-image-20865 aligncenter\" src=\"http:\/\/atecordoba.org\/wp-content\/uploads\/2020\/07\/FB_IMG_1595854306981-300x225.jpg\" alt=\"\" width=\"604\" height=\"453\" srcset=\"https:\/\/atecordoba.org\/wp-content\/uploads\/2020\/07\/FB_IMG_1595854306981-300x225.jpg 300w, https:\/\/atecordoba.org\/wp-content\/uploads\/2020\/07\/FB_IMG_1595854306981.jpg 552w\" sizes=\"auto, (max-width: 604px) 100vw, 604px\" \/><\/p>\n<p>Nuestro gremio tambi\u00e9n plante\u00f3 la necesidad del pago de un bono est\u00edmulo para todo el personal que estuvo desarrollando tareas en medio de la pandemia.<\/p>\n<p>Cabe se\u00f1alar que se acord\u00f3 el compromiso del intendente para que se suministre al personal la correspondiente ropa de trabajo, entre otros puntos de inter\u00e9s.<\/p>\n<p>De esta forma, ATE contin\u00faa bregando por los derechos de las y los trabajadores estatales durante la pandemia.<\/p>\n<p><img loading=\"lazy\" decoding=\"async\" class=\" wp-image-20866 aligncenter\" src=\"http:\/\/atecordoba.org\/wp-content\/uploads\/2020\/07\/FB_IMG_1595854316319-169x300.jpg\" alt=\"\" width=\"600\" height=\"1065\" srcset=\"https:\/\/atecordoba.org\/wp-content\/uploads\/2020\/07\/FB_IMG_1595854316319-169x300.jpg 169w, https:\/\/atecordoba.org\/wp-content\/uploads\/2020\/07\/FB_IMG_1595854316319.jpg 540w\" sizes=\"auto, (max-width: 600px) 100vw, 600px\" \/><\/p>\n","protected":false},"excerpt":{"rendered":"<p>El pasado viernes ATE acord\u00f3 con las autoridades municipales de Coronel Baigorria un incremento salarial del 8% para las y los trabajadores del sector, a cobrar con los salarios del mes de agosto. Estuvieron presentes durante la reuni\u00f3n donde se suscribi\u00f3 el acta-acuerdo el intendente Walter Perrone y su asesor Gonzalo Lujan, por parte de [&hellip;]<\/p>\n","protected":false},"author":7,"featured_media":20866,"comment_status":"open","ping_status":"open","sticky":true,"template":"","format":"standard","meta":{"_exactmetrics_skip_tracking":false,"_exactmetrics_sitenote_active":false,"_exactmetrics_sitenote_note":"","_exactmetrics_sitenote_category":0,"jnews-multi-image_gallery":[],"jnews_single_post":{"source_name":"","source_url":"","via_name":"","via_url":"","override_template":"0","override":[{"template":"1","single_blog_custom":"","parallax":"1","fullscreen":"0","layout":"right-sidebar","sidebar":"default-sidebar","second_sidebar":"default-sidebar","sticky_sidebar":"1","share_position":"top","share_float_style":"share-monocrhome","show_share_counter":"1","show_view_counter":"1","show_featured":"1","show_post_meta":"1","show_post_author":"1","show_post_author_image":"1","show_post_date":"1","post_date_format":"default","post_date_format_custom":"Y\/m\/d","show_post_category":"1","show_post_reading_time":"0","post_reading_time_wpm":"300","show_zoom_button":"0","zoom_button_out_step":"2","zoom_button_in_step":"3","show_post_tag":"1","show_prev_next_post":"1","show_popup_post":"1","number_popup_post":"1","show_author_box":"0","show_post_related":"0","show_inline_post_related":"0"}],"override_image_size":"0","image_override":[{"single_post_thumbnail_size":"crop-500","single_post_gallery_size":"crop-500"}],"trending_post":"0","trending_post_position":"meta","trending_post_label":"Trending","sponsored_post":"0","sponsored_post_label":"Sponsored by","sponsored_post_name":"","sponsored_post_url":"","sponsored_post_logo_enable":"0","sponsored_post_logo":"","sponsored_post_desc":""},"jnews_primary_category":{"id":""},"jnews_social_meta":{"fb_title":"","fb_description":"","fb_image":"","twitter_title":"","twitter_description":"","twitter_image":""},"jnews_review":[],"enable_review":"0","type":"percentage","name":"","summary":"","brand":"","sku":"","good":[{"good_text":""}],"bad":[{"bad_text":""}],"score_override":"","override_value":"","rating":[{"rating_text":"","rating_number":"10"}],"price":[{"shop":"","price":"","link":"","icon":""}],"jnews_override_counter":{"override_view_counter":"0","view_counter_number":"0","override_share_counter":"0","share_counter_number":"0","override_like_counter":"0","like_counter_number":"0","override_dislike_counter":"0","dislike_counter_number":"0"},"jnews_post_split":{"enable_post_split":"0","post_split":[{"template":"1","tag":"h2","numbering":"asc","mode":"normal"}]},"footnotes":""},"categories":[20,12,34],"tags":[24,409],"class_list":["post-20861","post","type-post","status-publish","format-standard","has-post-thumbnail","hentry","category-municipales","category-rio-cuarto","category-seccionales","tag-municipales-2","tag-recomposicion-salarial"],"jetpack_featured_media_url":"https:\/\/atecordoba.org\/wp-content\/uploads\/2020\/07\/FB_IMG_1595854316319.jpg","_links":{"self":[{"href":"https:\/\/atecordoba.org\/index.php?rest_route=\/wp\/v2\/posts\/20861","targetHints":{"allow":["GET"]}}],"collection":[{"href":"https:\/\/atecordoba.org\/index.php?rest_route=\/wp\/v2\/posts"}],"about":[{"href":"https:\/\/atecordoba.org\/index.php?rest_route=\/wp\/v2\/types\/post"}],"author":[{"embeddable":true,"href":"https:\/\/atecordoba.org\/index.php?rest_route=\/wp\/v2\/users\/7"}],"replies":[{"embeddable":true,"href":"https:\/\/atecordoba.org\/index.php?rest_route=%2Fwp%2Fv2%2Fcomments&post=20861"}],"version-history":[{"count":4,"href":"https:\/\/atecordoba.org\/index.php?rest_route=\/wp\/v2\/posts\/20861\/revisions"}],"predecessor-version":[{"id":20874,"href":"https:\/\/atecordoba.org\/index.php?rest_route=\/wp\/v2\/posts\/20861\/revisions\/20874"}],"wp:featuredmedia":[{"embeddable":true,"href":"https:\/\/atecordoba.org\/index.php?rest_route=\/wp\/v2\/media\/20866"}],"wp:attachment":[{"href":"https:\/\/atecordoba.org\/index.php?rest_route=%2Fwp%2Fv2%2Fmedia&parent=20861"}],"wp:term":[{"taxonomy":"category","embeddable":true,"href":"https:\/\/atecordoba.org\/index.php?rest_route=%2Fwp%2Fv2%2Fcategories&post=20861"},{"taxonomy":"post_tag","embeddable":true,"href":"https:\/\/atecordoba.org\/index.php?rest_route=%2Fwp%2Fv2%2Ftags&post=20861"}],"curies":[{"name":"wp","href":"https:\/\/api.w.org\/{rel}","templated":true}]}}