{"id":20834,"date":"2020-07-26T17:00:51","date_gmt":"2020-07-26T20:00:51","guid":{"rendered":"http:\/\/atecordoba.org\/?p=20834"},"modified":"2020-07-27T12:38:03","modified_gmt":"2020-07-27T15:38:03","slug":"personal-esencial-necesitamos-urgente-que-se-reconozcan-los-gastos-que-provoco-el-paro-de-transporte","status":"publish","type":"post","link":"https:\/\/atecordoba.org\/?p=20834","title":{"rendered":"Personal esencial: &#8220;Necesitamos urgente que se reconozcan los gastos que provoc\u00f3 la paralizaci\u00f3n del transporte&#8221;"},"content":{"rendered":"<p><img loading=\"lazy\" decoding=\"async\" class=\"wp-image-20836 aligncenter\" src=\"http:\/\/atecordoba.org\/wp-content\/uploads\/2020\/07\/Colectivos-Cordoba-4-300x139.jpg\" alt=\"\" width=\"766\" height=\"355\" srcset=\"https:\/\/atecordoba.org\/wp-content\/uploads\/2020\/07\/Colectivos-Cordoba-4-300x139.jpg 300w, https:\/\/atecordoba.org\/wp-content\/uploads\/2020\/07\/Colectivos-Cordoba-4-1024x473.jpg 1024w, https:\/\/atecordoba.org\/wp-content\/uploads\/2020\/07\/Colectivos-Cordoba-4-768x355.jpg 768w, https:\/\/atecordoba.org\/wp-content\/uploads\/2020\/07\/Colectivos-Cordoba-4-1536x710.jpg 1536w, https:\/\/atecordoba.org\/wp-content\/uploads\/2020\/07\/Colectivos-Cordoba-4-750x347.jpg 750w, https:\/\/atecordoba.org\/wp-content\/uploads\/2020\/07\/Colectivos-Cordoba-4-1140x527.jpg 1140w, https:\/\/atecordoba.org\/wp-content\/uploads\/2020\/07\/Colectivos-Cordoba-4.jpg 1651w\" sizes=\"auto, (max-width: 766px) 100vw, 766px\" \/><\/p>\n<p>El Consejo Directivo Provincial de ATE C\u00f3rdoba reclam\u00f3 al gobernador Juan Schiaretti\u00a0 -mediante una nota presentada el pasado martes- una compensaci\u00f3n en calidad de suplemento salarial por movilidad por un monto de 8000 pesos. El justificativo del pedido realizado fue el aumento de los gastos de transporte durante la pandemia, en virtud de la paralizaci\u00f3n del servicio p\u00fablico de colectivos.<\/p>\n<p><img loading=\"lazy\" decoding=\"async\" class=\"size-medium wp-image-20843 alignleft\" src=\"http:\/\/atecordoba.org\/wp-content\/uploads\/2020\/07\/Giuliani-Rio-Cuarto-29-de-mayo-2020-e1595624887432-213x300.jpg\" alt=\"\" width=\"213\" height=\"300\" srcset=\"https:\/\/atecordoba.org\/wp-content\/uploads\/2020\/07\/Giuliani-Rio-Cuarto-29-de-mayo-2020-e1595624887432-213x300.jpg 213w, https:\/\/atecordoba.org\/wp-content\/uploads\/2020\/07\/Giuliani-Rio-Cuarto-29-de-mayo-2020-e1595624887432.jpg 496w\" sizes=\"auto, (max-width: 213px) 100vw, 213px\" \/>\u00a0&#8220;Hace m\u00e1s de 100 d\u00edas que estamos sin coches interurbanos y estuvimos m\u00e1s de 20 d\u00edas sin contar con transporte urbano en C\u00f3rdoba Capital por la afrenta patronal y los consecuente conflictos gremiales que enfrentan ambos sectores&#8221;, remarc\u00f3 Giuliani quien advirti\u00f3 que la situaci\u00f3n con el transporte p\u00fablico &#8220;lejos de haberse resuelto, sumar\u00e1 nuevos cap\u00edtulos si no se producen reformas estructurales en los sistemas, en la forma como es concebido el transporte, lo cual vemos muy lejano. Para nosotros el transporte p\u00fablico es un derecho en el marco de que sin \u00e9l no podemos acceder a tantos otros derechos como el trabajo, la educaci\u00f3n, la salud, etc&#8221;.<\/p>\n<p>AOITA, el gremio que representa a las y los trabajadores del servicio de transporte interurbano, acept\u00f3 reducir un 25% sus salarios y aun as\u00ed &#8220;las patronales no cumplieron con el compromiso asumido de completar los salarios de abril y mayo, en tanto que en junio solo pagaron 5000 pesos&#8221;. &#8220;Es una situaci\u00f3n insostenible en la cual liberan alg\u00fan dinero siempre previo a alg\u00fan aporte estatal al sector, que es la forma en que los empresarios trasladan la crisis no solo a sus propios trabajadores sino al conjunto de Pueblo&#8221;, explic\u00f3 Giuliani.<\/p>\n<p><strong>Trabajadores y trabajadoras de servicios esenciales<br \/>\n<\/strong>\u201cAl margen de la compleja situaci\u00f3n que atraviesan el conjunto de los trabajadores del Estado Provincial, hay un grupo que claramente se ha visto m\u00e1s perjudicado, aquellos que prestan servicios esenciales (Decreto de Necesidad y Urgencia N\u00ba297\/2020 y Decreto Provincial N\u00ba 195\/2020) y que inexorablemente est\u00e1n obligados a concurrir a sus lugares de trabajo y prestar servicios, lo cual hicieron a pesar de los innumerables problemas que debieron sortear para trasladarse a los mismos\u201d, describ\u00eda la <a href=\"http:\/\/atecordoba.org\/?p=20784\">misiva que ingres\u00f3 el pasado martes al Panal<\/a>, que conclu\u00eda solicitando los 8000 pesos por trabajador y trabajadora como &#8220;un estricto acto de justicia&#8221; y un &#8220;paliativo de parte del gobierno provincial hacia quienes han sido el sost\u00e9n de los servicios esenciales durante esta pandemia, garantizando la presencia del Estado, la concreci\u00f3n y realizaci\u00f3n de las pol\u00edticas p\u00fablicas en \u00e1reas sensibles, dando respuestas a toda la comunidad y en particular a los sectores m\u00e1s vulnerables\u201d.<\/p>\n<div id='gallery_1' class='gallery galleryid-20834 gallery-columns-2 gallery-size-thumbnail'><figure class='gallery-item'>\n                <div class='gallery-icon portrait'>\n                    <a href='https:\/\/atecordoba.org\/wp-content\/uploads\/2020\/07\/nota-schiaretti-compensacion-x-transporte_recibido-1.jpeg'><img loading=\"lazy\" decoding=\"async\" width=\"150\" height=\"150\" src=\"\" class=\"attachment-thumbnail size-thumbnail lazyload\" alt=\"\" aria-describedby=\"gallery_1-20797\" data-src=\"https:\/\/atecordoba.org\/wp-content\/uploads\/2020\/07\/nota-schiaretti-compensacion-x-transporte_recibido-1-150x150.jpeg\" data-sizes=\"auto\" data-srcset=\"https:\/\/atecordoba.org\/wp-content\/uploads\/2020\/07\/nota-schiaretti-compensacion-x-transporte_recibido-1-150x150.jpeg 150w, https:\/\/atecordoba.org\/wp-content\/uploads\/2020\/07\/nota-schiaretti-compensacion-x-transporte_recibido-1-560x560.jpeg 560w, https:\/\/atecordoba.org\/wp-content\/uploads\/2020\/07\/nota-schiaretti-compensacion-x-transporte_recibido-1-75x75.jpeg 75w\" data-expand=\"700\" \/><\/a>\n                <\/div>\n                    <figcaption class='wp-caption-text gallery-caption' id='gallery_1-20797'>\n                    Nota presentada por ATE C\u00f3rdoba el martes pasado\n                    <\/figcaption><\/figure><figure class='gallery-item'>\n                <div class='gallery-icon portrait'>\n                    <a href='https:\/\/atecordoba.org\/wp-content\/uploads\/2020\/07\/nota-schiaretti-compensacion-x-transporte_recibido-2.jpeg'><img loading=\"lazy\" decoding=\"async\" width=\"150\" height=\"150\" src=\"\" class=\"attachment-thumbnail size-thumbnail lazyload\" alt=\"\" aria-describedby=\"gallery_1-20798\" data-src=\"https:\/\/atecordoba.org\/wp-content\/uploads\/2020\/07\/nota-schiaretti-compensacion-x-transporte_recibido-2-150x150.jpeg\" data-sizes=\"auto\" data-srcset=\"https:\/\/atecordoba.org\/wp-content\/uploads\/2020\/07\/nota-schiaretti-compensacion-x-transporte_recibido-2-150x150.jpeg 150w, https:\/\/atecordoba.org\/wp-content\/uploads\/2020\/07\/nota-schiaretti-compensacion-x-transporte_recibido-2-560x560.jpeg 560w, https:\/\/atecordoba.org\/wp-content\/uploads\/2020\/07\/nota-schiaretti-compensacion-x-transporte_recibido-2-75x75.jpeg 75w\" data-expand=\"700\" \/><\/a>\n                <\/div>\n                    <figcaption class='wp-caption-text gallery-caption' id='gallery_1-20798'>\n                    Nota presentada por ATE C\u00f3rdoba el martes pasado\n                    <\/figcaption><\/figure><br style=\"clear: both\" \/>\n            <\/div>\n\n<p><strong>Devoluci\u00f3n hisopados y bono de salud al Hospital de Ni\u00f1os<\/strong><\/p>\n<p>Desde ATE reclamaron, tambi\u00e9n que la provincia &#8220;devuelva los $2500 del bono de Salud que le quit\u00f3 al personal del Hospital de Ni\u00f1os que no pudo cumplir con el &#8220;presentismo&#8221; exigido ya que el paro de transporte ha sido una circunstancia de fuerza mayor que no ha permitido cumplimentar este requisito y debe de tenerse en cuenta&#8221;. Adem\u00e1s, desde el sindicato advirtieron que &#8220;no se esta hisopando al personal de salud como corresponde. Estamos a tiempo de que se subsane para no tener que lamentar perjuicios mayores&#8221;<\/p>\n","protected":false},"excerpt":{"rendered":"<p>El Consejo Directivo Provincial de ATE C\u00f3rdoba reclam\u00f3 al gobernador Juan Schiaretti\u00a0 -mediante una nota presentada el pasado martes- una compensaci\u00f3n en calidad de suplemento salarial por movilidad por un monto de 8000 pesos. El justificativo del pedido realizado fue el aumento de los gastos de transporte durante la pandemia, en virtud de la paralizaci\u00f3n [&hellip;]<\/p>\n","protected":false},"author":6,"featured_media":20842,"comment_status":"open","ping_status":"open","sticky":false,"template":"","format":"standard","meta":{"_exactmetrics_skip_tracking":false,"_exactmetrics_sitenote_active":false,"_exactmetrics_sitenote_note":"","_exactmetrics_sitenote_category":0,"jnews-multi-image_gallery":[],"jnews_single_post":{"source_name":"","source_url":"","via_name":"","via_url":"","override_template":"0","override":[{"template":"1","single_blog_custom":"","parallax":"1","fullscreen":"0","layout":"right-sidebar","sidebar":"default-sidebar","second_sidebar":"default-sidebar","sticky_sidebar":"1","share_position":"top","share_float_style":"share-monocrhome","show_share_counter":"1","show_view_counter":"1","show_featured":"1","show_post_meta":"1","show_post_author":"1","show_post_author_image":"1","show_post_date":"1","post_date_format":"default","post_date_format_custom":"Y\/m\/d","show_post_category":"1","show_post_reading_time":"0","post_reading_time_wpm":"300","show_zoom_button":"0","zoom_button_out_step":"2","zoom_button_in_step":"3","show_post_tag":"1","show_prev_next_post":"1","show_popup_post":"1","number_popup_post":"1","show_author_box":"0","show_post_related":"0","show_inline_post_related":"0"}],"override_image_size":"0","image_override":[{"single_post_thumbnail_size":"crop-500","single_post_gallery_size":"crop-500"}],"trending_post":"0","trending_post_position":"meta","trending_post_label":"Trending","sponsored_post":"0","sponsored_post_label":"Sponsored by","sponsored_post_name":"","sponsored_post_url":"","sponsored_post_logo_enable":"0","sponsored_post_logo":"","sponsored_post_desc":""},"jnews_primary_category":{"id":""},"jnews_social_meta":{"fb_title":"","fb_description":"","fb_image":"","twitter_title":"","twitter_description":"","twitter_image":""},"jnews_review":[],"enable_review":"0","type":"percentage","name":"","summary":"","brand":"","sku":"","good":[{"good_text":""}],"bad":[{"bad_text":""}],"score_override":"","override_value":"","rating":[{"rating_text":"","rating_number":"10"}],"price":[{"shop":"","price":"","link":"","icon":""}],"jnews_override_counter":{"override_view_counter":"0","view_counter_number":"0","override_share_counter":"0","share_counter_number":"0","override_like_counter":"0","like_counter_number":"0","override_dislike_counter":"0","dislike_counter_number":"0"},"jnews_post_split":{"enable_post_split":"0","post_split":[{"template":"1","tag":"h2","numbering":"asc","mode":"normal"}]},"footnotes":""},"categories":[341,104,8],"tags":[],"class_list":["post-20834","post","type-post","status-publish","format-standard","has-post-thumbnail","hentry","category-cdp","category-departamento-de-salud","category-provinciales"],"jetpack_featured_media_url":"https:\/\/atecordoba.org\/wp-content\/uploads\/2020\/07\/Giuliani-Rio-Cuarto-29-de-mayo-2020-3-e1595855454188.jpg","_links":{"self":[{"href":"https:\/\/atecordoba.org\/index.php?rest_route=\/wp\/v2\/posts\/20834","targetHints":{"allow":["GET"]}}],"collection":[{"href":"https:\/\/atecordoba.org\/index.php?rest_route=\/wp\/v2\/posts"}],"about":[{"href":"https:\/\/atecordoba.org\/index.php?rest_route=\/wp\/v2\/types\/post"}],"author":[{"embeddable":true,"href":"https:\/\/atecordoba.org\/index.php?rest_route=\/wp\/v2\/users\/6"}],"replies":[{"embeddable":true,"href":"https:\/\/atecordoba.org\/index.php?rest_route=%2Fwp%2Fv2%2Fcomments&post=20834"}],"version-history":[{"count":7,"href":"https:\/\/atecordoba.org\/index.php?rest_route=\/wp\/v2\/posts\/20834\/revisions"}],"predecessor-version":[{"id":20870,"href":"https:\/\/atecordoba.org\/index.php?rest_route=\/wp\/v2\/posts\/20834\/revisions\/20870"}],"wp:featuredmedia":[{"embeddable":true,"href":"https:\/\/atecordoba.org\/index.php?rest_route=\/wp\/v2\/media\/20842"}],"wp:attachment":[{"href":"https:\/\/atecordoba.org\/index.php?rest_route=%2Fwp%2Fv2%2Fmedia&parent=20834"}],"wp:term":[{"taxonomy":"category","embeddable":true,"href":"https:\/\/atecordoba.org\/index.php?rest_route=%2Fwp%2Fv2%2Fcategories&post=20834"},{"taxonomy":"post_tag","embeddable":true,"href":"https:\/\/atecordoba.org\/index.php?rest_route=%2Fwp%2Fv2%2Ftags&post=20834"}],"curies":[{"name":"wp","href":"https:\/\/api.w.org\/{rel}","templated":true}]}}