{"id":20829,"date":"2020-07-24T14:35:55","date_gmt":"2020-07-24T17:35:55","guid":{"rendered":"http:\/\/atecordoba.org\/?p=20829"},"modified":"2020-07-24T18:11:47","modified_gmt":"2020-07-24T21:11:47","slug":"reunion-virtual-por-la-ley-de-ajuste-previsional-en-la-provincia","status":"publish","type":"post","link":"https:\/\/atecordoba.org\/?p=20829","title":{"rendered":"Reuni\u00f3n virtual por la ley de ajuste previsional en la Provincia"},"content":{"rendered":"<p><img loading=\"lazy\" decoding=\"async\" class=\" wp-image-20830 aligncenter\" src=\"http:\/\/atecordoba.org\/wp-content\/uploads\/2020\/07\/zoom-previsional-rio4-300x188.jpeg\" alt=\"\" width=\"601\" height=\"377\" srcset=\"https:\/\/atecordoba.org\/wp-content\/uploads\/2020\/07\/zoom-previsional-rio4-300x188.jpeg 300w, https:\/\/atecordoba.org\/wp-content\/uploads\/2020\/07\/zoom-previsional-rio4.jpeg 552w\" sizes=\"auto, (max-width: 601px) 100vw, 601px\" \/>Ayer por la tarde se realiz\u00f3 la charla \u2013 debate encabezada por Eugenio Biafore, asesor letrado de ATE C\u00f3rdoba y por Gast\u00f3n Lagable, abogado de la seccional ATE R\u00edo Cuarto, con la participaci\u00f3n de una nutrida cantidad de compa\u00f1eras y compa\u00f1eros provinciales.<\/p>\n<p>En la oportunidad se realiz\u00f3 un recorrido hist\u00f3rico de los retrocesos en cuanto a los diversos ajustes previsionales que se vienen implementando desde hace dos d\u00e9cadas en la Provincia, que significaron p\u00e9rdida de derechos a las y los trabajadores de la provincia de C\u00f3rdoba.<\/p>\n<p>Luego de dos horas debatir entre los y las participantes, se acord\u00f3 realizar nuevos encuentros para continuar con la discusi\u00f3n por medio de charlas y talleres.<\/p>\n<p>Participaron el secretario General de ATE C\u00f3rdoba, Federico Giuliani, la secretaria General de ATE R\u00edo Cuarto, Rafaela Alcoba, junto a integrantes de la comisi\u00f3n directiva local, docentes de la provincia, compa\u00f1eros y compa\u00f1eras de ATE Educaci\u00f3n, as\u00ed como trabajadores y trabajadoras de\u00a0 diferentes localidades como R\u00edo Tercero y Adelia Mar\u00eda, Bulnes, entre otros.<\/p>\n<p>&#8220;Decimos que la nueva ley es un atropello a los derechos adquiridos a los trabajadores estatales de C\u00f3rdoba&#8221;, explic\u00f3 el docente y referente de ATE en el Ministerio de Educaci\u00f3n en R\u00edo Cuarto, Jorge Palacios.<\/p>\n","protected":false},"excerpt":{"rendered":"<p>Ayer por la tarde se realiz\u00f3 la charla \u2013 debate encabezada por Eugenio Biafore, asesor letrado de ATE C\u00f3rdoba y por Gast\u00f3n Lagable, abogado de la seccional ATE R\u00edo Cuarto, con la participaci\u00f3n de una nutrida cantidad de compa\u00f1eras y compa\u00f1eros provinciales. En la oportunidad se realiz\u00f3 un recorrido hist\u00f3rico de los retrocesos en cuanto [&hellip;]<\/p>\n","protected":false},"author":7,"featured_media":20830,"comment_status":"open","ping_status":"open","sticky":true,"template":"","format":"standard","meta":{"_exactmetrics_skip_tracking":false,"_exactmetrics_sitenote_active":false,"_exactmetrics_sitenote_note":"","_exactmetrics_sitenote_category":0,"jnews-multi-image_gallery":[],"jnews_single_post":{"source_name":"","source_url":"","via_name":"","via_url":"","override_template":"0","override":[{"template":"1","single_blog_custom":"","parallax":"1","fullscreen":"0","layout":"right-sidebar","sidebar":"default-sidebar","second_sidebar":"default-sidebar","sticky_sidebar":"1","share_position":"top","share_float_style":"share-monocrhome","show_share_counter":"1","show_view_counter":"1","show_featured":"1","show_post_meta":"1","show_post_author":"1","show_post_author_image":"1","show_post_date":"1","post_date_format":"default","post_date_format_custom":"Y\/m\/d","show_post_category":"1","show_post_reading_time":"0","post_reading_time_wpm":"300","show_zoom_button":"0","zoom_button_out_step":"2","zoom_button_in_step":"3","show_post_tag":"1","show_prev_next_post":"1","show_popup_post":"1","number_popup_post":"1","show_author_box":"0","show_post_related":"0","show_inline_post_related":"0"}],"override_image_size":"0","image_override":[{"single_post_thumbnail_size":"crop-500","single_post_gallery_size":"crop-500"}],"trending_post":"0","trending_post_position":"meta","trending_post_label":"Trending","sponsored_post":"0","sponsored_post_label":"Sponsored by","sponsored_post_name":"","sponsored_post_url":"","sponsored_post_logo_enable":"0","sponsored_post_logo":"","sponsored_post_desc":""},"jnews_primary_category":{"id":""},"jnews_social_meta":{"fb_title":"","fb_description":"","fb_image":"","twitter_title":"","twitter_description":"","twitter_image":""},"jnews_review":[],"enable_review":"0","type":"percentage","name":"","summary":"","brand":"","sku":"","good":[{"good_text":""}],"bad":[{"bad_text":""}],"score_override":"","override_value":"","rating":[{"rating_text":"","rating_number":"10"}],"price":[{"shop":"","price":"","link":"","icon":""}],"jnews_override_counter":{"override_view_counter":"0","view_counter_number":"0","override_share_counter":"0","share_counter_number":"0","override_like_counter":"0","like_counter_number":"0","override_dislike_counter":"0","dislike_counter_number":"0"},"jnews_post_split":{"enable_post_split":"0","post_split":[{"template":"1","tag":"h2","numbering":"asc","mode":"normal"}]},"footnotes":""},"categories":[341,88,22,12],"tags":[462,375],"class_list":["post-20829","post","type-post","status-publish","format-standard","has-post-thumbnail","hentry","category-cdp","category-formacion","category-jubilados","category-rio-cuarto","tag-ajuste-en-las-jubilaciones","tag-schiaretti"],"jetpack_featured_media_url":"https:\/\/atecordoba.org\/wp-content\/uploads\/2020\/07\/zoom-previsional-rio4.jpeg","_links":{"self":[{"href":"https:\/\/atecordoba.org\/index.php?rest_route=\/wp\/v2\/posts\/20829","targetHints":{"allow":["GET"]}}],"collection":[{"href":"https:\/\/atecordoba.org\/index.php?rest_route=\/wp\/v2\/posts"}],"about":[{"href":"https:\/\/atecordoba.org\/index.php?rest_route=\/wp\/v2\/types\/post"}],"author":[{"embeddable":true,"href":"https:\/\/atecordoba.org\/index.php?rest_route=\/wp\/v2\/users\/7"}],"replies":[{"embeddable":true,"href":"https:\/\/atecordoba.org\/index.php?rest_route=%2Fwp%2Fv2%2Fcomments&post=20829"}],"version-history":[{"count":3,"href":"https:\/\/atecordoba.org\/index.php?rest_route=\/wp\/v2\/posts\/20829\/revisions"}],"predecessor-version":[{"id":20849,"href":"https:\/\/atecordoba.org\/index.php?rest_route=\/wp\/v2\/posts\/20829\/revisions\/20849"}],"wp:featuredmedia":[{"embeddable":true,"href":"https:\/\/atecordoba.org\/index.php?rest_route=\/wp\/v2\/media\/20830"}],"wp:attachment":[{"href":"https:\/\/atecordoba.org\/index.php?rest_route=%2Fwp%2Fv2%2Fmedia&parent=20829"}],"wp:term":[{"taxonomy":"category","embeddable":true,"href":"https:\/\/atecordoba.org\/index.php?rest_route=%2Fwp%2Fv2%2Fcategories&post=20829"},{"taxonomy":"post_tag","embeddable":true,"href":"https:\/\/atecordoba.org\/index.php?rest_route=%2Fwp%2Fv2%2Ftags&post=20829"}],"curies":[{"name":"wp","href":"https:\/\/api.w.org\/{rel}","templated":true}]}}