{"id":20824,"date":"2020-07-24T14:18:20","date_gmt":"2020-07-24T17:18:20","guid":{"rendered":"http:\/\/atecordoba.org\/?p=20824"},"modified":"2020-07-24T18:09:38","modified_gmt":"2020-07-24T21:09:38","slug":"coronavirus-alarma-por-la-falta-de-testeos-en-equipos-de-salud","status":"publish","type":"post","link":"https:\/\/atecordoba.org\/?p=20824","title":{"rendered":"Coronavirus: alarma por la falta de testeos en equipos de salud"},"content":{"rendered":"<p><img loading=\"lazy\" decoding=\"async\" class=\" wp-image-20826 aligncenter\" src=\"http:\/\/atecordoba.org\/wp-content\/uploads\/2020\/07\/maturano_delegado-jesus-maria-300x200.jpg\" alt=\"\" width=\"602\" height=\"401\" srcset=\"https:\/\/atecordoba.org\/wp-content\/uploads\/2020\/07\/maturano_delegado-jesus-maria-300x200.jpg 300w, https:\/\/atecordoba.org\/wp-content\/uploads\/2020\/07\/maturano_delegado-jesus-maria-768x511.jpg 768w, https:\/\/atecordoba.org\/wp-content\/uploads\/2020\/07\/maturano_delegado-jesus-maria-750x499.jpg 750w, https:\/\/atecordoba.org\/wp-content\/uploads\/2020\/07\/maturano_delegado-jesus-maria.jpg 821w\" sizes=\"auto, (max-width: 602px) 100vw, 602px\" \/><\/p>\n<p>Delegados de ATE del Hospital Regional Vicente Ag\u00fcero de denunciaron a la prensa la falta de testeos regulares a las y los trabajadores del equipo de salud del nosocomio, situaci\u00f3n que se extiende al resto de los &#8216;hospitales Covid&#8217;, como se denomina a los centros de salud destinados por la Provincia a atender la pandemia.<\/p>\n<p>Seg\u00fan <a href=\"http:\/\/noticiasjesusmaria.com.ar\/articulos\/el-ministerio-de-salud-decidi-no-testear-a-mdicos-asintomticos\">explic\u00f3<\/a> el delegado de ATE Eduardo Maturano, al requerir a la Direcci\u00f3n del hospital un control &#8220;nos hemos visto sorprendidos porque lo \u00fanicos que hemos pedido es que se nos haga un testeo a los integrantes del equipo de salud y nos encontramos con que solamente van a hacer testeo a los que tengan sintomatolog\u00eda&#8221;.<\/p>\n<p>Es decir, que s\u00f3lo las y los trabajadores con s\u00edntomas evidentes de Covid 19 est\u00e1n siendo controlados y no el equipo en general, exponiendo a infectarse a los pacientes, las familias y a las y los propios compa\u00f1eros de cada equipo de salud\u00a0 en el caso se estuvieran sufriendo una infecci\u00f3n asintom\u00e1tica, motivo principal para realizar dichos testeos.<\/p>\n<p>El dirigente se\u00f1al\u00f3 que las repuestas ante el reclamo se hacen de palabra pero que la autoridad de salud no responde por escrito. &#8220;Esto es grave, sobre todo si se tiene en cuenta que en su caso, al igual que sus compa\u00f1eros, prestan servicio en un &#8216;Hospital Covid&#8217;, con un riesgo latente de contagio, o peor a\u00fan, de ser agentes de propagaci\u00f3n de la enfermedad en forma intrahospitalaria&#8221;, dijo el delegado, que se realiz\u00f3 un testeo al principio de la cuarentena y nunca m\u00e1s pudo repetirlo.<\/p>\n<p>Si bien la Direcci\u00f3n del hospital adujo que &#8220;hecho de no testear al personal de salud asintom\u00e1tico tiene una l\u00f3gica epidemiol\u00f3gica&#8221;, seg\u00fan relata\u00a0 medio de comunicaci\u00f3n noticiasdejesusmaria.com, a principios de mayo los mismos funcionarios se<a href=\"https:\/\/atecordoba.org\/?p=12883\"> hab\u00edan comprometido<\/a> con ATE a realizar testeos peri\u00f3dicos.<\/p>\n<p>Maturano dijo que podr\u00eda llevar esta situaci\u00f3n a una denuncia penal en caso de no haber una respuesta satisfactoria al pedido.<\/p>\n<p><strong>Un trabajador de la Senaf infectado<\/strong><\/p>\n<p>Asimismo se confirm\u00f3 una versi\u00f3n difundida en la prensa dando cuenta de que un compa\u00f1ero, trabajador de la Secretar\u00eda de Ni\u00f1ez, Adolescencia y Familia (Senaf) result\u00f3 infectado esta semana.<\/p>\n<p>Se trata de un trabajador del planta que cumple funciones en la Residencia Primer Ingreso, cita en Nueva C\u00f3rdoba.<\/p>\n<p>El compa\u00f1ero fue derivado el lunes a su casa despu\u00e9s que se sintiera afriebrado, tras ingresar normalmente a su lugar de trabajo. Desde ese d\u00eda no se conoce que haya recibido alg\u00fan otro tipo de intervenci\u00f3n, m\u00e1s all\u00e1 de su reposo en domicilio, lo que nos tiene muy preocupados. Tampoco se hicieron hisopados a los chicos hasta ayer jueves, cuando se realizaron los testeos.<\/p>\n<p>Otra de las preocupaciones es que cuando los chicos ingresan no se les realizan testeos y tampoco sucede cuando realizan salidas y posteriormente regresan, con la posibilidad de que se hayan infectado en la calle.<\/p>\n<p>En la Residencia Primer Ingreso hay en total 15 trabajadores y trabajadoras, de los cuales 4 de planta permanente y 11 se las y los denomina &#8216;voluntarios&#8217;, personal ultra precarizado que ni siquiera reviste como monotributistas y\u00a0 cobra alrededor de 6500 pesos por 20 horas semanales de trabajo en todo concepto. &#8220;Esta es una pauta de lo mal que se est\u00e1 trabajando en la Senaf&#8221;, concluy\u00f3 uno de los trabajadores del sector.<\/p>\n","protected":false},"excerpt":{"rendered":"<p>Delegados de ATE del Hospital Regional Vicente Ag\u00fcero de denunciaron a la prensa la falta de testeos regulares a las y los trabajadores del equipo de salud del nosocomio, situaci\u00f3n que se extiende al resto de los &#8216;hospitales Covid&#8217;, como se denomina a los centros de salud destinados por la Provincia a atender la pandemia. [&hellip;]<\/p>\n","protected":false},"author":7,"featured_media":20826,"comment_status":"open","ping_status":"open","sticky":true,"template":"","format":"standard","meta":{"_exactmetrics_skip_tracking":false,"_exactmetrics_sitenote_active":false,"_exactmetrics_sitenote_note":"","_exactmetrics_sitenote_category":0,"jnews-multi-image_gallery":[],"jnews_single_post":{"source_name":"","source_url":"","via_name":"","via_url":"","override_template":"0","override":[{"template":"1","single_blog_custom":"","parallax":"1","fullscreen":"0","layout":"right-sidebar","sidebar":"default-sidebar","second_sidebar":"default-sidebar","sticky_sidebar":"1","share_position":"top","share_float_style":"share-monocrhome","show_share_counter":"1","show_view_counter":"1","show_featured":"1","show_post_meta":"1","show_post_author":"1","show_post_author_image":"1","show_post_date":"1","post_date_format":"default","post_date_format_custom":"Y\/m\/d","show_post_category":"1","show_post_reading_time":"0","post_reading_time_wpm":"300","show_zoom_button":"0","zoom_button_out_step":"2","zoom_button_in_step":"3","show_post_tag":"1","show_prev_next_post":"1","show_popup_post":"1","number_popup_post":"1","show_author_box":"0","show_post_related":"0","show_inline_post_related":"0"}],"override_image_size":"0","image_override":[{"single_post_thumbnail_size":"crop-500","single_post_gallery_size":"crop-500"}],"trending_post":"0","trending_post_position":"meta","trending_post_label":"Trending","sponsored_post":"0","sponsored_post_label":"Sponsored by","sponsored_post_name":"","sponsored_post_url":"","sponsored_post_logo_enable":"0","sponsored_post_logo":"","sponsored_post_desc":""},"jnews_primary_category":{"id":""},"jnews_social_meta":{"fb_title":"","fb_description":"","fb_image":"","twitter_title":"","twitter_description":"","twitter_image":""},"jnews_review":[],"enable_review":"0","type":"percentage","name":"","summary":"","brand":"","sku":"","good":[{"good_text":""}],"bad":[{"bad_text":""}],"score_override":"","override_value":"","rating":[{"rating_text":"","rating_number":"10"}],"price":[{"shop":"","price":"","link":"","icon":""}],"jnews_override_counter":{"override_view_counter":"0","view_counter_number":"0","override_share_counter":"0","share_counter_number":"0","override_like_counter":"0","like_counter_number":"0","override_dislike_counter":"0","dislike_counter_number":"0"},"jnews_post_split":{"enable_post_split":"0","post_split":[{"template":"1","tag":"h2","numbering":"asc","mode":"normal"}]},"footnotes":""},"categories":[341,104,8],"tags":[436,458,456,460,457,459,461],"class_list":["post-20824","post","type-post","status-publish","format-standard","has-post-thumbnail","hentry","category-cdp","category-departamento-de-salud","category-provinciales","tag-equipo-de-salud-provincial","tag-falta-de-controles","tag-hospital-vicente-aguero","tag-isopados","tag-senaf","tag-testeos","tag-trabajadores-de-la-salud"],"jetpack_featured_media_url":"https:\/\/atecordoba.org\/wp-content\/uploads\/2020\/07\/maturano_delegado-jesus-maria.jpg","_links":{"self":[{"href":"https:\/\/atecordoba.org\/index.php?rest_route=\/wp\/v2\/posts\/20824","targetHints":{"allow":["GET"]}}],"collection":[{"href":"https:\/\/atecordoba.org\/index.php?rest_route=\/wp\/v2\/posts"}],"about":[{"href":"https:\/\/atecordoba.org\/index.php?rest_route=\/wp\/v2\/types\/post"}],"author":[{"embeddable":true,"href":"https:\/\/atecordoba.org\/index.php?rest_route=\/wp\/v2\/users\/7"}],"replies":[{"embeddable":true,"href":"https:\/\/atecordoba.org\/index.php?rest_route=%2Fwp%2Fv2%2Fcomments&post=20824"}],"version-history":[{"count":5,"href":"https:\/\/atecordoba.org\/index.php?rest_route=\/wp\/v2\/posts\/20824\/revisions"}],"predecessor-version":[{"id":20847,"href":"https:\/\/atecordoba.org\/index.php?rest_route=\/wp\/v2\/posts\/20824\/revisions\/20847"}],"wp:featuredmedia":[{"embeddable":true,"href":"https:\/\/atecordoba.org\/index.php?rest_route=\/wp\/v2\/media\/20826"}],"wp:attachment":[{"href":"https:\/\/atecordoba.org\/index.php?rest_route=%2Fwp%2Fv2%2Fmedia&parent=20824"}],"wp:term":[{"taxonomy":"category","embeddable":true,"href":"https:\/\/atecordoba.org\/index.php?rest_route=%2Fwp%2Fv2%2Fcategories&post=20824"},{"taxonomy":"post_tag","embeddable":true,"href":"https:\/\/atecordoba.org\/index.php?rest_route=%2Fwp%2Fv2%2Ftags&post=20824"}],"curies":[{"name":"wp","href":"https:\/\/api.w.org\/{rel}","templated":true}]}}