{"id":20809,"date":"2020-07-23T15:05:25","date_gmt":"2020-07-23T18:05:25","guid":{"rendered":"http:\/\/atecordoba.org\/?p=20809"},"modified":"2020-07-24T10:15:51","modified_gmt":"2020-07-24T13:15:51","slug":"ate-rechazo-la-postergacion-de-la-discusion-salarial-del-segundo-semestre-de-2020-en-la-provincia","status":"publish","type":"post","link":"https:\/\/atecordoba.org\/?p=20809","title":{"rendered":"ATE rechaz\u00f3 la postergaci\u00f3n de la discusi\u00f3n salarial del segundo semestre de 2020 en la Provincia"},"content":{"rendered":"<p><img loading=\"lazy\" decoding=\"async\" class=\" wp-image-20207 aligncenter\" src=\"http:\/\/atecordoba.org\/wp-content\/uploads\/2020\/06\/DVR02222-300x200.jpg\" alt=\"\" width=\"605\" height=\"403\" srcset=\"https:\/\/atecordoba.org\/wp-content\/uploads\/2020\/06\/DVR02222-300x200.jpg 300w, https:\/\/atecordoba.org\/wp-content\/uploads\/2020\/06\/DVR02222-1024x683.jpg 1024w, https:\/\/atecordoba.org\/wp-content\/uploads\/2020\/06\/DVR02222-768x512.jpg 768w, https:\/\/atecordoba.org\/wp-content\/uploads\/2020\/06\/DVR02222-750x500.jpg 750w, https:\/\/atecordoba.org\/wp-content\/uploads\/2020\/06\/DVR02222-1140x760.jpg 1140w, https:\/\/atecordoba.org\/wp-content\/uploads\/2020\/06\/DVR02222.jpg 1467w\" sizes=\"auto, (max-width: 605px) 100vw, 605px\" \/>El Consejo Directivo Provincial de ATE C\u00f3rdoba rechaz\u00f3 hoy la postergaci\u00f3n de la paritaria resuelta por el gobierno de Schiaretti, que se habr\u00eda acordado en complicidad con otros gremios con actuaci\u00f3n en el Estado provincial.<\/p>\n<p>La medida afecta a miles de trabajadoras y trabajadores que vienen poniendo el cuerpo a la crisis sanitaria y econ\u00f3mica en C\u00f3rdoba mientras los sectores privilegiados, los grupos econ\u00f3micos, los bancos, los sojeros, los ricos en general, no hacen ning\u00fan aporte extraordinario en la provincia. Como siempre, el cordobesismo impone el esfuerzo a las y los trabajadores.<\/p>\n<p>Esta postergaci\u00f3n significa m\u00e1s carencias para las familias de los provinciales, que sufren a\u00f1os de magros salarios, adem\u00e1s de p\u00e9simas condiciones de trabajo como la precarizaci\u00f3n laboral, extendida en el Gobierno de C\u00f3rdoba, que debe ser motivo de discusi\u00f3n y correcci\u00f3n en la paritaria citada.<\/p>\n<p>En l\u00ednea con las postergaciones contra los trabajadores que promueve Schiaretti, otro tanto sucede con la actualizaci\u00f3n salarial del 5% para los sueldos del mes de julio \u2013a pagar en los primeros d\u00edas de agosto- que El Panal inform\u00f3 que pagar\u00e1 despu\u00e9s del 20 del mes que viene.<\/p>\n<p>\u00bfSe postergan los pagos de los car\u00edsimos servicios de EPEC, Ecogas o Aguas Cordobesas, que esquilman los bolsillos de las y los trabajadores? \u00bfSe postergan los aumentos en los precios de la mercader\u00eda de consumo masivo y popular? \u00bfTuvo el gobierno de Schiaretti alguna intervenci\u00f3n al respecto con las empresas de servicios, sean las estatales o privatizadas, o con las c\u00e1maras empresariales?<\/p>\n<p>No, ninguna. El cordobesismo solo promueve el ajuste y aprovecha la pandemia como marco para su aplicaci\u00f3n m\u00e1s brutal.<\/p>\n<p style=\"text-align: left;\">ATE repudia esta pol\u00edtica y exhorta a los trabajadores a organizarse para rechazar la p\u00e9rdida de derechos fundamentales, recordando que el salario tiene car\u00e1cter alimentario.<\/p>\n<p style=\"text-align: center;\"><strong>Consejo Directivo Provincial<\/strong><\/p>\n<p style=\"text-align: center;\"><strong>ATE C\u00f3rdoba<\/strong><\/p>\n","protected":false},"excerpt":{"rendered":"<p>El Consejo Directivo Provincial de ATE C\u00f3rdoba rechaz\u00f3 hoy la postergaci\u00f3n de la paritaria resuelta por el gobierno de Schiaretti, que se habr\u00eda acordado en complicidad con otros gremios con actuaci\u00f3n en el Estado provincial. La medida afecta a miles de trabajadoras y trabajadores que vienen poniendo el cuerpo a la crisis sanitaria y econ\u00f3mica [&hellip;]<\/p>\n","protected":false},"author":3,"featured_media":20207,"comment_status":"open","ping_status":"open","sticky":true,"template":"","format":"standard","meta":{"_exactmetrics_skip_tracking":false,"_exactmetrics_sitenote_active":false,"_exactmetrics_sitenote_note":"","_exactmetrics_sitenote_category":0,"jnews-multi-image_gallery":[],"jnews_single_post":{"source_name":"","source_url":"","via_name":"","via_url":"","override_template":"0","override":[{"template":"1","single_blog_custom":"","parallax":"1","fullscreen":"0","layout":"right-sidebar","sidebar":"default-sidebar","second_sidebar":"default-sidebar","sticky_sidebar":"1","share_position":"top","share_float_style":"share-monocrhome","show_share_counter":"1","show_view_counter":"1","show_featured":"1","show_post_meta":"1","show_post_author":"1","show_post_author_image":"1","show_post_date":"1","post_date_format":"default","post_date_format_custom":"Y\/m\/d","show_post_category":"1","show_post_reading_time":"0","post_reading_time_wpm":"300","show_zoom_button":"0","zoom_button_out_step":"2","zoom_button_in_step":"3","show_post_tag":"1","show_prev_next_post":"1","show_popup_post":"1","number_popup_post":"1","show_author_box":"0","show_post_related":"0","show_inline_post_related":"0"}],"override_image_size":"0","image_override":[{"single_post_thumbnail_size":"crop-500","single_post_gallery_size":"crop-500"}],"trending_post":"0","trending_post_position":"meta","trending_post_label":"Trending","sponsored_post":"0","sponsored_post_label":"Sponsored by","sponsored_post_name":"","sponsored_post_url":"","sponsored_post_logo_enable":"0","sponsored_post_logo":"","sponsored_post_desc":""},"jnews_primary_category":{"id":""},"jnews_social_meta":{"fb_title":"","fb_description":"","fb_image":"","twitter_title":"","twitter_description":"","twitter_image":""},"jnews_review":[],"enable_review":"0","type":"percentage","name":"","summary":"","brand":"","sku":"","good":[{"good_text":""}],"bad":[{"bad_text":""}],"score_override":"","override_value":"","rating":[{"rating_text":"","rating_number":"10"}],"price":[{"shop":"","price":"","link":"","icon":""}],"jnews_override_counter":{"override_view_counter":"0","view_counter_number":"0","override_share_counter":"0","share_counter_number":"0","override_like_counter":"0","like_counter_number":"0","override_dislike_counter":"0","dislike_counter_number":"0"},"jnews_post_split":{"enable_post_split":"0","post_split":[{"template":"1","tag":"h2","numbering":"asc","mode":"normal"}]},"footnotes":""},"categories":[53,341],"tags":[422,455,454],"class_list":["post-20809","post","type-post","status-publish","format-standard","has-post-thumbnail","hentry","category-comunicados-de-prensa","category-cdp","tag-ajuste-schiaretti","tag-paritaria-2020","tag-salarios"],"jetpack_featured_media_url":"https:\/\/atecordoba.org\/wp-content\/uploads\/2020\/06\/DVR02222.jpg","_links":{"self":[{"href":"https:\/\/atecordoba.org\/index.php?rest_route=\/wp\/v2\/posts\/20809","targetHints":{"allow":["GET"]}}],"collection":[{"href":"https:\/\/atecordoba.org\/index.php?rest_route=\/wp\/v2\/posts"}],"about":[{"href":"https:\/\/atecordoba.org\/index.php?rest_route=\/wp\/v2\/types\/post"}],"author":[{"embeddable":true,"href":"https:\/\/atecordoba.org\/index.php?rest_route=\/wp\/v2\/users\/3"}],"replies":[{"embeddable":true,"href":"https:\/\/atecordoba.org\/index.php?rest_route=%2Fwp%2Fv2%2Fcomments&post=20809"}],"version-history":[{"count":3,"href":"https:\/\/atecordoba.org\/index.php?rest_route=\/wp\/v2\/posts\/20809\/revisions"}],"predecessor-version":[{"id":20812,"href":"https:\/\/atecordoba.org\/index.php?rest_route=\/wp\/v2\/posts\/20809\/revisions\/20812"}],"wp:featuredmedia":[{"embeddable":true,"href":"https:\/\/atecordoba.org\/index.php?rest_route=\/wp\/v2\/media\/20207"}],"wp:attachment":[{"href":"https:\/\/atecordoba.org\/index.php?rest_route=%2Fwp%2Fv2%2Fmedia&parent=20809"}],"wp:term":[{"taxonomy":"category","embeddable":true,"href":"https:\/\/atecordoba.org\/index.php?rest_route=%2Fwp%2Fv2%2Fcategories&post=20809"},{"taxonomy":"post_tag","embeddable":true,"href":"https:\/\/atecordoba.org\/index.php?rest_route=%2Fwp%2Fv2%2Ftags&post=20809"}],"curies":[{"name":"wp","href":"https:\/\/api.w.org\/{rel}","templated":true}]}}