{"id":20794,"date":"2020-07-22T12:34:31","date_gmt":"2020-07-22T15:34:31","guid":{"rendered":"http:\/\/atecordoba.org\/?p=20794"},"modified":"2020-07-22T13:51:25","modified_gmt":"2020-07-22T16:51:25","slug":"municipales-el-pago-del-aguinaldo-en-san-agustin-se-realizara-la-semana-que-viene","status":"publish","type":"post","link":"https:\/\/atecordoba.org\/?p=20794","title":{"rendered":"Municipales: el pago del aguinaldo en San Agust\u00edn se realizar\u00e1 la semana que viene"},"content":{"rendered":"<p><img loading=\"lazy\" decoding=\"async\" class=\" wp-image-20795 aligncenter\" src=\"http:\/\/atecordoba.org\/wp-content\/uploads\/2020\/07\/rio-tercero-flyer-municipales-160x300.png\" alt=\"\" width=\"473\" height=\"887\" srcset=\"https:\/\/atecordoba.org\/wp-content\/uploads\/2020\/07\/rio-tercero-flyer-municipales-160x300.png 160w, https:\/\/atecordoba.org\/wp-content\/uploads\/2020\/07\/rio-tercero-flyer-municipales.png 460w\" sizes=\"auto, (max-width: 473px) 100vw, 473px\" \/>En el marco de una reuni\u00f3n paritaria con el Intendente de San Agust\u00edn, Ivan Ortega, representaci\u00f3n de la seccional de ATE R\u00edo Tercero, encabezada por el secretario Gremial, David Salto, y los dirigentes de la localidad Roberto Sosa y Victor Tisera, se oficializ\u00f3 que los aguinaldos ser\u00e1n pagados en su totalidad la semana entrante.<\/p>\n<p>En la reuni\u00f3n, adem\u00e1s, se acord\u00f3 con Ortega el pase al recibo de haberes del 6% no remunerativo otorgado este a\u00f1o a partir del pago de los salarios del mes de julio. En esa l\u00ednea, el intendente inform\u00f3 que ese porcentaje ser\u00e1 acompa\u00f1ado de un adicional que informar\u00e1 la semana que viene.<\/p>\n<p>Por \u00faltimo, la delegaci\u00f3n de ATE entreg\u00f3 un petitorio solicitando la recategorizaci\u00f3n de las y los compa\u00f1eros que realizan tareas por fuera de su categor\u00eda, en tanto se inform\u00f3 que\u00a0 a causa de la proximidad de algunas jubilaciones de personal de planta, se abre la posibilidad de contratar compa\u00f1eras y compa\u00f1eros que hoy se encuentran en condici\u00f3n de jornalizados.<\/p>\n","protected":false},"excerpt":{"rendered":"<p>En el marco de una reuni\u00f3n paritaria con el Intendente de San Agust\u00edn, Ivan Ortega, representaci\u00f3n de la seccional de ATE R\u00edo Tercero, encabezada por el secretario Gremial, David Salto, y los dirigentes de la localidad Roberto Sosa y Victor Tisera, se oficializ\u00f3 que los aguinaldos ser\u00e1n pagados en su totalidad la semana entrante. En [&hellip;]<\/p>\n","protected":false},"author":3,"featured_media":20795,"comment_status":"open","ping_status":"open","sticky":true,"template":"","format":"standard","meta":{"_exactmetrics_skip_tracking":false,"_exactmetrics_sitenote_active":false,"_exactmetrics_sitenote_note":"","_exactmetrics_sitenote_category":0,"jnews-multi-image_gallery":[],"jnews_single_post":{"source_name":"","source_url":"","via_name":"","via_url":"","override_template":"0","override":[{"template":"1","single_blog_custom":"","parallax":"1","fullscreen":"0","layout":"right-sidebar","sidebar":"default-sidebar","second_sidebar":"default-sidebar","sticky_sidebar":"1","share_position":"top","share_float_style":"share-monocrhome","show_share_counter":"1","show_view_counter":"1","show_featured":"1","show_post_meta":"1","show_post_author":"1","show_post_author_image":"1","show_post_date":"1","post_date_format":"default","post_date_format_custom":"Y\/m\/d","show_post_category":"1","show_post_reading_time":"0","post_reading_time_wpm":"300","show_zoom_button":"0","zoom_button_out_step":"2","zoom_button_in_step":"3","show_post_tag":"1","show_prev_next_post":"1","show_popup_post":"1","number_popup_post":"1","show_author_box":"0","show_post_related":"0","show_inline_post_related":"0"}],"override_image_size":"0","image_override":[{"single_post_thumbnail_size":"crop-500","single_post_gallery_size":"crop-500"}],"trending_post":"0","trending_post_position":"meta","trending_post_label":"Trending","sponsored_post":"0","sponsored_post_label":"Sponsored by","sponsored_post_name":"","sponsored_post_url":"","sponsored_post_logo_enable":"0","sponsored_post_logo":"","sponsored_post_desc":""},"jnews_primary_category":{"id":""},"jnews_social_meta":{"fb_title":"","fb_description":"","fb_image":"","twitter_title":"","twitter_description":"","twitter_image":""},"jnews_review":[],"enable_review":"0","type":"percentage","name":"","summary":"","brand":"","sku":"","good":[{"good_text":""}],"bad":[{"bad_text":""}],"score_override":"","override_value":"","rating":[{"rating_text":"","rating_number":"10"}],"price":[{"shop":"","price":"","link":"","icon":""}],"jnews_override_counter":{"override_view_counter":"0","view_counter_number":"0","override_share_counter":"0","share_counter_number":"0","override_like_counter":"0","like_counter_number":"0","override_dislike_counter":"0","dislike_counter_number":"0"},"jnews_post_split":{"enable_post_split":"0","post_split":[{"template":"1","tag":"h2","numbering":"asc","mode":"normal"}]},"footnotes":""},"categories":[20,13,34],"tags":[446,444,445,406],"class_list":["post-20794","post","type-post","status-publish","format-standard","has-post-thumbnail","hentry","category-municipales","category-rio-tercero","category-seccionales","tag-adicional-salarial","tag-banqueo-salarial","tag-san-agustin","tag-seccional-rio-tercero"],"jetpack_featured_media_url":"https:\/\/atecordoba.org\/wp-content\/uploads\/2020\/07\/rio-tercero-flyer-municipales.png","_links":{"self":[{"href":"https:\/\/atecordoba.org\/index.php?rest_route=\/wp\/v2\/posts\/20794","targetHints":{"allow":["GET"]}}],"collection":[{"href":"https:\/\/atecordoba.org\/index.php?rest_route=\/wp\/v2\/posts"}],"about":[{"href":"https:\/\/atecordoba.org\/index.php?rest_route=\/wp\/v2\/types\/post"}],"author":[{"embeddable":true,"href":"https:\/\/atecordoba.org\/index.php?rest_route=\/wp\/v2\/users\/3"}],"replies":[{"embeddable":true,"href":"https:\/\/atecordoba.org\/index.php?rest_route=%2Fwp%2Fv2%2Fcomments&post=20794"}],"version-history":[{"count":1,"href":"https:\/\/atecordoba.org\/index.php?rest_route=\/wp\/v2\/posts\/20794\/revisions"}],"predecessor-version":[{"id":20796,"href":"https:\/\/atecordoba.org\/index.php?rest_route=\/wp\/v2\/posts\/20794\/revisions\/20796"}],"wp:featuredmedia":[{"embeddable":true,"href":"https:\/\/atecordoba.org\/index.php?rest_route=\/wp\/v2\/media\/20795"}],"wp:attachment":[{"href":"https:\/\/atecordoba.org\/index.php?rest_route=%2Fwp%2Fv2%2Fmedia&parent=20794"}],"wp:term":[{"taxonomy":"category","embeddable":true,"href":"https:\/\/atecordoba.org\/index.php?rest_route=%2Fwp%2Fv2%2Fcategories&post=20794"},{"taxonomy":"post_tag","embeddable":true,"href":"https:\/\/atecordoba.org\/index.php?rest_route=%2Fwp%2Fv2%2Ftags&post=20794"}],"curies":[{"name":"wp","href":"https:\/\/api.w.org\/{rel}","templated":true}]}}