{"id":20790,"date":"2020-07-22T12:14:44","date_gmt":"2020-07-22T15:14:44","guid":{"rendered":"http:\/\/atecordoba.org\/?p=20790"},"modified":"2020-07-22T12:15:38","modified_gmt":"2020-07-22T15:15:38","slug":"audiencia-con-autoridades-del-nuevo-hospital-de-rio-cuarto","status":"publish","type":"post","link":"https:\/\/atecordoba.org\/?p=20790","title":{"rendered":"Audiencia con autoridades del Nuevo Hospital de R\u00edo Cuarto"},"content":{"rendered":"<figure id=\"attachment_20791\" aria-describedby=\"caption-attachment-20791\" style=\"width: 601px\" class=\"wp-caption aligncenter\"><img loading=\"lazy\" decoding=\"async\" class=\"wp-image-20791\" src=\"http:\/\/atecordoba.org\/wp-content\/uploads\/2020\/07\/audiencia-hosp-rio-cuarto-300x225.jpg\" alt=\"\" width=\"601\" height=\"451\" srcset=\"https:\/\/atecordoba.org\/wp-content\/uploads\/2020\/07\/audiencia-hosp-rio-cuarto-300x225.jpg 300w, https:\/\/atecordoba.org\/wp-content\/uploads\/2020\/07\/audiencia-hosp-rio-cuarto.jpg 650w\" sizes=\"auto, (max-width: 601px) 100vw, 601px\" \/><figcaption id=\"caption-attachment-20791\" class=\"wp-caption-text\">La audiencia se realiz\u00f3 respetando el protocolo de distanciamiento social.<\/figcaption><\/figure>\n<p>Uno de los puntos de la lista del petitorio fue la solicitud de informaci\u00f3n respecto a la incorporaci\u00f3n\u00a0de personal a la Comisi\u00f3n de Control de Infecciones, situaci\u00f3n que se present\u00f3 en una audiencia previa.\u00a0<span class=\"text_exposed_show\">Otro de los \u00edtems que ATE propuso fue la incorporaci\u00f3n de alg\u00fan representante del \u00c1rea de Salud Mental al COE\u00a0Regional.<\/span><\/p>\n<p><span class=\"text_exposed_show\">En esa misma l\u00ednea, se plante\u00f3 la importancia de la participaci\u00f3n de las y los trabajadores del Equipo de Salud Mental en la toma de decisiones que refieren a la din\u00e1mica del servicio, din\u00e1micas que tienen relaci\u00f3n directamente con las prestaciones, el espacio f\u00edsico, modalidad de abordaje del servicio, entre otras.<br \/>\n<\/span><\/p>\n<p><span class=\"text_exposed_show\">Finalmente, se coment\u00f3 sobre la continuidad de una residente que pertenece al \u00c1rea de Salud Mental.<br \/>\n<\/span><\/p>\n<p><span class=\"text_exposed_show\">De la reuni\u00f3n participaron la Secretaria General de ATE Seccional R\u00edo Cuarto, Rafaela Alcoba y Mauricio Macci\u00f3, Secretario de Finanzas, acompa\u00f1ados por las representantes del sector de Salud Mental, las doctoras Mabel Nieto y Andrea Ferreyra.<\/span><\/p>\n<p><span class=\"text_exposed_show\">Por parte del Nuevo Hospital R\u00edo Cuarto estuvieron presentes la Vicedirectora, Valeria Alaniz; Fernando Baudino, Secretario T\u00e9cnico e Irma Aguirre, Jefa de Recursos Humanos.<\/span><\/p>\n","protected":false},"excerpt":{"rendered":"<p>Uno de los puntos de la lista del petitorio fue la solicitud de informaci\u00f3n respecto a la incorporaci\u00f3n\u00a0de personal a la Comisi\u00f3n de Control de Infecciones, situaci\u00f3n que se present\u00f3 en una audiencia previa.\u00a0Otro de los \u00edtems que ATE propuso fue la incorporaci\u00f3n de alg\u00fan representante del \u00c1rea de Salud Mental al COE\u00a0Regional. En esa [&hellip;]<\/p>\n","protected":false},"author":3,"featured_media":20791,"comment_status":"open","ping_status":"open","sticky":true,"template":"","format":"standard","meta":{"_exactmetrics_skip_tracking":false,"_exactmetrics_sitenote_active":false,"_exactmetrics_sitenote_note":"","_exactmetrics_sitenote_category":0,"jnews-multi-image_gallery":[],"jnews_single_post":{"source_name":"","source_url":"","via_name":"","via_url":"","override_template":"0","override":[{"template":"1","single_blog_custom":"","parallax":"1","fullscreen":"0","layout":"right-sidebar","sidebar":"default-sidebar","second_sidebar":"default-sidebar","sticky_sidebar":"1","share_position":"top","share_float_style":"share-monocrhome","show_share_counter":"1","show_view_counter":"1","show_featured":"1","show_post_meta":"1","show_post_author":"1","show_post_author_image":"1","show_post_date":"1","post_date_format":"default","post_date_format_custom":"Y\/m\/d","show_post_category":"1","show_post_reading_time":"0","post_reading_time_wpm":"300","show_zoom_button":"0","zoom_button_out_step":"2","zoom_button_in_step":"3","show_post_tag":"1","show_prev_next_post":"1","show_popup_post":"1","number_popup_post":"1","show_author_box":"0","show_post_related":"0","show_inline_post_related":"0"}],"override_image_size":"0","image_override":[{"single_post_thumbnail_size":"crop-500","single_post_gallery_size":"crop-500"}],"trending_post":"0","trending_post_position":"meta","trending_post_label":"Trending","sponsored_post":"0","sponsored_post_label":"Sponsored by","sponsored_post_name":"","sponsored_post_url":"","sponsored_post_logo_enable":"0","sponsored_post_logo":"","sponsored_post_desc":""},"jnews_primary_category":{"id":""},"jnews_social_meta":{"fb_title":"","fb_description":"","fb_image":"","twitter_title":"","twitter_description":"","twitter_image":""},"jnews_review":[],"enable_review":"0","type":"percentage","name":"","summary":"","brand":"","sku":"","good":[{"good_text":""}],"bad":[{"bad_text":""}],"score_override":"","override_value":"","rating":[{"rating_text":"","rating_number":"10"}],"price":[{"shop":"","price":"","link":"","icon":""}],"jnews_override_counter":{"override_view_counter":"0","view_counter_number":"0","override_share_counter":"0","share_counter_number":"0","override_like_counter":"0","like_counter_number":"0","override_dislike_counter":"0","dislike_counter_number":"0"},"jnews_post_split":{"enable_post_split":"0","post_split":[{"template":"1","tag":"h2","numbering":"asc","mode":"normal"}]},"footnotes":""},"categories":[104,8,12,34],"tags":[442,25,443],"class_list":["post-20790","post","type-post","status-publish","format-standard","has-post-thumbnail","hentry","category-departamento-de-salud","category-provinciales","category-rio-cuarto","category-seccionales","tag-nuevo-hospital-regional","tag-rio-cuarto-2","tag-seccional"],"jetpack_featured_media_url":"https:\/\/atecordoba.org\/wp-content\/uploads\/2020\/07\/audiencia-hosp-rio-cuarto.jpg","_links":{"self":[{"href":"https:\/\/atecordoba.org\/index.php?rest_route=\/wp\/v2\/posts\/20790","targetHints":{"allow":["GET"]}}],"collection":[{"href":"https:\/\/atecordoba.org\/index.php?rest_route=\/wp\/v2\/posts"}],"about":[{"href":"https:\/\/atecordoba.org\/index.php?rest_route=\/wp\/v2\/types\/post"}],"author":[{"embeddable":true,"href":"https:\/\/atecordoba.org\/index.php?rest_route=\/wp\/v2\/users\/3"}],"replies":[{"embeddable":true,"href":"https:\/\/atecordoba.org\/index.php?rest_route=%2Fwp%2Fv2%2Fcomments&post=20790"}],"version-history":[{"count":2,"href":"https:\/\/atecordoba.org\/index.php?rest_route=\/wp\/v2\/posts\/20790\/revisions"}],"predecessor-version":[{"id":20793,"href":"https:\/\/atecordoba.org\/index.php?rest_route=\/wp\/v2\/posts\/20790\/revisions\/20793"}],"wp:featuredmedia":[{"embeddable":true,"href":"https:\/\/atecordoba.org\/index.php?rest_route=\/wp\/v2\/media\/20791"}],"wp:attachment":[{"href":"https:\/\/atecordoba.org\/index.php?rest_route=%2Fwp%2Fv2%2Fmedia&parent=20790"}],"wp:term":[{"taxonomy":"category","embeddable":true,"href":"https:\/\/atecordoba.org\/index.php?rest_route=%2Fwp%2Fv2%2Fcategories&post=20790"},{"taxonomy":"post_tag","embeddable":true,"href":"https:\/\/atecordoba.org\/index.php?rest_route=%2Fwp%2Fv2%2Ftags&post=20790"}],"curies":[{"name":"wp","href":"https:\/\/api.w.org\/{rel}","templated":true}]}}