{"id":20786,"date":"2020-07-22T12:08:45","date_gmt":"2020-07-22T15:08:45","guid":{"rendered":"http:\/\/atecordoba.org\/?p=20786"},"modified":"2020-07-22T12:08:45","modified_gmt":"2020-07-22T15:08:45","slug":"por-prevencion-la-fabrica-militar-de-villa-maria-estara-paralizada-hasta-nuevo-aviso","status":"publish","type":"post","link":"https:\/\/atecordoba.org\/?p=20786","title":{"rendered":"Por prevenci\u00f3n, la F\u00e1brica Militar de Villa Mar\u00eda estar\u00e1 paralizada hasta nuevo aviso"},"content":{"rendered":"<figure id=\"attachment_20788\" aria-describedby=\"caption-attachment-20788\" style=\"width: 600px\" class=\"wp-caption aligncenter\"><img loading=\"lazy\" decoding=\"async\" class=\"wp-image-20788\" src=\"http:\/\/atecordoba.org\/wp-content\/uploads\/2020\/07\/fernando-mercado-281x300.jpg\" alt=\"\" width=\"600\" height=\"640\" srcset=\"https:\/\/atecordoba.org\/wp-content\/uploads\/2020\/07\/fernando-mercado-281x300.jpg 281w, https:\/\/atecordoba.org\/wp-content\/uploads\/2020\/07\/fernando-mercado.jpg 450w\" sizes=\"auto, (max-width: 600px) 100vw, 600px\" \/><figcaption id=\"caption-attachment-20788\" class=\"wp-caption-text\">El secretario General de ATE Villa Mar\u00eda, Fernando Mercado.<\/figcaption><\/figure>\n<p>Ayer el secretario General de la seccional de ATE Villa Mar\u00eda, Fernando Mercado, inform\u00f3 que los trabajadores de Fabricaciones Militares Villa Mar\u00eda (FMVM) no prestar\u00e1n tareas a hasta nuevo aviso, tras prestar servicio durante la jornada del lunes.<\/p>\n<p>Todo esto, seg\u00fan manifest\u00f3 Mercado, tiene que ver \u201cestrictamente por cuestiones preventivas\u201d.<\/p>\n<aside class=\"htmlinline \"><\/aside>\n<p>En un texto que fue difundido para la prensa, el dirigente asegur\u00f3 que \u201ccon motivo de la preocupaci\u00f3n y estado de alarma con respecto al COVID-19 que se vive en la ciudad y el resto del pa\u00eds, sumando los casos positivos que han sido detectados en ciudades cercanas a la nuestra, los trabajadores de la FMVM, por decisi\u00f3n conjunta de sus autoridades regresar\u00e1n hoy a sus hogares y no prestar\u00e1n tareas hasta nuevo aviso, esto es estrictamente por cuestiones preventivas\u201d.<\/p>\n<p>En ese mismo sentido, Mercado llev\u00f3 tranquilidad a la poblaci\u00f3n ya que\u00a0\u201ceste lunes a la ma\u00f1ana el director de la Fabrica Militar de Villa Mar\u00eda, en consultas con las m\u00e1ximas autoridades de Fabricaciones Militares, tom\u00f3 la decisi\u00f3n de extremar las medidas al m\u00e1ximo a fines de preventivamente evitar una mayor propagaci\u00f3n de la pandemia en caso de agravarse la situaci\u00f3n en nuestra ciudad\u201d.<\/p>\n<p>De igual modo, asegur\u00f3 que \u201csolamente cumplir\u00e1 tareas aquel personal que est\u00e1 destinado a la seguridad interna, sectores de sanidad, y personal m\u00ednimo administrativo en sus oficinas, adem\u00e1s de alg\u00fan personal adicional en caso de extrema necesidad\u201d. Aclar\u00f3 tambi\u00e9n que durante los \u00faltimos d\u00edas solo asistir\u00e1 al Polvor\u00edn \u201cun reducido grupo de operarios calificados de las plantas de explosivos a fines de limpieza y desactivaci\u00f3n de materiales peligrosos por motivos de seguridad\u201d. A medida que estos \u00faltimos culminen tal accionar, ser\u00e1n enviados a cumplir una cuarentena estricta a sus hogares.<\/p>\n<p>No hay casos positivos ni sospechosos<\/p>\n<p>\u201cHoy somos 200 compa\u00f1eros trabajadores esenciales en FMVM realizando tareas m\u00ednimas de producci\u00f3n e higiene y hay que dejar bien en claro que no hay ning\u00fan caso positivo ni sospechoso entre ninguno de estos trabajadores\u201d, expres\u00f3 Mercado.<\/p>\n<p>\u201cDurante esta etapa de producci\u00f3n m\u00ednima estuvimos trabajamos todos los d\u00edas con todas las medidas de distanciamiento social e higiene correspondiente. Pero bien quer\u00edamos llevar tranquilidad a toda la poblaci\u00f3n y evitar as\u00ed la propagaci\u00f3n de falsas noticias como lamentablemente venimos padeciendo por parte de algunas personas irresponsables durante los \u00faltimos d\u00edas en nuestra ciudad\u201d, cerr\u00f3.<\/p>\n<div class=\"addtoany_share_save_container addtoany_content addtoany_content_bottom\">\n<div class=\"a2a_kit a2a_kit_size_32 addtoany_list\" data-a2a-url=\"http:\/\/ctaacordoba.org\/por-prevencion-la-fabrica-militar-de-villa-maria-estara-paralizada-hasta-nuevo-aviso\/\" data-a2a-title=\"Por prevenci\u00f3n, la F\u00e1brica Militar de Villa Mar\u00eda estar\u00e1 paralizada hasta nuevo aviso\"><\/div>\n<\/div>\n","protected":false},"excerpt":{"rendered":"<p>Ayer el secretario General de la seccional de ATE Villa Mar\u00eda, Fernando Mercado, inform\u00f3 que los trabajadores de Fabricaciones Militares Villa Mar\u00eda (FMVM) no prestar\u00e1n tareas a hasta nuevo aviso, tras prestar servicio durante la jornada del lunes. Todo esto, seg\u00fan manifest\u00f3 Mercado, tiene que ver \u201cestrictamente por cuestiones preventivas\u201d. En un texto que fue [&hellip;]<\/p>\n","protected":false},"author":3,"featured_media":20788,"comment_status":"open","ping_status":"open","sticky":true,"template":"","format":"standard","meta":{"_exactmetrics_skip_tracking":false,"_exactmetrics_sitenote_active":false,"_exactmetrics_sitenote_note":"","_exactmetrics_sitenote_category":0,"jnews-multi-image_gallery":[],"jnews_single_post":{"source_name":"","source_url":"","via_name":"","via_url":"","override_template":"0","override":[{"template":"1","single_blog_custom":"","parallax":"1","fullscreen":"0","layout":"right-sidebar","sidebar":"default-sidebar","second_sidebar":"default-sidebar","sticky_sidebar":"1","share_position":"top","share_float_style":"share-monocrhome","show_share_counter":"1","show_view_counter":"1","show_featured":"1","show_post_meta":"1","show_post_author":"1","show_post_author_image":"1","show_post_date":"1","post_date_format":"default","post_date_format_custom":"Y\/m\/d","show_post_category":"1","show_post_reading_time":"0","post_reading_time_wpm":"300","show_zoom_button":"0","zoom_button_out_step":"2","zoom_button_in_step":"3","show_post_tag":"1","show_prev_next_post":"1","show_popup_post":"1","number_popup_post":"1","show_author_box":"0","show_post_related":"0","show_inline_post_related":"0"}],"override_image_size":"0","image_override":[{"single_post_thumbnail_size":"crop-500","single_post_gallery_size":"crop-500"}],"trending_post":"0","trending_post_position":"meta","trending_post_label":"Trending","sponsored_post":"0","sponsored_post_label":"Sponsored by","sponsored_post_name":"","sponsored_post_url":"","sponsored_post_logo_enable":"0","sponsored_post_logo":"","sponsored_post_desc":""},"jnews_primary_category":{"id":""},"jnews_social_meta":{"fb_title":"","fb_description":"","fb_image":"","twitter_title":"","twitter_description":"","twitter_image":""},"jnews_review":[],"enable_review":"0","type":"percentage","name":"","summary":"","brand":"","sku":"","good":[{"good_text":""}],"bad":[{"bad_text":""}],"score_override":"","override_value":"","rating":[{"rating_text":"","rating_number":"10"}],"price":[{"shop":"","price":"","link":"","icon":""}],"jnews_override_counter":{"override_view_counter":"0","view_counter_number":"0","override_share_counter":"0","share_counter_number":"0","override_like_counter":"0","like_counter_number":"0","override_dislike_counter":"0","dislike_counter_number":"0"},"jnews_post_split":{"enable_post_split":"0","post_split":[{"template":"1","tag":"h2","numbering":"asc","mode":"normal"}]},"footnotes":""},"categories":[18,1,14],"tags":[358,391,441],"class_list":["post-20786","post","type-post","status-publish","format-standard","has-post-thumbnail","hentry","category-nacionales","category-sin-categoria","category-villa-maria","tag-covid-19","tag-cuarentena","tag-receso-laboral"],"jetpack_featured_media_url":"https:\/\/atecordoba.org\/wp-content\/uploads\/2020\/07\/fernando-mercado.jpg","_links":{"self":[{"href":"https:\/\/atecordoba.org\/index.php?rest_route=\/wp\/v2\/posts\/20786","targetHints":{"allow":["GET"]}}],"collection":[{"href":"https:\/\/atecordoba.org\/index.php?rest_route=\/wp\/v2\/posts"}],"about":[{"href":"https:\/\/atecordoba.org\/index.php?rest_route=\/wp\/v2\/types\/post"}],"author":[{"embeddable":true,"href":"https:\/\/atecordoba.org\/index.php?rest_route=\/wp\/v2\/users\/3"}],"replies":[{"embeddable":true,"href":"https:\/\/atecordoba.org\/index.php?rest_route=%2Fwp%2Fv2%2Fcomments&post=20786"}],"version-history":[{"count":2,"href":"https:\/\/atecordoba.org\/index.php?rest_route=\/wp\/v2\/posts\/20786\/revisions"}],"predecessor-version":[{"id":20789,"href":"https:\/\/atecordoba.org\/index.php?rest_route=\/wp\/v2\/posts\/20786\/revisions\/20789"}],"wp:featuredmedia":[{"embeddable":true,"href":"https:\/\/atecordoba.org\/index.php?rest_route=\/wp\/v2\/media\/20788"}],"wp:attachment":[{"href":"https:\/\/atecordoba.org\/index.php?rest_route=%2Fwp%2Fv2%2Fmedia&parent=20786"}],"wp:term":[{"taxonomy":"category","embeddable":true,"href":"https:\/\/atecordoba.org\/index.php?rest_route=%2Fwp%2Fv2%2Fcategories&post=20786"},{"taxonomy":"post_tag","embeddable":true,"href":"https:\/\/atecordoba.org\/index.php?rest_route=%2Fwp%2Fv2%2Ftags&post=20786"}],"curies":[{"name":"wp","href":"https:\/\/api.w.org\/{rel}","templated":true}]}}