{"id":20784,"date":"2020-07-22T12:37:48","date_gmt":"2020-07-22T15:37:48","guid":{"rendered":"http:\/\/atecordoba.org\/?p=20784"},"modified":"2020-07-22T13:55:04","modified_gmt":"2020-07-22T16:55:04","slug":"ate-reclamo-a-schiaretti-una-compensacion-salarial-de-8000-pesos-por-gastos-de-traslado","status":"publish","type":"post","link":"https:\/\/atecordoba.org\/?p=20784","title":{"rendered":"ATE reclam\u00f3 a Schiaretti una compensaci\u00f3n salarial de 8000 pesos por gastos de traslado"},"content":{"rendered":"<figure id=\"attachment_20785\" aria-describedby=\"caption-attachment-20785\" style=\"width: 615px\" class=\"wp-caption aligncenter\"><img loading=\"lazy\" decoding=\"async\" class=\"wp-image-20785\" src=\"http:\/\/atecordoba.org\/wp-content\/uploads\/2020\/07\/transporte-300x225.jpg\" alt=\"\" width=\"615\" height=\"461\" srcset=\"https:\/\/atecordoba.org\/wp-content\/uploads\/2020\/07\/transporte-300x225.jpg 300w, https:\/\/atecordoba.org\/wp-content\/uploads\/2020\/07\/transporte-768x576.jpg 768w, https:\/\/atecordoba.org\/wp-content\/uploads\/2020\/07\/transporte-750x563.jpg 750w, https:\/\/atecordoba.org\/wp-content\/uploads\/2020\/07\/transporte.jpg 800w\" sizes=\"auto, (max-width: 615px) 100vw, 615px\" \/><figcaption id=\"caption-attachment-20785\" class=\"wp-caption-text\">Imagen gen\u00e9rica del sistema de transporte (archivo).<\/figcaption><\/figure>\n<p>El Consejo Directivo Provincial de ATE C\u00f3rdoba reclam\u00f3 por nota hoy al gobernador Juan Schiaretti una compensaci\u00f3n en calidad de suplemento salarial por movilidad por un monto de 8000 pesos, debido al aumento de los gastos de transporte durante la pandemia.<\/p>\n<p>El reclamo obedece al aumento significativo que implica ir al lugar de trabajo y volver a su domicilio para las y los trabajadores ya que no hay servicio de transporte p\u00fablico interurbano hace m\u00e1s de 100 d\u00edas y 20 d\u00edas en el caso del transporte urbano en C\u00f3rdoba Capital debido a los conflictos gremiales que enfrentan ambos sectores.<\/p>\n<p>Cabe se\u00f1alar que Aoita, gremio que representa a las y los trabajadores del servicio de transporte interurbano, acept\u00f3 reducir un 25% sus salarios y aun as\u00ed las patronales no cumplieron con el compromiso asumido de completar los salarios de abril y mayo, en tanto en junio solo pagaron 5000 pesos.<\/p>\n<p>\u201cAl margen de la compleja situaci\u00f3n que atraviesa el conjunto de los trabajadores del Estado Provincial, hay un grupo que claramente se ha visto m\u00e1s perjudicado, aquellos que prestan servicios esenciales (Decreto de Necesidad y Urgencia N\u00ba297\/2020 y Decreto Provincial N\u00ba 195\/2020) y que inexorablemente \u00a0est\u00e1n obligados a concurrir a sus lugares de trabajo y prestar servicios, lo cual hicieron a pesar de los innumerables problemas que debieron sortear para trasladarse a los mismos\u201d, describe la misiva que ingres\u00f3 hoy al Panal.<\/p>\n<p>Y concluye: \u201cTodo ello como un estricto acto de justicia y como un paliativo de parte del gobierno provincial hacia quienes han sido el sost\u00e9n de los servicios esenciales durante esta pandemia, garantizando la presencia del Estado, la concreci\u00f3n y realizaci\u00f3n de las pol\u00edticas p\u00fablicas en \u00e1reas sensibles, dando respuestas a toda la comunidad y en particular a los sectores m\u00e1s vulnerables\u201d.<\/p>\n<div id='gallery_1' class='gallery galleryid-20784 gallery-columns-2 gallery-size-large'><figure class='gallery-item'>\n                <div class='gallery-icon portrait'>\n                    <a href='https:\/\/atecordoba.org\/wp-content\/uploads\/2020\/07\/nota-schiaretti-compensacion-x-transporte_recibido-2.jpeg'><img loading=\"lazy\" decoding=\"async\" width=\"768\" height=\"1024\" src=\"\" class=\"attachment-large size-large lazyload\" alt=\"\" aria-describedby=\"gallery_1-20798\" data-src=\"https:\/\/atecordoba.org\/wp-content\/uploads\/2020\/07\/nota-schiaretti-compensacion-x-transporte_recibido-2-768x1024.jpeg\" data-sizes=\"auto\" data-srcset=\"https:\/\/atecordoba.org\/wp-content\/uploads\/2020\/07\/nota-schiaretti-compensacion-x-transporte_recibido-2-768x1024.jpeg 768w, https:\/\/atecordoba.org\/wp-content\/uploads\/2020\/07\/nota-schiaretti-compensacion-x-transporte_recibido-2-225x300.jpeg 225w, https:\/\/atecordoba.org\/wp-content\/uploads\/2020\/07\/nota-schiaretti-compensacion-x-transporte_recibido-2-750x1000.jpeg 750w, https:\/\/atecordoba.org\/wp-content\/uploads\/2020\/07\/nota-schiaretti-compensacion-x-transporte_recibido-2.jpeg 774w\" data-expand=\"700\" \/><\/a>\n                <\/div>\n                    <figcaption class='wp-caption-text gallery-caption' id='gallery_1-20798'>\n                    Nota presentada por ATE C\u00f3rdoba el martes pasado\n                    <\/figcaption><\/figure><figure class='gallery-item'>\n                <div class='gallery-icon portrait'>\n                    <a href='https:\/\/atecordoba.org\/wp-content\/uploads\/2020\/07\/nota-schiaretti-compensacion-x-transporte_recibido-1.jpeg'><img loading=\"lazy\" decoding=\"async\" width=\"768\" height=\"1024\" src=\"\" class=\"attachment-large size-large lazyload\" alt=\"\" aria-describedby=\"gallery_1-20797\" data-src=\"https:\/\/atecordoba.org\/wp-content\/uploads\/2020\/07\/nota-schiaretti-compensacion-x-transporte_recibido-1-768x1024.jpeg\" data-sizes=\"auto\" data-srcset=\"https:\/\/atecordoba.org\/wp-content\/uploads\/2020\/07\/nota-schiaretti-compensacion-x-transporte_recibido-1-768x1024.jpeg 768w, https:\/\/atecordoba.org\/wp-content\/uploads\/2020\/07\/nota-schiaretti-compensacion-x-transporte_recibido-1-225x300.jpeg 225w, https:\/\/atecordoba.org\/wp-content\/uploads\/2020\/07\/nota-schiaretti-compensacion-x-transporte_recibido-1-750x1000.jpeg 750w, https:\/\/atecordoba.org\/wp-content\/uploads\/2020\/07\/nota-schiaretti-compensacion-x-transporte_recibido-1.jpeg 774w\" data-expand=\"700\" \/><\/a>\n                <\/div>\n                    <figcaption class='wp-caption-text gallery-caption' id='gallery_1-20797'>\n                    Nota presentada por ATE C\u00f3rdoba el martes pasado\n                    <\/figcaption><\/figure><br style=\"clear: both\" \/>\n            <\/div>\n\n<p>&nbsp;<\/p>\n","protected":false},"excerpt":{"rendered":"<p>El Consejo Directivo Provincial de ATE C\u00f3rdoba reclam\u00f3 por nota hoy al gobernador Juan Schiaretti una compensaci\u00f3n en calidad de suplemento salarial por movilidad por un monto de 8000 pesos, debido al aumento de los gastos de transporte durante la pandemia. El reclamo obedece al aumento significativo que implica ir al lugar de trabajo y [&hellip;]<\/p>\n","protected":false},"author":3,"featured_media":20785,"comment_status":"open","ping_status":"open","sticky":true,"template":"","format":"standard","meta":{"_exactmetrics_skip_tracking":false,"_exactmetrics_sitenote_active":false,"_exactmetrics_sitenote_note":"","_exactmetrics_sitenote_category":0,"jnews-multi-image_gallery":[],"jnews_single_post":{"source_name":"","source_url":"","via_name":"","via_url":"","override_template":"0","override":[{"template":"1","single_blog_custom":"","parallax":"1","fullscreen":"0","layout":"right-sidebar","sidebar":"default-sidebar","second_sidebar":"default-sidebar","sticky_sidebar":"1","share_position":"top","share_float_style":"share-monocrhome","show_share_counter":"1","show_view_counter":"1","show_featured":"1","show_post_meta":"1","show_post_author":"1","show_post_author_image":"1","show_post_date":"1","post_date_format":"default","post_date_format_custom":"Y\/m\/d","show_post_category":"1","show_post_reading_time":"0","post_reading_time_wpm":"300","show_zoom_button":"0","zoom_button_out_step":"2","zoom_button_in_step":"3","show_post_tag":"1","show_prev_next_post":"1","show_popup_post":"1","number_popup_post":"1","show_author_box":"0","show_post_related":"0","show_inline_post_related":"0"}],"override_image_size":"0","image_override":[{"single_post_thumbnail_size":"crop-500","single_post_gallery_size":"crop-500"}],"trending_post":"0","trending_post_position":"meta","trending_post_label":"Trending","sponsored_post":"0","sponsored_post_label":"Sponsored by","sponsored_post_name":"","sponsored_post_url":"","sponsored_post_logo_enable":"0","sponsored_post_logo":"","sponsored_post_desc":""},"jnews_primary_category":{"id":""},"jnews_social_meta":{"fb_title":"","fb_description":"","fb_image":"","twitter_title":"","twitter_description":"","twitter_image":""},"jnews_review":[],"enable_review":"0","type":"percentage","name":"","summary":"","brand":"","sku":"","good":[{"good_text":""}],"bad":[{"bad_text":""}],"score_override":"","override_value":"","rating":[{"rating_text":"","rating_number":"10"}],"price":[{"shop":"","price":"","link":"","icon":""}],"jnews_override_counter":{"override_view_counter":"0","view_counter_number":"0","override_share_counter":"0","share_counter_number":"0","override_like_counter":"0","like_counter_number":"0","override_dislike_counter":"0","dislike_counter_number":"0"},"jnews_post_split":{"enable_post_split":"0","post_split":[{"template":"1","tag":"h2","numbering":"asc","mode":"normal"}]},"footnotes":""},"categories":[341,400,8],"tags":[449,448,450,447,451],"class_list":["post-20784","post","type-post","status-publish","format-standard","has-post-thumbnail","hentry","category-cdp","category-estamentos","category-provinciales","tag-8000-pesos","tag-ghastos-suplementarios-en-transporte","tag-paro-aoita","tag-paro-de-transporte","tag-paro-uta"],"jetpack_featured_media_url":"https:\/\/atecordoba.org\/wp-content\/uploads\/2020\/07\/transporte.jpg","_links":{"self":[{"href":"https:\/\/atecordoba.org\/index.php?rest_route=\/wp\/v2\/posts\/20784","targetHints":{"allow":["GET"]}}],"collection":[{"href":"https:\/\/atecordoba.org\/index.php?rest_route=\/wp\/v2\/posts"}],"about":[{"href":"https:\/\/atecordoba.org\/index.php?rest_route=\/wp\/v2\/types\/post"}],"author":[{"embeddable":true,"href":"https:\/\/atecordoba.org\/index.php?rest_route=\/wp\/v2\/users\/3"}],"replies":[{"embeddable":true,"href":"https:\/\/atecordoba.org\/index.php?rest_route=%2Fwp%2Fv2%2Fcomments&post=20784"}],"version-history":[{"count":3,"href":"https:\/\/atecordoba.org\/index.php?rest_route=\/wp\/v2\/posts\/20784\/revisions"}],"predecessor-version":[{"id":20801,"href":"https:\/\/atecordoba.org\/index.php?rest_route=\/wp\/v2\/posts\/20784\/revisions\/20801"}],"wp:featuredmedia":[{"embeddable":true,"href":"https:\/\/atecordoba.org\/index.php?rest_route=\/wp\/v2\/media\/20785"}],"wp:attachment":[{"href":"https:\/\/atecordoba.org\/index.php?rest_route=%2Fwp%2Fv2%2Fmedia&parent=20784"}],"wp:term":[{"taxonomy":"category","embeddable":true,"href":"https:\/\/atecordoba.org\/index.php?rest_route=%2Fwp%2Fv2%2Fcategories&post=20784"},{"taxonomy":"post_tag","embeddable":true,"href":"https:\/\/atecordoba.org\/index.php?rest_route=%2Fwp%2Fv2%2Ftags&post=20784"}],"curies":[{"name":"wp","href":"https:\/\/api.w.org\/{rel}","templated":true}]}}