{"id":20780,"date":"2020-07-21T13:30:38","date_gmt":"2020-07-21T16:30:38","guid":{"rendered":"http:\/\/atecordoba.org\/?p=20780"},"modified":"2020-07-21T13:31:36","modified_gmt":"2020-07-21T16:31:36","slug":"ate-crece-en-el-departamento-san-justo","status":"publish","type":"post","link":"https:\/\/atecordoba.org\/?p=20780","title":{"rendered":"ATE crece en el Departamento San Justo"},"content":{"rendered":"<p><img loading=\"lazy\" decoding=\"async\" class=\" wp-image-20781 aligncenter\" src=\"http:\/\/atecordoba.org\/wp-content\/uploads\/2020\/07\/municipalidad-de-transito-300x225.jpeg\" alt=\"\" width=\"603\" height=\"453\" srcset=\"https:\/\/atecordoba.org\/wp-content\/uploads\/2020\/07\/municipalidad-de-transito-300x225.jpeg 300w, https:\/\/atecordoba.org\/wp-content\/uploads\/2020\/07\/municipalidad-de-transito-1024x768.jpeg 1024w, https:\/\/atecordoba.org\/wp-content\/uploads\/2020\/07\/municipalidad-de-transito-768x576.jpeg 768w, https:\/\/atecordoba.org\/wp-content\/uploads\/2020\/07\/municipalidad-de-transito-750x563.jpeg 750w, https:\/\/atecordoba.org\/wp-content\/uploads\/2020\/07\/municipalidad-de-transito-1140x855.jpeg 1140w, https:\/\/atecordoba.org\/wp-content\/uploads\/2020\/07\/municipalidad-de-transito.jpeg 1280w\" sizes=\"auto, (max-width: 603px) 100vw, 603px\" \/><\/p>\n<p>En la ma\u00f1ana de hoy ATE logr\u00f3 el reconocimiento institucional en la localidad de Tr\u00e1nsito, Departamento San Justo, para ejercer la representaci\u00f3n gremial de las y los municipales del sector.<\/p>\n<p>La responsable de la delegaci\u00f3n de ATE San Francisco, Gladys Medina, junto al compa\u00f1ero Guillermo Moreyra, fueron recibidos por el Departamento Ejecutivo Municipal\u00a0 para presentar las planillas de afiliaci\u00f3n con una nota adjunta, solicitando el c\u00f3digo de descuento a nuestra entidad sindical.<br \/>\nDe esta forma, abrimos las puertas de una nueva localidad del este provincial, sumando nueve afiliaciones de compa\u00f1eras y compa\u00f1eros.<br \/>\n&#8220;En una reuni\u00f3n amena pudimos dialogar con la intendenta Elisa Carrizo, quien manifest\u00f3 de convocarnos a discutir la mesa salarial en las pr\u00f3ximas semanas&#8221;, relat\u00f3 Medina.<\/p>\n","protected":false},"excerpt":{"rendered":"<p>En la ma\u00f1ana de hoy ATE logr\u00f3 el reconocimiento institucional en la localidad de Tr\u00e1nsito, Departamento San Justo, para ejercer la representaci\u00f3n gremial de las y los municipales del sector. La responsable de la delegaci\u00f3n de ATE San Francisco, Gladys Medina, junto al compa\u00f1ero Guillermo Moreyra, fueron recibidos por el Departamento Ejecutivo Municipal\u00a0 para presentar [&hellip;]<\/p>\n","protected":false},"author":3,"featured_media":20781,"comment_status":"open","ping_status":"open","sticky":true,"template":"","format":"standard","meta":{"_exactmetrics_skip_tracking":false,"_exactmetrics_sitenote_active":false,"_exactmetrics_sitenote_note":"","_exactmetrics_sitenote_category":0,"jnews-multi-image_gallery":[],"jnews_single_post":{"source_name":"","source_url":"","via_name":"","via_url":"","override_template":"0","override":[{"template":"1","single_blog_custom":"","parallax":"1","fullscreen":"0","layout":"right-sidebar","sidebar":"default-sidebar","second_sidebar":"default-sidebar","sticky_sidebar":"1","share_position":"top","share_float_style":"share-monocrhome","show_share_counter":"1","show_view_counter":"1","show_featured":"1","show_post_meta":"1","show_post_author":"1","show_post_author_image":"1","show_post_date":"1","post_date_format":"default","post_date_format_custom":"Y\/m\/d","show_post_category":"1","show_post_reading_time":"0","post_reading_time_wpm":"300","show_zoom_button":"0","zoom_button_out_step":"2","zoom_button_in_step":"3","show_post_tag":"1","show_prev_next_post":"1","show_popup_post":"1","number_popup_post":"1","show_author_box":"0","show_post_related":"0","show_inline_post_related":"0"}],"override_image_size":"0","image_override":[{"single_post_thumbnail_size":"crop-500","single_post_gallery_size":"crop-500"}],"trending_post":"0","trending_post_position":"meta","trending_post_label":"Trending","sponsored_post":"0","sponsored_post_label":"Sponsored by","sponsored_post_name":"","sponsored_post_url":"","sponsored_post_logo_enable":"0","sponsored_post_logo":"","sponsored_post_desc":""},"jnews_primary_category":{"id":""},"jnews_social_meta":{"fb_title":"","fb_description":"","fb_image":"","twitter_title":"","twitter_description":"","twitter_image":""},"jnews_review":[],"enable_review":"0","type":"percentage","name":"","summary":"","brand":"","sku":"","good":[{"good_text":""}],"bad":[{"bad_text":""}],"score_override":"","override_value":"","rating":[{"rating_text":"","rating_number":"10"}],"price":[{"shop":"","price":"","link":"","icon":""}],"jnews_override_counter":{"override_view_counter":"0","view_counter_number":"0","override_share_counter":"0","share_counter_number":"0","override_like_counter":"0","like_counter_number":"0","override_dislike_counter":"0","dislike_counter_number":"0"},"jnews_post_split":{"enable_post_split":"0","post_split":[{"template":"1","tag":"h2","numbering":"asc","mode":"normal"}]},"footnotes":""},"categories":[400,20,148],"tags":[],"class_list":["post-20780","post","type-post","status-publish","format-standard","has-post-thumbnail","hentry","category-estamentos","category-municipales","category-san-justo"],"jetpack_featured_media_url":"https:\/\/atecordoba.org\/wp-content\/uploads\/2020\/07\/municipalidad-de-transito.jpeg","_links":{"self":[{"href":"https:\/\/atecordoba.org\/index.php?rest_route=\/wp\/v2\/posts\/20780","targetHints":{"allow":["GET"]}}],"collection":[{"href":"https:\/\/atecordoba.org\/index.php?rest_route=\/wp\/v2\/posts"}],"about":[{"href":"https:\/\/atecordoba.org\/index.php?rest_route=\/wp\/v2\/types\/post"}],"author":[{"embeddable":true,"href":"https:\/\/atecordoba.org\/index.php?rest_route=\/wp\/v2\/users\/3"}],"replies":[{"embeddable":true,"href":"https:\/\/atecordoba.org\/index.php?rest_route=%2Fwp%2Fv2%2Fcomments&post=20780"}],"version-history":[{"count":2,"href":"https:\/\/atecordoba.org\/index.php?rest_route=\/wp\/v2\/posts\/20780\/revisions"}],"predecessor-version":[{"id":20783,"href":"https:\/\/atecordoba.org\/index.php?rest_route=\/wp\/v2\/posts\/20780\/revisions\/20783"}],"wp:featuredmedia":[{"embeddable":true,"href":"https:\/\/atecordoba.org\/index.php?rest_route=\/wp\/v2\/media\/20781"}],"wp:attachment":[{"href":"https:\/\/atecordoba.org\/index.php?rest_route=%2Fwp%2Fv2%2Fmedia&parent=20780"}],"wp:term":[{"taxonomy":"category","embeddable":true,"href":"https:\/\/atecordoba.org\/index.php?rest_route=%2Fwp%2Fv2%2Fcategories&post=20780"},{"taxonomy":"post_tag","embeddable":true,"href":"https:\/\/atecordoba.org\/index.php?rest_route=%2Fwp%2Fv2%2Ftags&post=20780"}],"curies":[{"name":"wp","href":"https:\/\/api.w.org\/{rel}","templated":true}]}}