{"id":20776,"date":"2020-07-21T13:05:01","date_gmt":"2020-07-21T16:05:01","guid":{"rendered":"http:\/\/atecordoba.org\/?p=20776"},"modified":"2020-07-21T13:05:11","modified_gmt":"2020-07-21T16:05:11","slug":"ate-cierra-un-acuerdo-salarial-para-los-municipales-de-las-vertientes","status":"publish","type":"post","link":"https:\/\/atecordoba.org\/?p=20776","title":{"rendered":"ATE cierra un acuerdo salarial para los municipales de Las Vertientes"},"content":{"rendered":"<p><img loading=\"lazy\" decoding=\"async\" class=\" wp-image-20777 aligncenter\" src=\"http:\/\/atecordoba.org\/wp-content\/uploads\/2020\/07\/WhatsApp-Image-2020-07-21-at-12.22.24-300x225.jpeg\" alt=\"\" width=\"607\" height=\"455\" srcset=\"https:\/\/atecordoba.org\/wp-content\/uploads\/2020\/07\/WhatsApp-Image-2020-07-21-at-12.22.24-300x225.jpeg 300w, https:\/\/atecordoba.org\/wp-content\/uploads\/2020\/07\/WhatsApp-Image-2020-07-21-at-12.22.24-1024x768.jpeg 1024w, https:\/\/atecordoba.org\/wp-content\/uploads\/2020\/07\/WhatsApp-Image-2020-07-21-at-12.22.24-768x576.jpeg 768w, https:\/\/atecordoba.org\/wp-content\/uploads\/2020\/07\/WhatsApp-Image-2020-07-21-at-12.22.24-750x563.jpeg 750w, https:\/\/atecordoba.org\/wp-content\/uploads\/2020\/07\/WhatsApp-Image-2020-07-21-at-12.22.24.jpeg 1032w\" sizes=\"auto, (max-width: 607px) 100vw, 607px\" \/>La seccional ATE Adelia Mar\u00eda suscribi\u00f3 hoy un acuerdo salarial para el segundo semestre con la municipalidad de Las Vertientes, en el sur provincial, que significa una recomposici\u00f3n de haberes, a pagar en dos veces: 12 % a cobrar en septiembre y otro 11% en diciembre, lo que completar\u00e1 el 23% en el curso de la segunda parte del a\u00f1o.<\/p>\n<p>El acuerdo cont\u00f3 con la presencia de parte de ATE del secretario General de la seccional, Diego Villegas, el Adjunto, Roberto S\u00e1nchez, y el delegado del sector, Waldo Romero. En tanto, por la comuna, estamp\u00f3 su firma el intendente, Miguel Angel Melano, y el secretario de Gobierno, Juan Carlos Melano.<\/p>\n<p><img loading=\"lazy\" decoding=\"async\" class=\" wp-image-20778 aligncenter\" src=\"http:\/\/atecordoba.org\/wp-content\/uploads\/2020\/07\/acta-salarial-300x169.jpeg\" alt=\"\" width=\"589\" height=\"332\" srcset=\"https:\/\/atecordoba.org\/wp-content\/uploads\/2020\/07\/acta-salarial-300x169.jpeg 300w, https:\/\/atecordoba.org\/wp-content\/uploads\/2020\/07\/acta-salarial-1024x576.jpeg 1024w, https:\/\/atecordoba.org\/wp-content\/uploads\/2020\/07\/acta-salarial-768x432.jpeg 768w, https:\/\/atecordoba.org\/wp-content\/uploads\/2020\/07\/acta-salarial-750x422.jpeg 750w, https:\/\/atecordoba.org\/wp-content\/uploads\/2020\/07\/acta-salarial.jpeg 1032w\" sizes=\"auto, (max-width: 589px) 100vw, 589px\" \/><\/p>\n<p>De esta forma, ATE confirma su crecimiento organizativo en el sector, ejerciendo plenamente la representaci\u00f3n gremial de las y los compa\u00f1eros municipales y canalizando los reclamos de recomposici\u00f3n salarial para los magros haberes del sector, fuertemente golpeados en su capacidad adquisitiva por la crisis econ\u00f3mica que dej\u00f3 el anterior gobierno de Macri y al parate econ\u00f3mico que produjo la pandemia.<\/p>\n","protected":false},"excerpt":{"rendered":"<p>La seccional ATE Adelia Mar\u00eda suscribi\u00f3 hoy un acuerdo salarial para el segundo semestre con la municipalidad de Las Vertientes, en el sur provincial, que significa una recomposici\u00f3n de haberes, a pagar en dos veces: 12 % a cobrar en septiembre y otro 11% en diciembre, lo que completar\u00e1 el 23% en el curso de [&hellip;]<\/p>\n","protected":false},"author":3,"featured_media":20777,"comment_status":"open","ping_status":"open","sticky":true,"template":"","format":"standard","meta":{"_exactmetrics_skip_tracking":false,"_exactmetrics_sitenote_active":false,"_exactmetrics_sitenote_note":"","_exactmetrics_sitenote_category":0,"jnews-multi-image_gallery":[],"jnews_single_post":{"source_name":"","source_url":"","via_name":"","via_url":"","override_template":"0","override":[{"template":"1","single_blog_custom":"","parallax":"1","fullscreen":"0","layout":"right-sidebar","sidebar":"default-sidebar","second_sidebar":"default-sidebar","sticky_sidebar":"1","share_position":"top","share_float_style":"share-monocrhome","show_share_counter":"1","show_view_counter":"1","show_featured":"1","show_post_meta":"1","show_post_author":"1","show_post_author_image":"1","show_post_date":"1","post_date_format":"default","post_date_format_custom":"Y\/m\/d","show_post_category":"1","show_post_reading_time":"0","post_reading_time_wpm":"300","show_zoom_button":"0","zoom_button_out_step":"2","zoom_button_in_step":"3","show_post_tag":"1","show_prev_next_post":"1","show_popup_post":"1","number_popup_post":"1","show_author_box":"0","show_post_related":"0","show_inline_post_related":"0"}],"override_image_size":"0","image_override":[{"single_post_thumbnail_size":"crop-500","single_post_gallery_size":"crop-500"}],"trending_post":"0","trending_post_position":"meta","trending_post_label":"Trending","sponsored_post":"0","sponsored_post_label":"Sponsored by","sponsored_post_name":"","sponsored_post_url":"","sponsored_post_logo_enable":"0","sponsored_post_logo":"","sponsored_post_desc":""},"jnews_primary_category":{"id":""},"jnews_social_meta":{"fb_title":"","fb_description":"","fb_image":"","twitter_title":"","twitter_description":"","twitter_image":""},"jnews_review":[],"enable_review":"0","type":"percentage","name":"","summary":"","brand":"","sku":"","good":[{"good_text":""}],"bad":[{"bad_text":""}],"score_override":"","override_value":"","rating":[{"rating_text":"","rating_number":"10"}],"price":[{"shop":"","price":"","link":"","icon":""}],"jnews_override_counter":{"override_view_counter":"0","view_counter_number":"0","override_share_counter":"0","share_counter_number":"0","override_like_counter":"0","like_counter_number":"0","override_dislike_counter":"0","dislike_counter_number":"0"},"jnews_post_split":{"enable_post_split":"0","post_split":[{"template":"1","tag":"h2","numbering":"asc","mode":"normal"}]},"footnotes":""},"categories":[149,400,20,34],"tags":[385,24,440],"class_list":["post-20776","post","type-post","status-publish","format-standard","has-post-thumbnail","hentry","category-adelia-maria","category-estamentos","category-municipales","category-seccionales","tag-aumento-salarial","tag-municipales-2","tag-seccional-adelia-maria"],"jetpack_featured_media_url":"https:\/\/atecordoba.org\/wp-content\/uploads\/2020\/07\/WhatsApp-Image-2020-07-21-at-12.22.24.jpeg","_links":{"self":[{"href":"https:\/\/atecordoba.org\/index.php?rest_route=\/wp\/v2\/posts\/20776","targetHints":{"allow":["GET"]}}],"collection":[{"href":"https:\/\/atecordoba.org\/index.php?rest_route=\/wp\/v2\/posts"}],"about":[{"href":"https:\/\/atecordoba.org\/index.php?rest_route=\/wp\/v2\/types\/post"}],"author":[{"embeddable":true,"href":"https:\/\/atecordoba.org\/index.php?rest_route=\/wp\/v2\/users\/3"}],"replies":[{"embeddable":true,"href":"https:\/\/atecordoba.org\/index.php?rest_route=%2Fwp%2Fv2%2Fcomments&post=20776"}],"version-history":[{"count":1,"href":"https:\/\/atecordoba.org\/index.php?rest_route=\/wp\/v2\/posts\/20776\/revisions"}],"predecessor-version":[{"id":20779,"href":"https:\/\/atecordoba.org\/index.php?rest_route=\/wp\/v2\/posts\/20776\/revisions\/20779"}],"wp:featuredmedia":[{"embeddable":true,"href":"https:\/\/atecordoba.org\/index.php?rest_route=\/wp\/v2\/media\/20777"}],"wp:attachment":[{"href":"https:\/\/atecordoba.org\/index.php?rest_route=%2Fwp%2Fv2%2Fmedia&parent=20776"}],"wp:term":[{"taxonomy":"category","embeddable":true,"href":"https:\/\/atecordoba.org\/index.php?rest_route=%2Fwp%2Fv2%2Fcategories&post=20776"},{"taxonomy":"post_tag","embeddable":true,"href":"https:\/\/atecordoba.org\/index.php?rest_route=%2Fwp%2Fv2%2Ftags&post=20776"}],"curies":[{"name":"wp","href":"https:\/\/api.w.org\/{rel}","templated":true}]}}