{"id":20768,"date":"2020-07-20T17:43:09","date_gmt":"2020-07-20T20:43:09","guid":{"rendered":"http:\/\/atecordoba.org\/?p=20768"},"modified":"2020-07-20T17:43:09","modified_gmt":"2020-07-20T20:43:09","slug":"testimonios-de-lucha-en-villa-libertador","status":"publish","type":"post","link":"https:\/\/atecordoba.org\/?p=20768","title":{"rendered":"Testimonios de lucha en Villa Libertador"},"content":{"rendered":"<p>&nbsp;<\/p>\n<div class=\"epyt-video-wrapper\"><iframe loading=\"lazy\"  style=\"display: block; margin: 0px auto;\"  id=\"_ytid_95254\"  width=\"480\" height=\"270\"  data-origwidth=\"480\" data-origheight=\"270\" src=\"https:\/\/www.youtube.com\/embed\/nEb39IShDGY?enablejsapi=1&#038;autoplay=0&#038;cc_load_policy=0&#038;cc_lang_pref=&#038;iv_load_policy=3&#038;loop=0&#038;rel=0&#038;fs=1&#038;playsinline=0&#038;autohide=2&#038;theme=dark&#038;color=red&#038;controls=1&#038;disablekb=0&#038;\" class=\"__youtube_prefs__  epyt-is-override  no-lazyload\" title=\"YouTube player\"  allow=\"fullscreen; accelerometer; autoplay; clipboard-write; encrypted-media; gyroscope; picture-in-picture; web-share\" referrerpolicy=\"strict-origin-when-cross-origin\" allowfullscreen data-no-lazy=\"1\" data-skipgform_ajax_framebjll=\"\"><\/iframe><\/div>\n<p>Villa Libertador es una de las barriadas cordobesas m\u00e1s sufridas durante los \u00faltimos a\u00f1os.\u00a0A la permanente crisis econ\u00f3mica que aqueja al pa\u00eds, tras la desastrosa gesti\u00f3n de Mauricio Macri y su consiguiente impacto en la p\u00e9rdida de puestos de trabajo, cierre de empresas y reducci\u00f3n del consumo, que impacta de forma decisiva en el mercado del trabajo informal, donde muchos de los habitantes de Villa Libertador encuentran su modo de subsistencia, se suma un problema end\u00f3geno, propio del sector, relacionado con un grave problema de infraestructura.<\/p>\n<p>La falta de sistema cloacal, la utilizaci\u00f3n cr\u00f3nica de pozos ciegos y la sobrepoblaci\u00f3n del sector, deriv\u00f3 en el <a href=\"https:\/\/latinta.com.ar\/2019\/02\/villa-el-libertador-marcha-de-luto-y-pedido-de-justicia\/\">surgimiento de aguas servidas en calles y casas<\/a>, y el <a href=\"https:\/\/www.lavoz.com.ar\/ciudadanos\/cloacas-en-villa-libertador-justicia-intima-vecinos-para-que-desalojen-sus-casas\">hundimiento y quiebre de viviendas<\/a> en bastos tramos del barrio.<\/p>\n<p>En ese marco, la presencia desde hace 20 a\u00f1os el consultorio de Salud Mental en la calle Tilcara fue un espacio de indispensable atenci\u00f3n psicol\u00f3gica para quienes viven frente a la presi\u00f3n cotidiana.<\/p>\n<p><img loading=\"lazy\" decoding=\"async\" class=\"wp-image-20721 aligncenter\" src=\"http:\/\/atecordoba.org\/wp-content\/uploads\/2020\/07\/Villa-ssuspension-300x300.png\" alt=\"\" width=\"622\" height=\"622\" srcset=\"https:\/\/atecordoba.org\/wp-content\/uploads\/2020\/07\/Villa-ssuspension-300x300.png 300w, https:\/\/atecordoba.org\/wp-content\/uploads\/2020\/07\/Villa-ssuspension-1024x1024.png 1024w, https:\/\/atecordoba.org\/wp-content\/uploads\/2020\/07\/Villa-ssuspension-150x150.png 150w, https:\/\/atecordoba.org\/wp-content\/uploads\/2020\/07\/Villa-ssuspension-768x768.png 768w, https:\/\/atecordoba.org\/wp-content\/uploads\/2020\/07\/Villa-ssuspension-560x560.png 560w, https:\/\/atecordoba.org\/wp-content\/uploads\/2020\/07\/Villa-ssuspension-75x75.png 75w, https:\/\/atecordoba.org\/wp-content\/uploads\/2020\/07\/Villa-ssuspension-750x750.png 750w, https:\/\/atecordoba.org\/wp-content\/uploads\/2020\/07\/Villa-ssuspension.png 1080w\" sizes=\"auto, (max-width: 622px) 100vw, 622px\" \/><\/p>\n<p>Por eso desde que en abril pasado una resoluci\u00f3n del Ministerio de Salud orden\u00f3 cerrar el consultorio y derivar a las profesionales a otros puntos de atenci\u00f3n, muchas de las y los vecinos que se atend\u00edan en el lugar comenzaron a rodear el espacio, reclamando su reapertura.<\/p>\n<p>A m\u00e1s de tres meses de iniciado el conflicto, varias de las vecinas participaron de un video realizado por ATE donde expresan su desaz\u00f3n por el cierre del lugar, exigen su apertura y cuentan su experiencia de contenci\u00f3n a trav\u00e9s de la terapia.<\/p>\n<p>&#8220;La casa de Salud Mental de Villa Libertador est\u00e1 cerrada x un capricho de este gobierno. Durante la pandemia much\u00edsimos vecinos se acercaron para hacerse atender y hoy se preguntan d\u00f3nde est\u00e1n las profesionales que los atend\u00edan&#8221;, dijo Claudia, vecina del sector.<\/p>\n<p>&#8220;Pedimos que se abra la casa a la brevedad, que est\u00e1 en el barrio hace m\u00e1s de 20 a\u00f1os con el apoyo y el aporte de los vecinos&#8221;, agreg\u00f3 la vecina.<\/p>\n<p>A su turno, la compa\u00f1era Ester Ledesma, integrante de la Agrupaci\u00f3n Cloacas Ya!, fundament\u00f3 el reclamo. &#8220;Estamos tratando de defender el servicio que aqu\u00ed se brindaba. La atenci\u00f3n de la doctora Mamani fue muy importante para m\u00ed cunado hab\u00eda ca\u00eddo en un pozo depresivo por ver la situaci\u00f3n que atraviesa mi casa, toda quebrada y con humedad por la falta de cloacas. Hay viviendas donde est\u00e1n hacinadas cuatro familias debido a esta situaci\u00f3n&#8221;.<\/p>\n<p>La reacci\u00f3n vecinal se est\u00e1 haciendo sentir y la comunidad rodea el consultorio ante la necesidad de continuar recibiendo la atenci\u00f3n. En ese sentido, Hermelinda Alba explic\u00f3 que se acerc\u00f3 a apoyar la protesta para &#8220;defender a las doctoras psic\u00f3logas de la calle Tilcara, vine con mi nenito porque las doctoras nos ayudan mucho. Mientras, las autoridades no nos llevan el apunte para resolvernos la situaci\u00f3n, estamos cansados, nos tienen olvidados, encima ahora nos agarr\u00f3 la pandemia&#8221;.<\/p>\n<p>Y agreg\u00f3: &#8220;cada vez nos hundimos m\u00e1s en vez de mejorar. Todo es un desastre. No podemos vivir encerrados, nos estamos traumando la cabeza. La gente vive encerrada y enferma por convivir permanentemente con las aguas servidas. Estamos muy olvidados, ver c\u00f3mo est\u00e1 el barrio me da tristeza y pena. M\u00e1s aun por mis hijos que se est\u00e1n criando ac\u00e1&#8221;.<\/p>\n","protected":false},"excerpt":{"rendered":"<p>&nbsp; Villa Libertador es una de las barriadas cordobesas m\u00e1s sufridas durante los \u00faltimos a\u00f1os.\u00a0A la permanente crisis econ\u00f3mica que aqueja al pa\u00eds, tras la desastrosa gesti\u00f3n de Mauricio Macri y su consiguiente impacto en la p\u00e9rdida de puestos de trabajo, cierre de empresas y reducci\u00f3n del consumo, que impacta de forma decisiva en el [&hellip;]<\/p>\n","protected":false},"author":3,"featured_media":20721,"comment_status":"open","ping_status":"open","sticky":false,"template":"","format":"standard","meta":{"_exactmetrics_skip_tracking":false,"_exactmetrics_sitenote_active":false,"_exactmetrics_sitenote_note":"","_exactmetrics_sitenote_category":0,"jnews-multi-image_gallery":[],"jnews_single_post":{"source_name":"","source_url":"","via_name":"","via_url":"","override_template":"0","override":[{"template":"1","single_blog_custom":"","parallax":"1","fullscreen":"0","layout":"right-sidebar","sidebar":"default-sidebar","second_sidebar":"default-sidebar","sticky_sidebar":"1","share_position":"top","share_float_style":"share-monocrhome","show_share_counter":"1","show_view_counter":"1","show_featured":"1","show_post_meta":"1","show_post_author":"1","show_post_author_image":"1","show_post_date":"1","post_date_format":"default","post_date_format_custom":"Y\/m\/d","show_post_category":"1","show_post_reading_time":"0","post_reading_time_wpm":"300","show_zoom_button":"0","zoom_button_out_step":"2","zoom_button_in_step":"3","show_post_tag":"1","show_prev_next_post":"1","show_popup_post":"1","number_popup_post":"1","show_author_box":"0","show_post_related":"0","show_inline_post_related":"0"}],"override_image_size":"0","image_override":[{"single_post_thumbnail_size":"crop-500","single_post_gallery_size":"crop-500"}],"trending_post":"0","trending_post_position":"meta","trending_post_label":"Trending","sponsored_post":"0","sponsored_post_label":"Sponsored by","sponsored_post_name":"","sponsored_post_url":"","sponsored_post_logo_enable":"0","sponsored_post_logo":"","sponsored_post_desc":""},"jnews_primary_category":{"id":""},"jnews_social_meta":{"fb_title":"","fb_description":"","fb_image":"","twitter_title":"","twitter_description":"","twitter_image":""},"jnews_review":[],"enable_review":"0","type":"percentage","name":"","summary":"","brand":"","sku":"","good":[{"good_text":""}],"bad":[{"bad_text":""}],"score_override":"","override_value":"","rating":[{"rating_text":"","rating_number":"10"}],"price":[{"shop":"","price":"","link":"","icon":""}],"jnews_override_counter":{"override_view_counter":"0","view_counter_number":"0","override_share_counter":"0","share_counter_number":"0","override_like_counter":"0","like_counter_number":"0","override_dislike_counter":"0","dislike_counter_number":"0"},"jnews_post_split":{"enable_post_split":"0","post_split":[{"template":"1","tag":"h2","numbering":"asc","mode":"normal"}]},"footnotes":""},"categories":[341,104,400],"tags":[],"class_list":["post-20768","post","type-post","status-publish","format-standard","has-post-thumbnail","hentry","category-cdp","category-departamento-de-salud","category-estamentos"],"jetpack_featured_media_url":"https:\/\/atecordoba.org\/wp-content\/uploads\/2020\/07\/Villa-ssuspension.png","_links":{"self":[{"href":"https:\/\/atecordoba.org\/index.php?rest_route=\/wp\/v2\/posts\/20768","targetHints":{"allow":["GET"]}}],"collection":[{"href":"https:\/\/atecordoba.org\/index.php?rest_route=\/wp\/v2\/posts"}],"about":[{"href":"https:\/\/atecordoba.org\/index.php?rest_route=\/wp\/v2\/types\/post"}],"author":[{"embeddable":true,"href":"https:\/\/atecordoba.org\/index.php?rest_route=\/wp\/v2\/users\/3"}],"replies":[{"embeddable":true,"href":"https:\/\/atecordoba.org\/index.php?rest_route=%2Fwp%2Fv2%2Fcomments&post=20768"}],"version-history":[{"count":1,"href":"https:\/\/atecordoba.org\/index.php?rest_route=\/wp\/v2\/posts\/20768\/revisions"}],"predecessor-version":[{"id":20770,"href":"https:\/\/atecordoba.org\/index.php?rest_route=\/wp\/v2\/posts\/20768\/revisions\/20770"}],"wp:featuredmedia":[{"embeddable":true,"href":"https:\/\/atecordoba.org\/index.php?rest_route=\/wp\/v2\/media\/20721"}],"wp:attachment":[{"href":"https:\/\/atecordoba.org\/index.php?rest_route=%2Fwp%2Fv2%2Fmedia&parent=20768"}],"wp:term":[{"taxonomy":"category","embeddable":true,"href":"https:\/\/atecordoba.org\/index.php?rest_route=%2Fwp%2Fv2%2Fcategories&post=20768"},{"taxonomy":"post_tag","embeddable":true,"href":"https:\/\/atecordoba.org\/index.php?rest_route=%2Fwp%2Fv2%2Ftags&post=20768"}],"curies":[{"name":"wp","href":"https:\/\/api.w.org\/{rel}","templated":true}]}}