{"id":20752,"date":"2020-07-20T12:04:00","date_gmt":"2020-07-20T15:04:00","guid":{"rendered":"http:\/\/atecordoba.org\/?p=20752"},"modified":"2020-07-20T14:33:44","modified_gmt":"2020-07-20T17:33:44","slug":"secretaria-administrativa-mejorar-la-comunicacion-con-los-afiliados","status":"publish","type":"post","link":"https:\/\/atecordoba.org\/?p=20752","title":{"rendered":"Secretar\u00eda Administrativa: mejorar la comunicaci\u00f3n con las y los afiliados"},"content":{"rendered":"<p><img loading=\"lazy\" decoding=\"async\" class=\"aligncenter wp-image-20759 \" src=\"http:\/\/atecordoba.org\/wp-content\/uploads\/2020\/07\/avila-1-e1595266276426-300x190.jpg\" alt=\"\" width=\"385\" height=\"244\" srcset=\"https:\/\/atecordoba.org\/wp-content\/uploads\/2020\/07\/avila-1-e1595266276426-300x190.jpg 300w, https:\/\/atecordoba.org\/wp-content\/uploads\/2020\/07\/avila-1-e1595266276426-1024x650.jpg 1024w, https:\/\/atecordoba.org\/wp-content\/uploads\/2020\/07\/avila-1-e1595266276426-768x487.jpg 768w, https:\/\/atecordoba.org\/wp-content\/uploads\/2020\/07\/avila-1-e1595266276426-750x476.jpg 750w, https:\/\/atecordoba.org\/wp-content\/uploads\/2020\/07\/avila-1-e1595266276426-1140x723.jpg 1140w, https:\/\/atecordoba.org\/wp-content\/uploads\/2020\/07\/avila-1-e1595266276426.jpg 1152w\" sizes=\"auto, (max-width: 385px) 100vw, 385px\" \/><\/p>\n<p><strong>-\u00bfCu\u00e1l fue la situaci\u00f3n que encontraste en la Secretaria Administrativa cuando asumiste? <\/strong><\/p>\n<p>Cuando llegue tuve una reuni\u00f3n con el secretario Administrativo saliente y lo que rescato de lo que dejo fue que el personal estaba muy capacitado.<\/p>\n<p><strong>-\u00bfQu\u00e9 responsabilidades competen al \u00e1rea?<\/strong><\/p>\n<p>A la Secretaria le corresponde organizar bajo su responsabilidad convocar a los congresos ordinarios y extraordinarios, es la encargada de enviar la correspondencia, registrar la asistencia diaria de las empleadas, llevar un inventario de los bienes del CDP, coordinar con los abogados, recopilar informaci\u00f3n de inter\u00e9s gremial y laboral, procurar que se utilicen los servicios sociales que brinda el sindicato y es la responsable de intendencia de la sede.<\/p>\n<p><strong>-\u00bfC\u00f3mo conformaron el equipo de trabajo dentro de la secretaria y como se coordinan con otras secretarias del CDP?<\/strong><\/p>\n<p>Estamos coordinando las tareas de la secretar\u00eda en conjunto con la Secretar\u00eda Proadministrativa. En funci\u00f3n de las actividades que van surgiendo nos las vamos dividiendo. Las tareas donde se necesita conocimiento del estatuto, seguir algunos protocolos o contactarse con el CDN se trabajan mayormente con Bechi, quien es una de las empleadas que desarrolla sus actividades en la secretar\u00eda; Cuando se tratan de afiliaciones, tramites en los ministerios recurrimos a Elvira. Tanto Bechi como Elvira conocen los convenios del sindicato as\u00ed que le aportan mucho al trabajo que venimos realizando. Con respecto a la coordinaci\u00f3n con las otras secretar\u00edas, venimos mejorando la comunicaci\u00f3n, aunque a\u00fan falta mucho para llegar al punto donde creemos deber\u00edamos estar.<\/p>\n<p><strong>-\u00bfQu\u00e9 resolvieron cambiar respecto a las pol\u00edticas que se realizaban con anterioridad?<\/strong><\/p>\n<p>Una de las cosas que queremos mejorar es la comunicaci\u00f3n con las y los afiliados a fin de que conozcan, y por lo tanto que usen, los convenios y servicios que brinda el sindicato. Adem\u00e1s, nos interesa fomentar el conocimiento sobre modificaciones en la legislaci\u00f3n que muchas veces desconocemos.<\/p>\n<p><strong>-\u00bfQu\u00e9 van a mantener vigente?<\/strong><\/p>\n<p>Nos interesa seguir capacitando a las empleadas del sindicato.<\/p>\n<p><strong>-\u00bfC\u00f3mo se est\u00e1n coordinando con las seccionales?<\/strong><\/p>\n<p>Debido a la pandemia no tuvimos tiempo a desarrollar como hemos querido la coordinaci\u00f3n con las seccionales, es una de las cuentas pendientes.<\/p>\n<p><strong>-\u00bfC\u00f3mo se combina el \u00e1rea con la conducci\u00f3n nacional?<\/strong><\/p>\n<p>Las y los empleados del CDP dependen administrativamente del Consejo Directivo Nacional, por lo tanto, la comunicaci\u00f3n con la conducci\u00f3n nacional es permanente.<\/p>\n<p><strong>-\u00bfCu\u00e1les son los desaf\u00edos que ven para el futuro?<\/strong><\/p>\n<p>Ac\u00e1 me permito hablar un poco m\u00e1s en general, me preocupa de sobremanera el hecho de que si el movimiento obrero no se organiza y construye poder popular, el futuro es incierto. En el estado actual, las empresas o invierten en tecnolog\u00eda o desaparecen. Con la inversi\u00f3n en tecnolog\u00eda viene el desplazamiento de la fuerza de trabajo, o sea, desempleo y a trav\u00e9s de este el empeoramiento de las condiciones de trabajo.<\/p>\n<p>En el pa\u00eds tenemos mucho monopolio y oligopolio en sectores claves como alimentaci\u00f3n y energ\u00eda entre otros. Ya se tiene mucho contrato basura, incluso en el Estado, que por Constituci\u00f3n las y los empleados deber\u00edan gozar de estabilidad. Y la \u00fanica soluci\u00f3n a todo esto viene de la mano de la participaci\u00f3n de la ciudadan\u00eda para poner la tecnolog\u00eda al servicio del hombre, terminar con los monopolios, oligopolio, la justicia corporativa, los medios de comunicaci\u00f3n masivos al servicio de las corporaciones y as\u00ed todo lo que creamos mal.<\/p>\n","protected":false},"excerpt":{"rendered":"<p>-\u00bfCu\u00e1l fue la situaci\u00f3n que encontraste en la Secretaria Administrativa cuando asumiste? Cuando llegue tuve una reuni\u00f3n con el secretario Administrativo saliente y lo que rescato de lo que dejo fue que el personal estaba muy capacitado. -\u00bfQu\u00e9 responsabilidades competen al \u00e1rea? A la Secretaria le corresponde organizar bajo su responsabilidad convocar a los congresos [&hellip;]<\/p>\n","protected":false},"author":3,"featured_media":20759,"comment_status":"open","ping_status":"open","sticky":true,"template":"","format":"standard","meta":{"_exactmetrics_skip_tracking":false,"_exactmetrics_sitenote_active":false,"_exactmetrics_sitenote_note":"","_exactmetrics_sitenote_category":0,"jnews-multi-image_gallery":[],"jnews_single_post":{"source_name":"","source_url":"","via_name":"","via_url":"","override_template":"0","override":[{"template":"1","single_blog_custom":"","parallax":"1","fullscreen":"0","layout":"right-sidebar","sidebar":"default-sidebar","second_sidebar":"default-sidebar","sticky_sidebar":"1","share_position":"top","share_float_style":"share-monocrhome","show_share_counter":"1","show_view_counter":"1","show_featured":"1","show_post_meta":"1","show_post_author":"1","show_post_author_image":"1","show_post_date":"1","post_date_format":"default","post_date_format_custom":"Y\/m\/d","show_post_category":"1","show_post_reading_time":"0","post_reading_time_wpm":"300","show_zoom_button":"0","zoom_button_out_step":"2","zoom_button_in_step":"3","show_post_tag":"1","show_prev_next_post":"1","show_popup_post":"1","number_popup_post":"1","show_author_box":"0","show_post_related":"0","show_inline_post_related":"0"}],"override_image_size":"0","image_override":[{"single_post_thumbnail_size":"crop-500","single_post_gallery_size":"crop-500"}],"trending_post":"0","trending_post_position":"meta","trending_post_label":"Trending","sponsored_post":"0","sponsored_post_label":"Sponsored by","sponsored_post_name":"","sponsored_post_url":"","sponsored_post_logo_enable":"0","sponsored_post_logo":"","sponsored_post_desc":""},"jnews_primary_category":{"id":""},"jnews_social_meta":{"fb_title":"","fb_description":"","fb_image":"","twitter_title":"","twitter_description":"","twitter_image":""},"jnews_review":[],"enable_review":"0","type":"percentage","name":"","summary":"","brand":"","sku":"","good":[{"good_text":""}],"bad":[{"bad_text":""}],"score_override":"","override_value":"","rating":[{"rating_text":"","rating_number":"10"}],"price":[{"shop":"","price":"","link":"","icon":""}],"jnews_override_counter":{"override_view_counter":"0","view_counter_number":"0","override_share_counter":"0","share_counter_number":"0","override_like_counter":"0","like_counter_number":"0","override_dislike_counter":"0","dislike_counter_number":"0"},"jnews_post_split":{"enable_post_split":"0","post_split":[{"template":"1","tag":"h2","numbering":"asc","mode":"normal"}]},"footnotes":""},"categories":[341],"tags":[],"class_list":["post-20752","post","type-post","status-publish","format-standard","has-post-thumbnail","hentry","category-cdp"],"jetpack_featured_media_url":"https:\/\/atecordoba.org\/wp-content\/uploads\/2020\/07\/avila-1-e1595266276426.jpg","_links":{"self":[{"href":"https:\/\/atecordoba.org\/index.php?rest_route=\/wp\/v2\/posts\/20752","targetHints":{"allow":["GET"]}}],"collection":[{"href":"https:\/\/atecordoba.org\/index.php?rest_route=\/wp\/v2\/posts"}],"about":[{"href":"https:\/\/atecordoba.org\/index.php?rest_route=\/wp\/v2\/types\/post"}],"author":[{"embeddable":true,"href":"https:\/\/atecordoba.org\/index.php?rest_route=\/wp\/v2\/users\/3"}],"replies":[{"embeddable":true,"href":"https:\/\/atecordoba.org\/index.php?rest_route=%2Fwp%2Fv2%2Fcomments&post=20752"}],"version-history":[{"count":8,"href":"https:\/\/atecordoba.org\/index.php?rest_route=\/wp\/v2\/posts\/20752\/revisions"}],"predecessor-version":[{"id":20766,"href":"https:\/\/atecordoba.org\/index.php?rest_route=\/wp\/v2\/posts\/20752\/revisions\/20766"}],"wp:featuredmedia":[{"embeddable":true,"href":"https:\/\/atecordoba.org\/index.php?rest_route=\/wp\/v2\/media\/20759"}],"wp:attachment":[{"href":"https:\/\/atecordoba.org\/index.php?rest_route=%2Fwp%2Fv2%2Fmedia&parent=20752"}],"wp:term":[{"taxonomy":"category","embeddable":true,"href":"https:\/\/atecordoba.org\/index.php?rest_route=%2Fwp%2Fv2%2Fcategories&post=20752"},{"taxonomy":"post_tag","embeddable":true,"href":"https:\/\/atecordoba.org\/index.php?rest_route=%2Fwp%2Fv2%2Ftags&post=20752"}],"curies":[{"name":"wp","href":"https:\/\/api.w.org\/{rel}","templated":true}]}}