{"id":20704,"date":"2020-07-17T13:34:37","date_gmt":"2020-07-17T16:34:37","guid":{"rendered":"http:\/\/atecordoba.org\/?p=20704"},"modified":"2020-07-17T13:35:39","modified_gmt":"2020-07-17T16:35:39","slug":"ate-villa-maria-denuncio-que-la-traza-de-la-futura-circunvalacion-esta-peligrosamente-cerca-de-la-fabrica-militar","status":"publish","type":"post","link":"https:\/\/atecordoba.org\/?p=20704","title":{"rendered":"ATE Villa Mar\u00eda denunci\u00f3 que la traza de la futura circunvalaci\u00f3n est\u00e1 peligrosamente cerca de la F\u00e1brica Militar"},"content":{"rendered":"<p><img loading=\"lazy\" decoding=\"async\" class=\" wp-image-20708 aligncenter\" src=\"http:\/\/atecordoba.org\/wp-content\/uploads\/2020\/07\/WhatsApp-Image-2020-07-17-at-13.11.58-300x169.jpeg\" alt=\"\" width=\"603\" height=\"340\" srcset=\"https:\/\/atecordoba.org\/wp-content\/uploads\/2020\/07\/WhatsApp-Image-2020-07-17-at-13.11.58-300x169.jpeg 300w, https:\/\/atecordoba.org\/wp-content\/uploads\/2020\/07\/WhatsApp-Image-2020-07-17-at-13.11.58-1024x576.jpeg 1024w, https:\/\/atecordoba.org\/wp-content\/uploads\/2020\/07\/WhatsApp-Image-2020-07-17-at-13.11.58-768x432.jpeg 768w, https:\/\/atecordoba.org\/wp-content\/uploads\/2020\/07\/WhatsApp-Image-2020-07-17-at-13.11.58-750x422.jpeg 750w, https:\/\/atecordoba.org\/wp-content\/uploads\/2020\/07\/WhatsApp-Image-2020-07-17-at-13.11.58-1140x641.jpeg 1140w, https:\/\/atecordoba.org\/wp-content\/uploads\/2020\/07\/WhatsApp-Image-2020-07-17-at-13.11.58.jpeg 1280w\" sizes=\"auto, (max-width: 603px) 100vw, 603px\" \/>En la ocasi\u00f3n el sindicato present\u00f3 una misiva enviada al director de Fabricaciones Militares S.E.\u00a0Iv\u00e1n Carlos Durig\u00f3n, con copia al ministro de Defensa Agust\u00edn Rossi, a\u00a0la secretaria de Investigaci\u00f3n, Pol\u00edtica Industrial y Producci\u00f3n para la Defensa\u00a0Daniela Castro y al\u00a0director de la F\u00e1brica Militar de Villa Mar\u00eda Miguel Toselli.<\/p>\n<figure id=\"attachment_20711\" aria-describedby=\"caption-attachment-20711\" style=\"width: 605px\" class=\"wp-caption aligncenter\"><img loading=\"lazy\" decoding=\"async\" class=\"wp-image-20711\" src=\"http:\/\/atecordoba.org\/wp-content\/uploads\/2020\/07\/WhatsApp-Image-2020-07-17-at-13.14.27-2-300x196.jpeg\" alt=\"\" width=\"605\" height=\"395\" srcset=\"https:\/\/atecordoba.org\/wp-content\/uploads\/2020\/07\/WhatsApp-Image-2020-07-17-at-13.14.27-2-300x196.jpeg 300w, https:\/\/atecordoba.org\/wp-content\/uploads\/2020\/07\/WhatsApp-Image-2020-07-17-at-13.14.27-2-1024x670.jpeg 1024w, https:\/\/atecordoba.org\/wp-content\/uploads\/2020\/07\/WhatsApp-Image-2020-07-17-at-13.14.27-2-768x503.jpeg 768w, https:\/\/atecordoba.org\/wp-content\/uploads\/2020\/07\/WhatsApp-Image-2020-07-17-at-13.14.27-2-750x491.jpeg 750w, https:\/\/atecordoba.org\/wp-content\/uploads\/2020\/07\/WhatsApp-Image-2020-07-17-at-13.14.27-2-1140x746.jpeg 1140w, https:\/\/atecordoba.org\/wp-content\/uploads\/2020\/07\/WhatsApp-Image-2020-07-17-at-13.14.27-2-rotated.jpeg 1280w\" sizes=\"auto, (max-width: 605px) 100vw, 605px\" \/><figcaption id=\"caption-attachment-20711\" class=\"wp-caption-text\">Trazado de la obra.<\/figcaption><\/figure>\n<p>En la misma se expresa lo siguiente: &#8220;En nombre y representaci\u00f3n de la Asociaci\u00f3n Trabajadores del Estado, Seccional Villa Mar\u00eda, nos dirigimos a usted para informarle que en el d\u00eda de la fecha y despu\u00e9s de haber presentado planos y pruebas de que es inviable e inaceptable la traza de la circunvalaci\u00f3n de una ruta provincial por los terrenos de la F\u00e1brica Militar Villa Mar\u00eda y dado que en dicho lugar no solamente se produce la quema de restos de materiales peligrosos, sino que tambi\u00e9n est\u00e1 a una distancia de alrededor de 400 metros de la planta m\u00e1s peligrosa que tiene la F\u00e1brica como lo es la planta de nitroglicerina, muy cercana a la planta de gelam\u00f3n (explosivo pl\u00e1stico)&#8221;.<\/p>\n<p>&nbsp;<\/p>\n<p>&#8220;Ante esta situaci\u00f3n alertamos sobre el avance de las autoridades provinciales encabezadas por el gobernador Juan Schiaretti y la Direcci\u00f3n Provincial de Vialidad sin reconocer no solamente el peligro que esta traza representa, sino que tambi\u00e9n violando las normativas de la ANMAC (Agencia Nacional de Materiales Controlados), pasando por alto adem\u00e1s de que los terrenos de la FMVM pertenecen a la Naci\u00f3n y sum\u00e1ndole tambi\u00e9n el desconocimiento de la Ley de armas vigente, nuestro sindicato luego de haber mantenido reuniones con los intendentes de Villa Mar\u00eda y Villa Nueva intentando encontrar una soluci\u00f3n y ante los o\u00eddos sordos de la provincia les hacemos llegar a todas las autoridades que correspondan que nosotros los trabajadores de la FMVM no vamos a permitir de ninguna manera este atropello a la seguridad, as\u00ed como en alg\u00fan momento no permitimos que se instalar\u00e1n las piletas de desechos cloacales dentro de la f\u00e1brica por el da\u00f1o ambiental que esto generaba. Ahora tampoco vamos a permitir que en la traza se lleve por ah\u00ed cueste lo que nos cueste, aunque los trabajadores tengamos que ir y pararnos en ese lugar para impedir el avance de dicha obra que nuevamente insistimos en resaltar el peligro que representa para los trabajadores y el resto de la comunidad, necesitamos con urgencia que las autoridades nacionales tomen cartas sobre este avasallamiento al patrimonio de la naci\u00f3n y a la seguridad de nuestra comunidad&#8221;.<\/p>\n<figure id=\"attachment_20707\" aria-describedby=\"caption-attachment-20707\" style=\"width: 908px\" class=\"wp-caption aligncenter\"><img loading=\"lazy\" decoding=\"async\" class=\"wp-image-20707\" src=\"http:\/\/atecordoba.org\/wp-content\/uploads\/2020\/07\/WhatsApp-Image-2020-07-17-at-13.14.28-170x300.jpeg\" alt=\"\" width=\"908\" height=\"1602\" \/><figcaption id=\"caption-attachment-20707\" class=\"wp-caption-text\">Carta dirigida a las autoridades denunciando la gravedad de la situaci\u00f3n.<\/figcaption><\/figure>\n","protected":false},"excerpt":{"rendered":"<p>En la ocasi\u00f3n el sindicato present\u00f3 una misiva enviada al director de Fabricaciones Militares S.E.\u00a0Iv\u00e1n Carlos Durig\u00f3n, con copia al ministro de Defensa Agust\u00edn Rossi, a\u00a0la secretaria de Investigaci\u00f3n, Pol\u00edtica Industrial y Producci\u00f3n para la Defensa\u00a0Daniela Castro y al\u00a0director de la F\u00e1brica Militar de Villa Mar\u00eda Miguel Toselli. En la misma se expresa lo siguiente: [&hellip;]<\/p>\n","protected":false},"author":3,"featured_media":20711,"comment_status":"open","ping_status":"open","sticky":true,"template":"","format":"standard","meta":{"_exactmetrics_skip_tracking":false,"_exactmetrics_sitenote_active":false,"_exactmetrics_sitenote_note":"","_exactmetrics_sitenote_category":0,"jnews-multi-image_gallery":[],"jnews_single_post":{"source_name":"","source_url":"","via_name":"","via_url":"","override_template":"0","override":[{"template":"1","single_blog_custom":"","parallax":"1","fullscreen":"0","layout":"right-sidebar","sidebar":"default-sidebar","second_sidebar":"default-sidebar","sticky_sidebar":"1","share_position":"top","share_float_style":"share-monocrhome","show_share_counter":"1","show_view_counter":"1","show_featured":"1","show_post_meta":"1","show_post_author":"1","show_post_author_image":"1","show_post_date":"1","post_date_format":"default","post_date_format_custom":"Y\/m\/d","show_post_category":"1","show_post_reading_time":"0","post_reading_time_wpm":"300","show_zoom_button":"0","zoom_button_out_step":"2","zoom_button_in_step":"3","show_post_tag":"1","show_prev_next_post":"1","show_popup_post":"1","number_popup_post":"1","show_author_box":"0","show_post_related":"0","show_inline_post_related":"0"}],"override_image_size":"0","image_override":[{"single_post_thumbnail_size":"crop-500","single_post_gallery_size":"crop-500"}],"trending_post":"0","trending_post_position":"meta","trending_post_label":"Trending","sponsored_post":"0","sponsored_post_label":"Sponsored by","sponsored_post_name":"","sponsored_post_url":"","sponsored_post_logo_enable":"0","sponsored_post_logo":"","sponsored_post_desc":""},"jnews_primary_category":{"id":""},"jnews_social_meta":{"fb_title":"","fb_description":"","fb_image":"","twitter_title":"","twitter_description":"","twitter_image":""},"jnews_review":[],"enable_review":"0","type":"percentage","name":"","summary":"","brand":"","sku":"","good":[{"good_text":""}],"bad":[{"bad_text":""}],"score_override":"","override_value":"","rating":[{"rating_text":"","rating_number":"10"}],"price":[{"shop":"","price":"","link":"","icon":""}],"jnews_override_counter":{"override_view_counter":"0","view_counter_number":"0","override_share_counter":"0","share_counter_number":"0","override_like_counter":"0","like_counter_number":"0","override_dislike_counter":"0","dislike_counter_number":"0"},"jnews_post_split":{"enable_post_split":"0","post_split":[{"template":"1","tag":"h2","numbering":"asc","mode":"normal"}]},"footnotes":""},"categories":[18,34,14],"tags":[434,35],"class_list":["post-20704","post","type-post","status-publish","format-standard","has-post-thumbnail","hentry","category-nacionales","category-seccionales","category-villa-maria","tag-fabricaciones-militares","tag-villa-maria-2"],"jetpack_featured_media_url":"https:\/\/atecordoba.org\/wp-content\/uploads\/2020\/07\/WhatsApp-Image-2020-07-17-at-13.14.27-2-rotated.jpeg","_links":{"self":[{"href":"https:\/\/atecordoba.org\/index.php?rest_route=\/wp\/v2\/posts\/20704","targetHints":{"allow":["GET"]}}],"collection":[{"href":"https:\/\/atecordoba.org\/index.php?rest_route=\/wp\/v2\/posts"}],"about":[{"href":"https:\/\/atecordoba.org\/index.php?rest_route=\/wp\/v2\/types\/post"}],"author":[{"embeddable":true,"href":"https:\/\/atecordoba.org\/index.php?rest_route=\/wp\/v2\/users\/3"}],"replies":[{"embeddable":true,"href":"https:\/\/atecordoba.org\/index.php?rest_route=%2Fwp%2Fv2%2Fcomments&post=20704"}],"version-history":[{"count":2,"href":"https:\/\/atecordoba.org\/index.php?rest_route=\/wp\/v2\/posts\/20704\/revisions"}],"predecessor-version":[{"id":20715,"href":"https:\/\/atecordoba.org\/index.php?rest_route=\/wp\/v2\/posts\/20704\/revisions\/20715"}],"wp:featuredmedia":[{"embeddable":true,"href":"https:\/\/atecordoba.org\/index.php?rest_route=\/wp\/v2\/media\/20711"}],"wp:attachment":[{"href":"https:\/\/atecordoba.org\/index.php?rest_route=%2Fwp%2Fv2%2Fmedia&parent=20704"}],"wp:term":[{"taxonomy":"category","embeddable":true,"href":"https:\/\/atecordoba.org\/index.php?rest_route=%2Fwp%2Fv2%2Fcategories&post=20704"},{"taxonomy":"post_tag","embeddable":true,"href":"https:\/\/atecordoba.org\/index.php?rest_route=%2Fwp%2Fv2%2Ftags&post=20704"}],"curies":[{"name":"wp","href":"https:\/\/api.w.org\/{rel}","templated":true}]}}