{"id":20703,"date":"2020-07-17T13:31:59","date_gmt":"2020-07-17T16:31:59","guid":{"rendered":"http:\/\/atecordoba.org\/?p=20703"},"modified":"2020-07-17T13:55:10","modified_gmt":"2020-07-17T16:55:10","slug":"20703","status":"publish","type":"post","link":"https:\/\/atecordoba.org\/?p=20703","title":{"rendered":"La Secretar\u00eda de Prensa particip\u00f3 en la reuni\u00f3n federal de equipos de Prensa organizada por el Consejo Directivo Nacional"},"content":{"rendered":"<p><img loading=\"lazy\" decoding=\"async\" class=\"wp-image-20705 aligncenter\" src=\"http:\/\/atecordoba.org\/wp-content\/uploads\/2020\/07\/17-07-encuentro-de-prensa-300x146.jpg\" alt=\"\" width=\"754\" height=\"367\" srcset=\"https:\/\/atecordoba.org\/wp-content\/uploads\/2020\/07\/17-07-encuentro-de-prensa-300x146.jpg 300w, https:\/\/atecordoba.org\/wp-content\/uploads\/2020\/07\/17-07-encuentro-de-prensa-1024x500.jpg 1024w, https:\/\/atecordoba.org\/wp-content\/uploads\/2020\/07\/17-07-encuentro-de-prensa-768x375.jpg 768w, https:\/\/atecordoba.org\/wp-content\/uploads\/2020\/07\/17-07-encuentro-de-prensa-1536x749.jpg 1536w, https:\/\/atecordoba.org\/wp-content\/uploads\/2020\/07\/17-07-encuentro-de-prensa-2048x999.jpg 2048w, https:\/\/atecordoba.org\/wp-content\/uploads\/2020\/07\/17-07-encuentro-de-prensa-750x366.jpg 750w, https:\/\/atecordoba.org\/wp-content\/uploads\/2020\/07\/17-07-encuentro-de-prensa-1140x556.jpg 1140w\" sizes=\"auto, (max-width: 754px) 100vw, 754px\" \/><\/p>\n<p>La instancia realizada hoy fue la primera reuni\u00f3n del a\u00f1o 2020 y se concret\u00f3 v\u00eda teleconferencia. De la misma participaron unas 60 compa\u00f1eras y compa\u00f1eros de todo el pa\u00eds y tambi\u00e9n de la Confederaci\u00f3n Latinoamericana y del Caribe de Trabajadores Estatales (CLATE).<br \/>\nLa apertura de la reuni\u00f3n estuvo a cargo del Secretario General del Consejo Directivo Nacional, Hugo &#8220;Cachorro&#8221; Godoy, quien destac\u00f3 que &#8220;la comunicaci\u00f3n no puede ser solo institucional. Ello es importante para sentirse parte de ATE pero tenemos el desaf\u00edo de dar el debate con el conjunto de la sociedad acerca de cada uno de los hechos, su interpretaci\u00f3n, su discusi\u00f3n&#8221;. En ese sentido, Godoy enfatiz\u00f3 que &#8220;cuando discutimos comunicaci\u00f3n discutimos ideolog\u00eda, pensamiento, c\u00f3mo nos imaginamos la sociedad. Como trabajadores, y m\u00e1s como trabajadores del Estado, tenemos mucho que discutir con respecto a c\u00f3mo construir la Patria, las nuevas relaciones sociales, un nuevo Estado&#8221;.<br \/>\nPor ello, el Secretario General, ratific\u00f3 que &#8220;discutir con los equipos de comunicaci\u00f3n es discutir en el coraz\u00f3n del sindicato, del Estado, de la clase trabajadora en este tiempo&#8221;. &#8220;La pandemia no es la crisis -continu\u00f3-, la crisis est\u00e1 en el capitalismo y dentro del sistema capitalista el modelo neoliberal de intervenci\u00f3n en la gobernanza global, a partir de la disputa interimperial por nuevos bloques emergentes de poder&#8221;, desarroll\u00f3. &#8220;Dimos el debate hasta en el ajuste macrista -cuando desped\u00edan a las compa\u00f1eras y compa\u00f1eros-, no solo en la defensiva sino en la cuesti\u00f3n propositiva, en la construcci\u00f3n de esas nuevas relaciones sociales, de ese nuevo Estado, de esa nueva organizaci\u00f3n de la sociedad. Y lo hemos hecho y hacemos de cara al Pueblo y por eso las \u00e1reas que piensan estrat\u00e9gicamente la comunicaci\u00f3n son nodales&#8221;, ratific\u00f3.<br \/>\nEn la reuni\u00f3n tambi\u00e9n se adelant\u00f3 el trabajo del CDN para la creaci\u00f3n del programa ATE Universidades. El objetivo es crear trayectos acad\u00e9micos y una estructura que sostenga no solo una oferta acad\u00e9mica sino tambi\u00e9n para &#8220;una sinergia de pensamiento y acci\u00f3n con actores del sistema universitario y nosotras y nosotros como trabajadores&#8221;, destac\u00f3 Daniel Godoy, coordinador del programa. &#8220;En ese marco se ha abierto una propuesta con la Universidad de General Sarmiento para cursar un ciclo de charlas sobre Comunicaci\u00f3n en Tiempos de Pandemia, con miras a abrir una diplomatura en comunicaci\u00f3n en un futuro pr\u00f3ximo&#8221;, adelant\u00f3.<br \/>\n&#8220;Tenemos grandes desaf\u00edos en lo comunicacional ya que necesitamos crecer no solo en lo cuantitativo sino tambi\u00e9n en lo cualitativo en el sindicato&#8221;, refiri\u00f3 Julia Giuliani, Secretaria de Prensa del Consejo Directivo Provincial (CDP) de ATE C\u00f3rdoba. &#8220;Como C\u00f3rdoba es una provincia muy grande nos hemos dado la pol\u00edtica de provincializaci\u00f3n de las herramientas. Avanzamos en el desaf\u00edo de generar un piso de capacidades instaladas para realizar tareas de prensa en todas las regiones con un primer en encuentro para acercar herramientas de redacci\u00f3n y que continuaremos a futuro&#8221;, coment\u00f3 Giuliani. &#8220;Son tiempos donde los conflictos locales, provinciales, muchas veces son de relevancia nacional y tenemos el desaf\u00edo de analizar c\u00f3mo nacionalizamos ciertas agendas que hacen al inter\u00e9s del pueblo argentino en su conjunto&#8221;, remarc\u00f3.<\/p>\n","protected":false},"excerpt":{"rendered":"<p>La instancia realizada hoy fue la primera reuni\u00f3n del a\u00f1o 2020 y se concret\u00f3 v\u00eda teleconferencia. De la misma participaron unas 60 compa\u00f1eras y compa\u00f1eros de todo el pa\u00eds y tambi\u00e9n de la Confederaci\u00f3n Latinoamericana y del Caribe de Trabajadores Estatales (CLATE). La apertura de la reuni\u00f3n estuvo a cargo del Secretario General del Consejo [&hellip;]<\/p>\n","protected":false},"author":6,"featured_media":20705,"comment_status":"open","ping_status":"open","sticky":false,"template":"","format":"standard","meta":{"_exactmetrics_skip_tracking":false,"_exactmetrics_sitenote_active":false,"_exactmetrics_sitenote_note":"","_exactmetrics_sitenote_category":0,"jnews-multi-image_gallery":[],"jnews_single_post":{"source_name":"","source_url":"","via_name":"","via_url":"","override_template":"0","override":[{"template":"1","single_blog_custom":"","parallax":"1","fullscreen":"0","layout":"right-sidebar","sidebar":"default-sidebar","second_sidebar":"default-sidebar","sticky_sidebar":"1","share_position":"top","share_float_style":"share-monocrhome","show_share_counter":"1","show_view_counter":"1","show_featured":"1","show_post_meta":"1","show_post_author":"1","show_post_author_image":"1","show_post_date":"1","post_date_format":"default","post_date_format_custom":"Y\/m\/d","show_post_category":"1","show_post_reading_time":"0","post_reading_time_wpm":"300","show_zoom_button":"0","zoom_button_out_step":"2","zoom_button_in_step":"3","show_post_tag":"1","show_prev_next_post":"1","show_popup_post":"1","number_popup_post":"1","show_author_box":"0","show_post_related":"0","show_inline_post_related":"0"}],"override_image_size":"0","image_override":[{"single_post_thumbnail_size":"crop-500","single_post_gallery_size":"crop-500"}],"trending_post":"0","trending_post_position":"meta","trending_post_label":"Trending","sponsored_post":"0","sponsored_post_label":"Sponsored by","sponsored_post_name":"","sponsored_post_url":"","sponsored_post_logo_enable":"0","sponsored_post_logo":"","sponsored_post_desc":""},"jnews_primary_category":{"id":""},"jnews_social_meta":{"fb_title":"","fb_description":"","fb_image":"","twitter_title":"","twitter_description":"","twitter_image":""},"jnews_review":[],"enable_review":"0","type":"percentage","name":"","summary":"","brand":"","sku":"","good":[{"good_text":""}],"bad":[{"bad_text":""}],"score_override":"","override_value":"","rating":[{"rating_text":"","rating_number":"10"}],"price":[{"shop":"","price":"","link":"","icon":""}],"jnews_override_counter":{"override_view_counter":"0","view_counter_number":"0","override_share_counter":"0","share_counter_number":"0","override_like_counter":"0","like_counter_number":"0","override_dislike_counter":"0","dislike_counter_number":"0"},"jnews_post_split":{"enable_post_split":"0","post_split":[{"template":"1","tag":"h2","numbering":"asc","mode":"normal"}]},"footnotes":""},"categories":[341,346,34],"tags":[],"class_list":["post-20703","post","type-post","status-publish","format-standard","has-post-thumbnail","hentry","category-cdp","category-prensa-y-comunicacion","category-seccionales"],"jetpack_featured_media_url":"https:\/\/atecordoba.org\/wp-content\/uploads\/2020\/07\/17-07-encuentro-de-prensa-scaled.jpg","_links":{"self":[{"href":"https:\/\/atecordoba.org\/index.php?rest_route=\/wp\/v2\/posts\/20703","targetHints":{"allow":["GET"]}}],"collection":[{"href":"https:\/\/atecordoba.org\/index.php?rest_route=\/wp\/v2\/posts"}],"about":[{"href":"https:\/\/atecordoba.org\/index.php?rest_route=\/wp\/v2\/types\/post"}],"author":[{"embeddable":true,"href":"https:\/\/atecordoba.org\/index.php?rest_route=\/wp\/v2\/users\/6"}],"replies":[{"embeddable":true,"href":"https:\/\/atecordoba.org\/index.php?rest_route=%2Fwp%2Fv2%2Fcomments&post=20703"}],"version-history":[{"count":5,"href":"https:\/\/atecordoba.org\/index.php?rest_route=\/wp\/v2\/posts\/20703\/revisions"}],"predecessor-version":[{"id":20718,"href":"https:\/\/atecordoba.org\/index.php?rest_route=\/wp\/v2\/posts\/20703\/revisions\/20718"}],"wp:featuredmedia":[{"embeddable":true,"href":"https:\/\/atecordoba.org\/index.php?rest_route=\/wp\/v2\/media\/20705"}],"wp:attachment":[{"href":"https:\/\/atecordoba.org\/index.php?rest_route=%2Fwp%2Fv2%2Fmedia&parent=20703"}],"wp:term":[{"taxonomy":"category","embeddable":true,"href":"https:\/\/atecordoba.org\/index.php?rest_route=%2Fwp%2Fv2%2Fcategories&post=20703"},{"taxonomy":"post_tag","embeddable":true,"href":"https:\/\/atecordoba.org\/index.php?rest_route=%2Fwp%2Fv2%2Ftags&post=20703"}],"curies":[{"name":"wp","href":"https:\/\/api.w.org\/{rel}","templated":true}]}}