{"id":20698,"date":"2020-07-17T11:22:28","date_gmt":"2020-07-17T14:22:28","guid":{"rendered":"http:\/\/atecordoba.org\/?p=20698"},"modified":"2020-07-17T11:22:28","modified_gmt":"2020-07-17T14:22:28","slug":"continuan-la-retencion-de-servicios-en-capilla-del-monte-pagaron-mayo-pero-deben-junio-y-aguinaldo","status":"publish","type":"post","link":"https:\/\/atecordoba.org\/?p=20698","title":{"rendered":"Contin\u00faan la retenci\u00f3n de servicios en Capilla del Monte: pagaron mayo pero deben junio y aguinaldo"},"content":{"rendered":"<p><img loading=\"lazy\" decoding=\"async\" class=\" wp-image-20701 aligncenter\" src=\"http:\/\/atecordoba.org\/wp-content\/uploads\/2020\/07\/WhatsApp-Image-2020-07-17-at-09.52.33-300x180.jpeg\" alt=\"\" width=\"602\" height=\"361\" srcset=\"https:\/\/atecordoba.org\/wp-content\/uploads\/2020\/07\/WhatsApp-Image-2020-07-17-at-09.52.33-300x180.jpeg 300w, https:\/\/atecordoba.org\/wp-content\/uploads\/2020\/07\/WhatsApp-Image-2020-07-17-at-09.52.33-1024x614.jpeg 1024w, https:\/\/atecordoba.org\/wp-content\/uploads\/2020\/07\/WhatsApp-Image-2020-07-17-at-09.52.33-768x461.jpeg 768w, https:\/\/atecordoba.org\/wp-content\/uploads\/2020\/07\/WhatsApp-Image-2020-07-17-at-09.52.33-750x450.jpeg 750w, https:\/\/atecordoba.org\/wp-content\/uploads\/2020\/07\/WhatsApp-Image-2020-07-17-at-09.52.33-1140x684.jpeg 1140w, https:\/\/atecordoba.org\/wp-content\/uploads\/2020\/07\/WhatsApp-Image-2020-07-17-at-09.52.33.jpeg 1280w\" sizes=\"auto, (max-width: 602px) 100vw, 602px\" \/>El martes pasado las y los trabajadores municipales, el cuerpo de delegadas y delegados y la seccional ATE Cruz del Eje realizaron una olla popular frente a la sede municipal para exigir el pago de sueldos atrasados.<\/p>\n<p>Momentos despu\u00e9s de terminada la actividad, el intendente Fabricio D\u00edaz anunci\u00f3 que completaba el pago de los salarios de mayo, que era un 43% del sueldo. Sin embargo, contin\u00faa adeudando los haberes de junio y el aguinaldo completo.<\/p>\n<p><img loading=\"lazy\" decoding=\"async\" class=\" wp-image-20700 aligncenter\" src=\"http:\/\/atecordoba.org\/wp-content\/uploads\/2020\/07\/WhatsApp-Image-2020-07-17-at-09.52.35-300x139.jpeg\" alt=\"\" width=\"605\" height=\"280\" srcset=\"https:\/\/atecordoba.org\/wp-content\/uploads\/2020\/07\/WhatsApp-Image-2020-07-17-at-09.52.35-300x139.jpeg 300w, https:\/\/atecordoba.org\/wp-content\/uploads\/2020\/07\/WhatsApp-Image-2020-07-17-at-09.52.35-1024x473.jpeg 1024w, https:\/\/atecordoba.org\/wp-content\/uploads\/2020\/07\/WhatsApp-Image-2020-07-17-at-09.52.35-768x355.jpeg 768w, https:\/\/atecordoba.org\/wp-content\/uploads\/2020\/07\/WhatsApp-Image-2020-07-17-at-09.52.35-750x347.jpeg 750w, https:\/\/atecordoba.org\/wp-content\/uploads\/2020\/07\/WhatsApp-Image-2020-07-17-at-09.52.35.jpeg 1032w\" sizes=\"auto, (max-width: 605px) 100vw, 605px\" \/><\/p>\n<p>Cada d\u00eda las y los trabajadores concurren a sus puestos de trabajo aguardando que la autoridad municipal cumpla con su obligaci\u00f3n correspondiente y pague los salarios en tiempo y forma. La conducci\u00f3n de ATE Cruz del Eje anunci\u00f3 que mantendr\u00e1 las medias de fuerza hasta que D\u00edaz complete el pago de los sueldos adeudados.<\/p>\n<p>El pasado 8 de julio los compa\u00f1eros realizaron <a href=\"https:\/\/atecordoba.org\/?p=20681\">una fuerte movilizaci\u00f3n<\/a> para expresar el hartazgo ante el desmanejo en el municipio. En tanto, D\u00edaz aduce que la gesti\u00f3n anterior dej\u00f3 comprometido las finanzas de la comuna.<\/p>\n<p><img loading=\"lazy\" decoding=\"async\" class=\"wp-image-20699 aligncenter\" src=\"http:\/\/atecordoba.org\/wp-content\/uploads\/2020\/07\/WhatsApp-Image-2020-07-17-at-09.52.34-300x180.jpeg\" alt=\"\" width=\"605\" height=\"363\" srcset=\"https:\/\/atecordoba.org\/wp-content\/uploads\/2020\/07\/WhatsApp-Image-2020-07-17-at-09.52.34-300x180.jpeg 300w, https:\/\/atecordoba.org\/wp-content\/uploads\/2020\/07\/WhatsApp-Image-2020-07-17-at-09.52.34-1024x614.jpeg 1024w, https:\/\/atecordoba.org\/wp-content\/uploads\/2020\/07\/WhatsApp-Image-2020-07-17-at-09.52.34-768x461.jpeg 768w, https:\/\/atecordoba.org\/wp-content\/uploads\/2020\/07\/WhatsApp-Image-2020-07-17-at-09.52.34-750x450.jpeg 750w, https:\/\/atecordoba.org\/wp-content\/uploads\/2020\/07\/WhatsApp-Image-2020-07-17-at-09.52.34-1140x684.jpeg 1140w, https:\/\/atecordoba.org\/wp-content\/uploads\/2020\/07\/WhatsApp-Image-2020-07-17-at-09.52.34.jpeg 1280w\" sizes=\"auto, (max-width: 605px) 100vw, 605px\" \/><\/p>\n","protected":false},"excerpt":{"rendered":"<p>El martes pasado las y los trabajadores municipales, el cuerpo de delegadas y delegados y la seccional ATE Cruz del Eje realizaron una olla popular frente a la sede municipal para exigir el pago de sueldos atrasados. Momentos despu\u00e9s de terminada la actividad, el intendente Fabricio D\u00edaz anunci\u00f3 que completaba el pago de los salarios [&hellip;]<\/p>\n","protected":false},"author":3,"featured_media":20701,"comment_status":"open","ping_status":"open","sticky":true,"template":"","format":"standard","meta":{"_exactmetrics_skip_tracking":false,"_exactmetrics_sitenote_active":false,"_exactmetrics_sitenote_note":"","_exactmetrics_sitenote_category":0,"jnews-multi-image_gallery":[],"jnews_single_post":{"source_name":"","source_url":"","via_name":"","via_url":"","override_template":"0","override":[{"template":"1","single_blog_custom":"","parallax":"1","fullscreen":"0","layout":"right-sidebar","sidebar":"default-sidebar","second_sidebar":"default-sidebar","sticky_sidebar":"1","share_position":"top","share_float_style":"share-monocrhome","show_share_counter":"1","show_view_counter":"1","show_featured":"1","show_post_meta":"1","show_post_author":"1","show_post_author_image":"1","show_post_date":"1","post_date_format":"default","post_date_format_custom":"Y\/m\/d","show_post_category":"1","show_post_reading_time":"0","post_reading_time_wpm":"300","show_zoom_button":"0","zoom_button_out_step":"2","zoom_button_in_step":"3","show_post_tag":"1","show_prev_next_post":"1","show_popup_post":"1","number_popup_post":"1","show_author_box":"0","show_post_related":"0","show_inline_post_related":"0"}],"override_image_size":"0","image_override":[{"single_post_thumbnail_size":"crop-500","single_post_gallery_size":"crop-500"}],"trending_post":"0","trending_post_position":"meta","trending_post_label":"Trending","sponsored_post":"0","sponsored_post_label":"Sponsored by","sponsored_post_name":"","sponsored_post_url":"","sponsored_post_logo_enable":"0","sponsored_post_logo":"","sponsored_post_desc":""},"jnews_primary_category":{"id":""},"jnews_social_meta":{"fb_title":"","fb_description":"","fb_image":"","twitter_title":"","twitter_description":"","twitter_image":""},"jnews_review":[],"enable_review":"0","type":"percentage","name":"","summary":"","brand":"","sku":"","good":[{"good_text":""}],"bad":[{"bad_text":""}],"score_override":"","override_value":"","rating":[{"rating_text":"","rating_number":"10"}],"price":[{"shop":"","price":"","link":"","icon":""}],"jnews_override_counter":{"override_view_counter":"0","view_counter_number":"0","override_share_counter":"0","share_counter_number":"0","override_like_counter":"0","like_counter_number":"0","override_dislike_counter":"0","dislike_counter_number":"0"},"jnews_post_split":{"enable_post_split":"0","post_split":[{"template":"1","tag":"h2","numbering":"asc","mode":"normal"}]},"footnotes":""},"categories":[20],"tags":[417,427,433],"class_list":["post-20698","post","type-post","status-publish","format-standard","has-post-thumbnail","hentry","category-municipales","tag-ajuste","tag-capilla-del-monte","tag-salarios-impagos"],"jetpack_featured_media_url":"https:\/\/atecordoba.org\/wp-content\/uploads\/2020\/07\/WhatsApp-Image-2020-07-17-at-09.52.33.jpeg","_links":{"self":[{"href":"https:\/\/atecordoba.org\/index.php?rest_route=\/wp\/v2\/posts\/20698","targetHints":{"allow":["GET"]}}],"collection":[{"href":"https:\/\/atecordoba.org\/index.php?rest_route=\/wp\/v2\/posts"}],"about":[{"href":"https:\/\/atecordoba.org\/index.php?rest_route=\/wp\/v2\/types\/post"}],"author":[{"embeddable":true,"href":"https:\/\/atecordoba.org\/index.php?rest_route=\/wp\/v2\/users\/3"}],"replies":[{"embeddable":true,"href":"https:\/\/atecordoba.org\/index.php?rest_route=%2Fwp%2Fv2%2Fcomments&post=20698"}],"version-history":[{"count":1,"href":"https:\/\/atecordoba.org\/index.php?rest_route=\/wp\/v2\/posts\/20698\/revisions"}],"predecessor-version":[{"id":20702,"href":"https:\/\/atecordoba.org\/index.php?rest_route=\/wp\/v2\/posts\/20698\/revisions\/20702"}],"wp:featuredmedia":[{"embeddable":true,"href":"https:\/\/atecordoba.org\/index.php?rest_route=\/wp\/v2\/media\/20701"}],"wp:attachment":[{"href":"https:\/\/atecordoba.org\/index.php?rest_route=%2Fwp%2Fv2%2Fmedia&parent=20698"}],"wp:term":[{"taxonomy":"category","embeddable":true,"href":"https:\/\/atecordoba.org\/index.php?rest_route=%2Fwp%2Fv2%2Fcategories&post=20698"},{"taxonomy":"post_tag","embeddable":true,"href":"https:\/\/atecordoba.org\/index.php?rest_route=%2Fwp%2Fv2%2Ftags&post=20698"}],"curies":[{"name":"wp","href":"https:\/\/api.w.org\/{rel}","templated":true}]}}