{"id":20683,"date":"2020-07-15T19:09:35","date_gmt":"2020-07-15T22:09:35","guid":{"rendered":"http:\/\/atecordoba.org\/?p=20683"},"modified":"2020-07-15T19:09:35","modified_gmt":"2020-07-15T22:09:35","slug":"el-reconocimiento-de-un-companero-reincorporado-a-la-anac","status":"publish","type":"post","link":"https:\/\/atecordoba.org\/?p=20683","title":{"rendered":"El reconocimiento de un compa\u00f1ero reincorporado a la ANAC"},"content":{"rendered":"<p><img loading=\"lazy\" decoding=\"async\" class=\" wp-image-20305 aligncenter\" src=\"http:\/\/atecordoba.org\/wp-content\/uploads\/2020\/06\/anac-ambilancia-1024x768-300x225.jpg\" alt=\"\" width=\"629\" height=\"472\" srcset=\"https:\/\/atecordoba.org\/wp-content\/uploads\/2020\/06\/anac-ambilancia-1024x768-300x225.jpg 300w, https:\/\/atecordoba.org\/wp-content\/uploads\/2020\/06\/anac-ambilancia-1024x768-768x576.jpg 768w, https:\/\/atecordoba.org\/wp-content\/uploads\/2020\/06\/anac-ambilancia-1024x768-750x563.jpg 750w, https:\/\/atecordoba.org\/wp-content\/uploads\/2020\/06\/anac-ambilancia-1024x768.jpg 1024w\" sizes=\"auto, (max-width: 629px) 100vw, 629px\" \/>Torres qued\u00f3 sin funciones en la transici\u00f3n de ANAC a EANA y la ANAC, en vez de reubicarlo ya que era empleado del organismo, opt\u00f3 por dejarlo afuera.<\/p>\n<p>Ahora el compa\u00f1ero envi\u00f3 un mensaje, <a href=\"https:\/\/atecordoba.org\/?p=20306\">tras ser reincorporado<\/a>, donde reconoce la lucha de ATE -a trav\u00e9s de la Coordinaci\u00f3n Nacional ATE-ANAC, el Consejo Directivo Provincial y la Corredma- para recuperar su fuente de trabajo.<\/p>\n<div class=\"epyt-video-wrapper\"><iframe loading=\"lazy\"  style=\"display: block; margin: 0px auto;\"  id=\"_ytid_40329\"  width=\"480\" height=\"270\"  data-origwidth=\"480\" data-origheight=\"270\" src=\"https:\/\/www.youtube.com\/embed\/9OHG6PLB8Lw?enablejsapi=1&#038;autoplay=0&#038;cc_load_policy=0&#038;cc_lang_pref=&#038;iv_load_policy=3&#038;loop=0&#038;rel=0&#038;fs=1&#038;playsinline=0&#038;autohide=2&#038;theme=dark&#038;color=red&#038;controls=1&#038;disablekb=0&#038;\" class=\"__youtube_prefs__  epyt-is-override  no-lazyload\" title=\"YouTube player\"  allow=\"fullscreen; accelerometer; autoplay; clipboard-write; encrypted-media; gyroscope; picture-in-picture; web-share\" referrerpolicy=\"strict-origin-when-cross-origin\" allowfullscreen data-no-lazy=\"1\" data-skipgform_ajax_framebjll=\"\"><\/iframe><\/div>\n","protected":false},"excerpt":{"rendered":"<p>Torres qued\u00f3 sin funciones en la transici\u00f3n de ANAC a EANA y la ANAC, en vez de reubicarlo ya que era empleado del organismo, opt\u00f3 por dejarlo afuera. Ahora el compa\u00f1ero envi\u00f3 un mensaje, tras ser reincorporado, donde reconoce la lucha de ATE -a trav\u00e9s de la Coordinaci\u00f3n Nacional ATE-ANAC, el Consejo Directivo Provincial y [&hellip;]<\/p>\n","protected":false},"author":3,"featured_media":20189,"comment_status":"open","ping_status":"open","sticky":true,"template":"","format":"standard","meta":{"_exactmetrics_skip_tracking":false,"_exactmetrics_sitenote_active":false,"_exactmetrics_sitenote_note":"","_exactmetrics_sitenote_category":0,"jnews-multi-image_gallery":[],"jnews_single_post":{"source_name":"","source_url":"","via_name":"","via_url":"","override_template":"0","override":[{"template":"1","single_blog_custom":"","parallax":"1","fullscreen":"0","layout":"right-sidebar","sidebar":"default-sidebar","second_sidebar":"default-sidebar","sticky_sidebar":"1","share_position":"top","share_float_style":"share-monocrhome","show_share_counter":"1","show_view_counter":"1","show_featured":"1","show_post_meta":"1","show_post_author":"1","show_post_author_image":"1","show_post_date":"1","post_date_format":"default","post_date_format_custom":"Y\/m\/d","show_post_category":"1","show_post_reading_time":"0","post_reading_time_wpm":"300","show_zoom_button":"0","zoom_button_out_step":"2","zoom_button_in_step":"3","show_post_tag":"1","show_prev_next_post":"1","show_popup_post":"1","number_popup_post":"1","show_author_box":"0","show_post_related":"0","show_inline_post_related":"0"}],"override_image_size":"0","image_override":[{"single_post_thumbnail_size":"crop-500","single_post_gallery_size":"crop-500"}],"trending_post":"0","trending_post_position":"meta","trending_post_label":"Trending","sponsored_post":"0","sponsored_post_label":"Sponsored by","sponsored_post_name":"","sponsored_post_url":"","sponsored_post_logo_enable":"0","sponsored_post_logo":"","sponsored_post_desc":""},"jnews_primary_category":{"id":""},"jnews_social_meta":{"fb_title":"","fb_description":"","fb_image":"","twitter_title":"","twitter_description":"","twitter_image":""},"jnews_review":[],"enable_review":"0","type":"percentage","name":"","summary":"","brand":"","sku":"","good":[{"good_text":""}],"bad":[{"bad_text":""}],"score_override":"","override_value":"","rating":[{"rating_text":"","rating_number":"10"}],"price":[{"shop":"","price":"","link":"","icon":""}],"jnews_override_counter":{"override_view_counter":"0","view_counter_number":"0","override_share_counter":"0","share_counter_number":"0","override_like_counter":"0","like_counter_number":"0","override_dislike_counter":"0","dislike_counter_number":"0"},"jnews_post_split":{"enable_post_split":"0","post_split":[{"template":"1","tag":"h2","numbering":"asc","mode":"normal"}]},"footnotes":""},"categories":[341,152,18],"tags":[33,163,429],"class_list":["post-20683","post","type-post","status-publish","format-standard","has-post-thumbnail","hentry","category-cdp","category-despedidos","category-nacionales","tag-anac","tag-corredma","tag-trabajador-reincorporado"],"jetpack_featured_media_url":"https:\/\/atecordoba.org\/wp-content\/uploads\/2020\/06\/BannerCuadradoATENACIONAL.jpeg","_links":{"self":[{"href":"https:\/\/atecordoba.org\/index.php?rest_route=\/wp\/v2\/posts\/20683","targetHints":{"allow":["GET"]}}],"collection":[{"href":"https:\/\/atecordoba.org\/index.php?rest_route=\/wp\/v2\/posts"}],"about":[{"href":"https:\/\/atecordoba.org\/index.php?rest_route=\/wp\/v2\/types\/post"}],"author":[{"embeddable":true,"href":"https:\/\/atecordoba.org\/index.php?rest_route=\/wp\/v2\/users\/3"}],"replies":[{"embeddable":true,"href":"https:\/\/atecordoba.org\/index.php?rest_route=%2Fwp%2Fv2%2Fcomments&post=20683"}],"version-history":[{"count":1,"href":"https:\/\/atecordoba.org\/index.php?rest_route=\/wp\/v2\/posts\/20683\/revisions"}],"predecessor-version":[{"id":20684,"href":"https:\/\/atecordoba.org\/index.php?rest_route=\/wp\/v2\/posts\/20683\/revisions\/20684"}],"wp:featuredmedia":[{"embeddable":true,"href":"https:\/\/atecordoba.org\/index.php?rest_route=\/wp\/v2\/media\/20189"}],"wp:attachment":[{"href":"https:\/\/atecordoba.org\/index.php?rest_route=%2Fwp%2Fv2%2Fmedia&parent=20683"}],"wp:term":[{"taxonomy":"category","embeddable":true,"href":"https:\/\/atecordoba.org\/index.php?rest_route=%2Fwp%2Fv2%2Fcategories&post=20683"},{"taxonomy":"post_tag","embeddable":true,"href":"https:\/\/atecordoba.org\/index.php?rest_route=%2Fwp%2Fv2%2Ftags&post=20683"}],"curies":[{"name":"wp","href":"https:\/\/api.w.org\/{rel}","templated":true}]}}