{"id":20681,"date":"2020-07-15T12:55:42","date_gmt":"2020-07-15T15:55:42","guid":{"rendered":"http:\/\/atecordoba.org\/?p=20681"},"modified":"2020-07-15T12:55:42","modified_gmt":"2020-07-15T15:55:42","slug":"continua-el-conflicto-por-la-deuda-salarial-desde-mayo-en-la-municipalidad-de-capilla-del-monte","status":"publish","type":"post","link":"https:\/\/atecordoba.org\/?p=20681","title":{"rendered":"Contin\u00faa el conflicto por la deuda salarial desde mayo en la Municipalidad de Capilla del Monte"},"content":{"rendered":"<p><img loading=\"lazy\" decoding=\"async\" class=\" wp-image-20642 aligncenter\" src=\"http:\/\/atecordoba.org\/wp-content\/uploads\/2020\/07\/WhatsApp-Image-2020-07-08-at-15.07.15-300x139.jpeg\" alt=\"\" width=\"602\" height=\"279\" srcset=\"https:\/\/atecordoba.org\/wp-content\/uploads\/2020\/07\/WhatsApp-Image-2020-07-08-at-15.07.15-300x139.jpeg 300w, https:\/\/atecordoba.org\/wp-content\/uploads\/2020\/07\/WhatsApp-Image-2020-07-08-at-15.07.15-1024x474.jpeg 1024w, https:\/\/atecordoba.org\/wp-content\/uploads\/2020\/07\/WhatsApp-Image-2020-07-08-at-15.07.15-768x355.jpeg 768w, https:\/\/atecordoba.org\/wp-content\/uploads\/2020\/07\/WhatsApp-Image-2020-07-08-at-15.07.15-750x347.jpeg 750w, https:\/\/atecordoba.org\/wp-content\/uploads\/2020\/07\/WhatsApp-Image-2020-07-08-at-15.07.15-1140x527.jpeg 1140w, https:\/\/atecordoba.org\/wp-content\/uploads\/2020\/07\/WhatsApp-Image-2020-07-08-at-15.07.15.jpeg 1280w\" sizes=\"auto, (max-width: 602px) 100vw, 602px\" \/><\/p>\n<p>La medida de fuerza comenz\u00f3 la semana pasada tras una asamblea en la Municipalidad con <a href=\"https:\/\/photos.app.goo.gl\/AfG4KrBhsAzqUNEN6\">movilizaciones y medidas de protesta<\/a>. Seg\u00fan el intendente, Fabricio D\u00edaz, se est\u00e1 realizando las gestiones para afrontar los compromisos salariales adeudados pero hasta el momento sin resultado positivo.<\/p>\n<p>El jefe comunal aduce que la coparticipaci\u00f3n que recibe el municipio est\u00e1 mermada en m\u00e1s del 80% por compromiso de gestiones anteriores lo que imposibilita la acreditaci\u00f3n de haberes de los municipios.<\/p>\n<p>La Asociaci\u00f3n Trabajadores del Estado Noroeste Cordob\u00e9s, Seccional Cruz del Eje, exige la pronta respuesta econ\u00f3mica y pol\u00edtica en este atolladero del cual las y los trabajadores no son responsables.<\/p>\n<p>Sobre sus familias y la comunidad toda de Capilla del Monte recaen las consecuencias de la mala administraci\u00f3n y mal manejo hist\u00f3rico del municipio. En consecuencia, las y los trabajadores continuaremos con los reclamos hasta que se solucione definitivamente est\u00e1 situaci\u00f3n de larga data.<\/p>\n","protected":false},"excerpt":{"rendered":"<p>La medida de fuerza comenz\u00f3 la semana pasada tras una asamblea en la Municipalidad con movilizaciones y medidas de protesta. Seg\u00fan el intendente, Fabricio D\u00edaz, se est\u00e1 realizando las gestiones para afrontar los compromisos salariales adeudados pero hasta el momento sin resultado positivo. El jefe comunal aduce que la coparticipaci\u00f3n que recibe el municipio est\u00e1 [&hellip;]<\/p>\n","protected":false},"author":3,"featured_media":20642,"comment_status":"open","ping_status":"open","sticky":true,"template":"","format":"standard","meta":{"_exactmetrics_skip_tracking":false,"_exactmetrics_sitenote_active":false,"_exactmetrics_sitenote_note":"","_exactmetrics_sitenote_category":0,"jnews-multi-image_gallery":[],"jnews_single_post":{"source_name":"","source_url":"","via_name":"","via_url":"","override_template":"0","override":[{"template":"1","single_blog_custom":"","parallax":"1","fullscreen":"0","layout":"right-sidebar","sidebar":"default-sidebar","second_sidebar":"default-sidebar","sticky_sidebar":"1","share_position":"top","share_float_style":"share-monocrhome","show_share_counter":"1","show_view_counter":"1","show_featured":"1","show_post_meta":"1","show_post_author":"1","show_post_author_image":"1","show_post_date":"1","post_date_format":"default","post_date_format_custom":"Y\/m\/d","show_post_category":"1","show_post_reading_time":"0","post_reading_time_wpm":"300","show_zoom_button":"0","zoom_button_out_step":"2","zoom_button_in_step":"3","show_post_tag":"1","show_prev_next_post":"1","show_popup_post":"1","number_popup_post":"1","show_author_box":"0","show_post_related":"0","show_inline_post_related":"0"}],"override_image_size":"0","image_override":[{"single_post_thumbnail_size":"crop-500","single_post_gallery_size":"crop-500"}],"trending_post":"0","trending_post_position":"meta","trending_post_label":"Trending","sponsored_post":"0","sponsored_post_label":"Sponsored by","sponsored_post_name":"","sponsored_post_url":"","sponsored_post_logo_enable":"0","sponsored_post_logo":"","sponsored_post_desc":""},"jnews_primary_category":{"id":""},"jnews_social_meta":{"fb_title":"","fb_description":"","fb_image":"","twitter_title":"","twitter_description":"","twitter_image":""},"jnews_review":[],"enable_review":"0","type":"percentage","name":"","summary":"","brand":"","sku":"","good":[{"good_text":""}],"bad":[{"bad_text":""}],"score_override":"","override_value":"","rating":[{"rating_text":"","rating_number":"10"}],"price":[{"shop":"","price":"","link":"","icon":""}],"jnews_override_counter":{"override_view_counter":"0","view_counter_number":"0","override_share_counter":"0","share_counter_number":"0","override_like_counter":"0","like_counter_number":"0","override_dislike_counter":"0","dislike_counter_number":"0"},"jnews_post_split":{"enable_post_split":"0","post_split":[{"template":"1","tag":"h2","numbering":"asc","mode":"normal"}]},"footnotes":""},"categories":[150,20,34],"tags":[427,379,425,426,428],"class_list":["post-20681","post","type-post","status-publish","format-standard","has-post-thumbnail","hentry","category-cruz-del-eje","category-municipales","category-seccionales","tag-capilla-del-monte","tag-conflicto-gremial","tag-conflicto-salarial","tag-falta-de-pago-de-sueldos","tag-trabajadores-municipales"],"jetpack_featured_media_url":"https:\/\/atecordoba.org\/wp-content\/uploads\/2020\/07\/WhatsApp-Image-2020-07-08-at-15.07.15.jpeg","_links":{"self":[{"href":"https:\/\/atecordoba.org\/index.php?rest_route=\/wp\/v2\/posts\/20681","targetHints":{"allow":["GET"]}}],"collection":[{"href":"https:\/\/atecordoba.org\/index.php?rest_route=\/wp\/v2\/posts"}],"about":[{"href":"https:\/\/atecordoba.org\/index.php?rest_route=\/wp\/v2\/types\/post"}],"author":[{"embeddable":true,"href":"https:\/\/atecordoba.org\/index.php?rest_route=\/wp\/v2\/users\/3"}],"replies":[{"embeddable":true,"href":"https:\/\/atecordoba.org\/index.php?rest_route=%2Fwp%2Fv2%2Fcomments&post=20681"}],"version-history":[{"count":1,"href":"https:\/\/atecordoba.org\/index.php?rest_route=\/wp\/v2\/posts\/20681\/revisions"}],"predecessor-version":[{"id":20682,"href":"https:\/\/atecordoba.org\/index.php?rest_route=\/wp\/v2\/posts\/20681\/revisions\/20682"}],"wp:featuredmedia":[{"embeddable":true,"href":"https:\/\/atecordoba.org\/index.php?rest_route=\/wp\/v2\/media\/20642"}],"wp:attachment":[{"href":"https:\/\/atecordoba.org\/index.php?rest_route=%2Fwp%2Fv2%2Fmedia&parent=20681"}],"wp:term":[{"taxonomy":"category","embeddable":true,"href":"https:\/\/atecordoba.org\/index.php?rest_route=%2Fwp%2Fv2%2Fcategories&post=20681"},{"taxonomy":"post_tag","embeddable":true,"href":"https:\/\/atecordoba.org\/index.php?rest_route=%2Fwp%2Fv2%2Ftags&post=20681"}],"curies":[{"name":"wp","href":"https:\/\/api.w.org\/{rel}","templated":true}]}}