{"id":20670,"date":"2020-07-14T14:02:16","date_gmt":"2020-07-14T17:02:16","guid":{"rendered":"http:\/\/atecordoba.org\/?p=20670"},"modified":"2020-07-14T14:13:20","modified_gmt":"2020-07-14T17:13:20","slug":"se-realizo-ayer-la-charla-debate-sobre-los-sistemas-previsionales-en-latinoamerica","status":"publish","type":"post","link":"https:\/\/atecordoba.org\/?p=20670","title":{"rendered":"Se realiz\u00f3 ayer la charla debate sobre los sistemas previsionales en Latinoam\u00e9rica"},"content":{"rendered":"<p><img loading=\"lazy\" decoding=\"async\" class=\"wp-image-20671 aligncenter\" src=\"http:\/\/atecordoba.org\/wp-content\/uploads\/2020\/07\/zoom-sistema-previsional--300x181.png\" alt=\"\" width=\"607\" height=\"366\" srcset=\"https:\/\/atecordoba.org\/wp-content\/uploads\/2020\/07\/zoom-sistema-previsional--300x181.png 300w, https:\/\/atecordoba.org\/wp-content\/uploads\/2020\/07\/zoom-sistema-previsional--1024x616.png 1024w, https:\/\/atecordoba.org\/wp-content\/uploads\/2020\/07\/zoom-sistema-previsional--768x462.png 768w, https:\/\/atecordoba.org\/wp-content\/uploads\/2020\/07\/zoom-sistema-previsional--750x451.png 750w, https:\/\/atecordoba.org\/wp-content\/uploads\/2020\/07\/zoom-sistema-previsional-.png 1047w\" sizes=\"auto, (max-width: 607px) 100vw, 607px\" \/>La iniciativa cont\u00f3 con amplia de respuesta de las y los compa\u00f1eros, participaron a trav\u00e9s de la sala del zoom organizado para la oportunidad y de la p\u00e1gina de Facebook del Consejo Directivo Provincial (CDP).<\/p>\n<p>Coordinado por nuestra secretaria de Prensa, Julia Giuliani, la charla debate cont\u00f3 con la presencia los panelistas Federico Giuliani, secretario General del CDP C\u00f3rdoba, Julio Fuentes, trabajador del Instituto de la seguridad social de la provincia de Neuqu\u00e9n y secretario General de la Confederaci\u00f3n Latinoamericana de Trabajadores Estatales (CLATE), Recadero G\u00e1lvez, administrador p\u00fablico, licenciado en Ciencias Pol\u00edticas y Administrativas y docente e investigador de la Fundaci\u00f3n Sur, de Chile, Mario Montes, licenciado en Jurisprudencia y Ciencias Sociales, presidente de la Asociaci\u00f3n General de Empleados Provinciales y Municipales de El Salvador (Agepym), Lorena Luj\u00e1n, asesora en seguridad social y del equipo de representaci\u00f3n de Trabajadores de Previsi\u00f3n Social de Uruguay y Mart\u00edn Pereyra, presidente de la Confederaci\u00f3n de Organizaciones de Funcionarios del Estado de Uruguay (Cofe).<\/p>\n<p>Adem\u00e1s, la actividad cont\u00f3 con la presencia de compa\u00f1as y compa\u00f1eros de larga y respetada trayectoria Marta Maffei, dirigente docente que form\u00f3 parte del n\u00facleo fundador de la CTA, \u00a0Carlos Custer, dirigente de ATE, fundador de la CLATE y ex embajador en el Vaticano, y Oscar Cacho Mengarelli dirigente de ATE, fundador Anusate y vicepresidente del Centro de Jubilados Nacional de ATE, y Leonarda Pocha Correa, integrante tambi\u00e9n del Centro Nacional de Jubilados de ATE y dirigente estatal correntina.<\/p>\n<p>Al introducir la conversaci\u00f3n virtual, que cont\u00f3 con alrededor de 80 compa\u00f1eros participantes, la compa\u00f1era Julia Giuliani destac\u00f3 que \u201cpara los militantes y dirigentes de ATE esta fecha es muy sentida: hace 27 a\u00f1os falleci\u00f3 German Abdala, un compa\u00f1ero de esos imprescindibles que promovi\u00f3 leyes en beneficio de las y los trabajadores estatales cuando fue diputado nacional. Recordaban que la resistencia a la privatizaci\u00f3n del sistema jubilatorio fue su \u00faltimo acto en el congreso antes de partir\u201d.<\/p>\n<p>La secretaria de Prensa destac\u00f3 que el encuentro se realiz\u00f3 &#8220;en el marco de la campa\u00f1a internacional de la CLATE&#8221;.<\/p>\n<p>Federico Giuliani tom\u00f3 la palabra seguidamente para dar la bienvenida a todos e introducir sobre la gravedad de la situaci\u00f3n que atraviesa el sistema jubilatorio provincial.<\/p>\n<p><img loading=\"lazy\" decoding=\"async\" class=\" wp-image-20672 aligncenter\" src=\"http:\/\/atecordoba.org\/wp-content\/uploads\/2020\/07\/federico-300x168.png\" alt=\"\" width=\"604\" height=\"338\" srcset=\"https:\/\/atecordoba.org\/wp-content\/uploads\/2020\/07\/federico-300x168.png 300w, https:\/\/atecordoba.org\/wp-content\/uploads\/2020\/07\/federico-768x430.png 768w, https:\/\/atecordoba.org\/wp-content\/uploads\/2020\/07\/federico-750x420.png 750w, https:\/\/atecordoba.org\/wp-content\/uploads\/2020\/07\/federico.png 876w\" sizes=\"auto, (max-width: 604px) 100vw, 604px\" \/><\/p>\n<p>El secretario General del CDP destac\u00f3 que \u201cla actividad es muy importante porque tiene trascendencia para construcci\u00f3n de nuestro sindicato y la CTA en la provincia. Si bien C\u00f3rdoba pari\u00f3 la reforma universitaria, que fue faro para el desarrollo de una universidad p\u00fablica, democr\u00e1tica y popular, y el Cordobazo, tierra de grandes dirigentes como Agust\u00edn Rosco o Atilio L\u00f3pez, Ren\u00e9 Salamanca, H\u00e9ctor \u2018la Perra\u2019 Castro; tambi\u00e9n es una sociedad con una clase dirigencial conservadora y antipopular\u201d.<\/p>\n<p>Entre otros puntos de su mensaje, Giuliani destac\u00f3:<\/p>\n<ul>\n<li>\u201cDebo decir que el FMI promueve y exige a los gobiernos de turno, en todo el continente, la reforma previsional a la baja de las jubilaciones para despu\u00e9s habilitar cr\u00e9ditos que se transforma en impagables, fraudulentas, ilegales e inmorales deudas externas\u201d.<\/li>\n<li>\u201cEsto claramente tiene una concepci\u00f3n neoliberal del capitalismo que es achicar el gasto p\u00fablico que est\u00e1 dirigido a sectores muy vulnerables, compa\u00f1eras y compa\u00f1eros jubilados, pero tambi\u00e9n trabajadores que hacen sus aportes de manera religiosa todos los meses. Ese dinero lo terminan utilizando para parchar otros gastos\u201d.<\/li>\n<li>\u201cEsta charla es necesaria porque el 20 de mayo pasado asistimos a una nueva medida de ajuste del gobierno provincial, que encabeza Juan Schiaretti, le llaman reforma pero es ajuste para los bolsillos de las y los trabajadores. A pesar de la pandemia, del aislamiento social preventivo y obligatorio el movimiento obrero en su conjunto sali\u00f3 a la calle para repudiar esta reforma\u201d.<\/li>\n<li>\u201cRevisando la historia podemos ver que desde 1999 nos gobierna el cordobesismo, el justicialismo versi\u00f3n C\u00f3rdoba, construcci\u00f3n que pierde su perfil hist\u00f3rico de justicia social y se transforma en una fuerza conservadora y antipopular. Primera reforma fue en 2008, con este mismo gobernador en el cargo, para cambiar el c\u00e1lculo del salario para pasar del promedio a los \u00faltimos 12 meses a los \u00faltimos 48. En agosto de 2012 se da la segunda reforma, bajo la ley 10078, desfasando las actualizaciones salariales a los jubilados por seis meses respecto a los activos. En 2015, vuelve este personaje Juan Schiaretti, para impulsar otra reforma, retocando la ley de 2012, con el condimento que cont\u00f3 con el apoyo del entonces presidente Macri. Ese caso fue un nuevo ajuste, feroz, modificando el c\u00e1lculo del haber, pasando al 73%\u00a0 del salario del activo\u201d.<\/li>\n<li>\u201cLa \u00faltima ley que impone el ajuste es del pasado 20 de mayo de este 2020, en medio de la pandemia, otra avanzada sobre el sistema previsional p\u00fablico cordob\u00e9s. Ahora se pospone nuevamente las actualizaciones, se rebajan las pensiones por invalidez y se modifica definitivamente el c\u00e1lculo del haber para establecerlo seg\u00fan el promedio de los \u00faltimos 10 a\u00f1os, eliminando la bonificaci\u00f3n por exceso de servicios, entre otros puntos\u201d.<\/li>\n<li>\u201cAnte esta pelea desigual con el Estado empleador, que tiene la connivencia de sectores gremiales de la burocracia sindical, funcionales a estas reformas, desde ATE decidimos dar la pelea judicial, definimos ir por una demanda de inconstitucionalidad con nuestro equipo de letrados y el asesoramiento del previsionalista An\u00edbal Paz. El TSJ admiti\u00f3 nuestro planteo y es un avance atento a que 7 de cada 10 se rechaza. Ahora la Provincia tiene la pelota para responder a la demanda\u201d.<\/li>\n<li>\u201cDenunciamos all\u00ed la violaci\u00f3n de pactos internacionales a los que Argentina est\u00e1 suscripta, como el Pacto de los Derechos Sociales y Civiles de 1968 \u2013que establece que los estados deben mantener el piso y elevar el techo de derechos en funci\u00f3n del principio de progresividad\u2013. Adem\u00e1s nuestros abogados detectaron que esta reforma tiene un sesgo patriarcal porque afecta mucho m\u00e1s a mujeres que a hombres. Nuestro sindicato decidi\u00f3 por eso acudir tambi\u00e9n a organismos internacionales para presentarnos ante la Corte Interamericana de DDHH y ante la OIT\u201d.<\/li>\n<li>\u201cMientras, seguimos luchando por un estado m\u00e1s presente, con una mirada social, atentos a defender los intereses de las mayor\u00edas. Ese sue\u00f1o por una patria grande por tener un proyecto emancipatorio, de liberaci\u00f3n del imperialismo, soberano de justicia social e igualdad para todas y todos, a\u00fan est\u00e1 inconcluso y depende de nosotros que se termine de concretar\u201d.<\/li>\n<\/ul>\n<p><strong>La CLATE el Foro Internacional Previsional<\/strong><\/p>\n<p>Acto seguido, Julio Fuentes destac\u00f3 el lanzamiento, hace un a\u00f1o, del Foro Internacional de Defensa de los Sistemas Previsionales. El dirigente desatac\u00f3 que la iniciativa \u201cnace a partir de una convocatoria de la Confederaci\u00f3n de Servidores P\u00fablicos de Brasil (CSPB) a organizaciones sindicales y sociales para tener una reuni\u00f3n en Porto Alegre, donde participamos fundamentalmente compa\u00f1eros de Brasil, Chile y Argentina, sumando compa\u00f1eros que integran la CLATE, para buscar la constituci\u00f3n de un espacio donde podamos coordinar acciones, transmitir experiencias e informaci\u00f3n\u201d.<\/p>\n<p><img loading=\"lazy\" decoding=\"async\" class=\" wp-image-20673 aligncenter\" src=\"http:\/\/atecordoba.org\/wp-content\/uploads\/2020\/07\/julio-fuentes-300x170.png\" alt=\"\" width=\"603\" height=\"342\" srcset=\"https:\/\/atecordoba.org\/wp-content\/uploads\/2020\/07\/julio-fuentes-300x170.png 300w, https:\/\/atecordoba.org\/wp-content\/uploads\/2020\/07\/julio-fuentes-768x436.png 768w, https:\/\/atecordoba.org\/wp-content\/uploads\/2020\/07\/julio-fuentes-750x426.png 750w, https:\/\/atecordoba.org\/wp-content\/uploads\/2020\/07\/julio-fuentes.png 877w\" sizes=\"auto, (max-width: 603px) 100vw, 603px\" \/><\/p>\n<p>Otros puntos de su exposici\u00f3n.<\/p>\n<ul>\n<li>\u201cEsta es una lucha que no alcanza con llevarla a cabo solo desde los trabajadores y los sindicatos, tiene que ser una pelea que integre plenamente a todo el pueblo. Esta perfectamente demostrado que los sistemas previsionales solo pueden existir si son estatales, universales, solidarios y de reparto. Por el contrario, los sistemas privados son un excelente negocio para los bancos que lo administran pero ineficientes e inoperantes para dar una respuesta previsional. Ese camino debemos abandonarlo (en la regi\u00f3n) porque el Banco Mundial y el FMI est\u00e1n promoviendo nuevamente la privatizaci\u00f3n como respuesta al d\u00e9ficit del Estado\u201d.<\/li>\n<li>\u201cLa situaci\u00f3n hoy es delicada. Latinoam\u00e9rica y el caribe tienen una poblaci\u00f3n de 630 millones de habitantes, de los cuales 70 millones tienen m\u00e1s de 60 a\u00f1os de edad. De esa cantidad s\u00f3lo la mitad tiene un sistema de previsi\u00f3n, solo uno de cada dos. \u00bfC\u00f3mo se ve para adelante? La poblaci\u00f3n va envejecimiento paulatinamente, a pesar de ser un continente joven. Para 2030 ser\u00e1n 107 millones de adultos mayores, para 2050 ser\u00e1 uno de cada cuatro latinoamericanos\u201d.<\/li>\n<li>\u201cEl problema los sistemas previsionales est\u00e1n desfinanciados. En muchos casos los administradores malversaron fondos p\u00fablicos, con tolerancia de los gobiernos y mucha dirigencia sindical, pero tambi\u00e9n porque el 60% de los trabajadores de la regi\u00f3n son informales.\u00a0 No porque se dediquen a actividades marginales sino porque existe una gran cantidad de trabajadores en empresas formales que no aportan por sufrir la informalidad. Por eso la complacencia de gobiernos y sindicatos afines. Con un sistema previsional desfinanciado y el aumento progresivo de la poblaci\u00f3n adulto mayor de 60, la perspectiva es de hambre y postergaci\u00f3n\u201d.<\/li>\n<li>\u201cSi le sumamos la crisis econ\u00f3mica producida por la pandemia, la baja de los aportes previsionales torna la situaci\u00f3n muy grave. Por eso el Foro debe revitalizarse, es necesarios constituir espacios de debate donde participen instituciones, legisladores, sindicalistas peque\u00f1os y medianos empresarios, universidades, para construir unidad que nos permita dar esta lucha por el sistema previsional. Esto es hoy porque para adelante la situaci\u00f3n tiene una gravedad tremenda. Debemos ser conscientes del trabajo que tenemos para adelante\u201d.<\/li>\n<\/ul>\n<p><strong>La experiencia chilena<\/strong><\/p>\n<p>Posteriormente\u00a0 el compa\u00f1ero Recadero G\u00e1lvez relat\u00f3 c\u00f3mo atraviesa Chile la crisis con un sistema previsional completamente privado.<\/p>\n<p>En un p\u00e1rrafo de su introducci\u00f3n, sostuvo que en el pa\u00eds trasandino \u201cexiste un sistema de capitalizaci\u00f3n individual que se basa en aportes individuales, administrado por empresas con fines de lucro, seg\u00fan lo estableci\u00f3 el decreto que les dio vida durante la dictadura de Pinochet, en 1981. Este ahorro de millones de trabajadores comenz\u00f3 a utilizarse como fuente de financiaci\u00f3n de empresas privadas e instituciones como la banca o empresas estatales, siempre mediado por los privados. El sistema de AFP (administradores de fondos de pensi\u00f3n) solo tiene el aporte del trabajador porque los patrones no cotizan\u201d.<\/p>\n<p><img loading=\"lazy\" decoding=\"async\" class=\"wp-image-20674 aligncenter\" src=\"http:\/\/atecordoba.org\/wp-content\/uploads\/2020\/07\/recaredo-300x163.png\" alt=\"\" width=\"600\" height=\"326\" srcset=\"https:\/\/atecordoba.org\/wp-content\/uploads\/2020\/07\/recaredo-300x163.png 300w, https:\/\/atecordoba.org\/wp-content\/uploads\/2020\/07\/recaredo-768x417.png 768w, https:\/\/atecordoba.org\/wp-content\/uploads\/2020\/07\/recaredo-750x407.png 750w, https:\/\/atecordoba.org\/wp-content\/uploads\/2020\/07\/recaredo.png 930w\" sizes=\"auto, (max-width: 600px) 100vw, 600px\" \/><\/p>\n<p>Adem\u00e1s dijo, entre otras consideraciones:<\/p>\n<ul>\n<li>\u201cAh\u00ed aparece el Estado como una especie de respirador artificial que subsidia el sistema privado bonificando al 60% m\u00e1s pobre de la poblaci\u00f3n, siempre que el beneficiario compruebe que es pobre, entre otros requisitos. Por este sistema, las pensiones que se pagan no alcanzan para vivir, son de hambre. Con 30 o 35 a\u00f1os de aportes el 50% de las personas no alcanzan a cobrar el monto de un salario m\u00ednimo, que ya de por s\u00ed no alcanza tampoco para vivir.\u201d<\/li>\n<li>\u201cEs un sistema obligatorio y sin hay alternativa solidaria que ya lleva 40 a\u00f1os de existencia que utilizan los grandes grupos econ\u00f3micos de la oligarqu\u00eda y la elite chilena para financiarse. Seg\u00fan nuestros estudios los 30 principales grupos empresarios chilenos ya recibieron inversiones de 40 mil millones de d\u00f3lares\u201d.<\/li>\n<li>\u201cEn definitiva en Chile est\u00e1 vulnerado el derecho a la seguridad social establecido en los pactos internacionales y en las normas de la OIT. En gran medida, el debate sobre la eficiencia del sistema privado, y llama la atenci\u00f3n que con estos cuestionamientos en otros lugares se horade a los sistemas p\u00fablicos\u201d.<\/li>\n<\/ul>\n<p><strong>El caso de El Salvador<\/strong><\/p>\n<p>Seguidamente, el compa\u00f1ero salvadore\u00f1o Mario Montes brind\u00f3 un resumen de la situaci\u00f3n que vive la naci\u00f3n centroamericana.<\/p>\n<p><img loading=\"lazy\" decoding=\"async\" class=\"wp-image-20675 aligncenter\" src=\"http:\/\/atecordoba.org\/wp-content\/uploads\/2020\/07\/mario-montes-salvador-300x165.png\" alt=\"\" width=\"602\" height=\"331\" srcset=\"https:\/\/atecordoba.org\/wp-content\/uploads\/2020\/07\/mario-montes-salvador-300x165.png 300w, https:\/\/atecordoba.org\/wp-content\/uploads\/2020\/07\/mario-montes-salvador-768x422.png 768w, https:\/\/atecordoba.org\/wp-content\/uploads\/2020\/07\/mario-montes-salvador-750x412.png 750w, https:\/\/atecordoba.org\/wp-content\/uploads\/2020\/07\/mario-montes-salvador.png 952w\" sizes=\"auto, (max-width: 602px) 100vw, 602px\" \/><\/p>\n<ul>\n<li>\u201cAc\u00e1 Salvador es una econom\u00eda dolarizada, y tenemos las AFP copiando el modelo chileno. Hasta 1975 no exist\u00eda sistema previsional, no hab\u00eda cotizaci\u00f3n. En esa \u00e9poca naci\u00f3 el Instituto Nacional de Pensiones, solo para los estatales. Los privados cotizaban solo para el sistema de salud, hasta el 2006 cuando nace el sistema de AFP. El control pol\u00edtico total del mismo partido en el ejecutivo, el legislativo y el judicial impidi\u00f3 intervenir ante la inconstitucionalidad del sistema, que cont\u00f3 para su implementaci\u00f3n con asesores chilenos. Hay que tener en cuenta que, a su vez, estaba prohibida la sindicalizaci\u00f3n en el \u00e1mbito estatal seg\u00fan la Constituci\u00f3n que debi\u00f3 ser modificada para poder suscribir los tratados internacionales de las OIT.<\/li>\n<li>La propaganda que promovi\u00f3 las AFP, cuando se implement\u00f3 en 1998, convenci\u00f3 a los trabajadores que \u00edbamos a vivir en el para\u00edso. Sin embargo, desde el 2000 ya comenzaron a recortar derechos establecidos en el propio sistema. Hoy los estatales nos estamos pensionando con un salario normalizado del 30% del activo. Como existe una pensi\u00f3n m\u00ednima de 207 d\u00f3lares la gran mayor\u00eda se jubila con ese monto, porque por sus aportes al sistema privado no alzan a cobrar ese salario m\u00ednimo.<\/li>\n<li>Desde el 2017 a la fecha estamos en esa pelea para revertir esa situaci\u00f3n y modificar el c\u00e1lculo de las pensiones. La lucha judicial no tuvo eco en tribunales y ahora estamos en una pelea para que se modifique en el congreso en base al principio de igualdad. El problema, adem\u00e1s, es que los compa\u00f1eros no se quieren pensionar por ser tan bajo el ingreso y eso est\u00e1 extendiendo el periodo de trabajo activo.<\/li>\n<li>Sin embargo no perdemos la fe en que nuestra pelea, con una lucha en las calles y en el parlamento, modificaremos este panorama. Propusimos la creaci\u00f3n del instituto p\u00fablico de la previsi\u00f3n social que unifique la situaci\u00f3n de estatales y privados, dando un ingreso digno a los trabajadores.<\/li>\n<\/ul>\n<p><strong>Uruguay: un nuevo gobierno conservador pone el debate las jubilaciones<\/strong><\/p>\n<p>A su momento, la compa\u00f1era Lorena Luj\u00e1n, de la Cofe y la Central Sindical PIT-CTN asegur\u00f3 que \u201cen tiempos de la pandemia se ha visibilizado la importancia de la seguridad social. En Uruguay cuenta contamos con un sistema mixto: de aporte solidario por un lado y de aporte individual por el otro. Pero fue el sistema solidario que cobr\u00f3 importancia en esta \u00e9poca porque otorg\u00f3 los subsidios a los trabajadores durante la crisis sanitaria. \u00a0Pero al mismo tiempo mostr\u00f3 que no alcanza porque muchos trabajadores se quedaron afuera de las ayudas estatales, a pesar que tenemos una buena cobertura\u201d.<\/p>\n<p><img loading=\"lazy\" decoding=\"async\" class=\"wp-image-20676 aligncenter\" src=\"http:\/\/atecordoba.org\/wp-content\/uploads\/2020\/07\/lorena-lujan-300x169.png\" alt=\"\" width=\"602\" height=\"339\" srcset=\"https:\/\/atecordoba.org\/wp-content\/uploads\/2020\/07\/lorena-lujan-300x169.png 300w, https:\/\/atecordoba.org\/wp-content\/uploads\/2020\/07\/lorena-lujan-768x433.png 768w, https:\/\/atecordoba.org\/wp-content\/uploads\/2020\/07\/lorena-lujan-750x422.png 750w, https:\/\/atecordoba.org\/wp-content\/uploads\/2020\/07\/lorena-lujan.png 877w\" sizes=\"auto, (max-width: 602px) 100vw, 602px\" \/><\/p>\n<p>Otros puntos de su reflexi\u00f3n fueron:<\/p>\n<ul>\n<li>\u201cEn enero eran 50 mil trabajadores que cobraban subsidios por desempleo y hoy son 172 mil, lo que demuestra la importancia de la cobertura\u201d.<\/li>\n<li>\u201cEn los \u00faltimos a\u00f1os tuvimos avances a trav\u00e9s de las estrategias de formalizaci\u00f3n del trabajo\u201d.<\/li>\n<li>\u201cDesde este a\u00f1o Uruguay tiene un gobierno de derecha que promueve un paquete legislativo que atenta contra la libertad sindical, el derecho a huelga, donde est\u00e1 incluida la seguridad social\u201d.<\/li>\n<li>\u201cPor eso decimos que la pandemia no es solo el Covid sino algo mucho m\u00e1s grande y tenemos que estar unidos para enfrentar esta otra pandemia que son los gobiernos que recortan derechos previsionales\u201d.<\/li>\n<li>\u201cEn Uruguay, frente a una futura reforma, estos debates que involucran a la seguridad social son esencialmente pol\u00edticos y refieren a una concepci\u00f3n y normativa sobre justicia y \u00e9tica. Por eso decimos que deben contar con el conjunto de la poblaci\u00f3n, a trav\u00e9s del sistema pol\u00edtico y de las organizaciones sociales representativas\u201d.<\/li>\n<li>\u201cLa reforma debe ser a partir de un abordaje integral en dos sentidos. Con garant\u00edas de protecci\u00f3n social de forma amplia, que incluye lo previsional, discutida con los mecanismos de financiamiento pero teniendo en cuenta la sostenibilidad social. El otro tema son los subsistemas de jubilaciones, tenemos un sistema fragmentado. Si bien el sistema tiene un 90% entre el sistema solidario y el de aporte individual, tambi\u00e9n est\u00e1n las cajas bancaria, profesional y notarial, as\u00ed como los sistemas especiales de la polic\u00eda y las fuerzas armadas. Estos diferentes subsistemas presentan diferentes beneficios y tipos de aportes, que en algunos casos se justifica pero otros no\u201d.<\/li>\n<li>\u201cLos desaf\u00edos que enfrenta la seguridad social, como aumentos de la longevidad, cambios en el mundo del trabajo y las tensiones sobre la sostenibilidad financiera a mediano y largo plazo afectan a todos los reg\u00edmenes. Sobre el foro internacional, dec\u00edamos ya en el encuentro de Buenos Aires de la CLATE que apostamos a una seguridad social sin lucro, y vemos muy importante crear un frente regional en defensa de la seguridad social. Estamos en tiempos donde debemos juntarnos frente a los que ven la crisis como una oportunidad de ajustar a los trabajadores\u201d.<\/li>\n<\/ul>\n<p><strong>Experiencia y presente<\/strong><\/p>\n<p>Un p\u00e1rrafo aparte mereci\u00f3 la participaci\u00f3n de Marta Maffei. La dirigente docente arranc\u00f3 asegurando que \u201cvenimos a constatar que las denuncias que hac\u00edamos hace 20 a\u00f1os se ha confirmado. Hoy la situaci\u00f3n de los jubilados es peor, crecientemente peor\u201d.<\/p>\n<p>&nbsp;<\/p>\n<p><img loading=\"lazy\" decoding=\"async\" class=\"wp-image-20677 aligncenter\" src=\"http:\/\/atecordoba.org\/wp-content\/uploads\/2020\/07\/maffei-300x161.png\" alt=\"\" width=\"600\" height=\"322\" srcset=\"https:\/\/atecordoba.org\/wp-content\/uploads\/2020\/07\/maffei-300x161.png 300w, https:\/\/atecordoba.org\/wp-content\/uploads\/2020\/07\/maffei-768x413.png 768w, https:\/\/atecordoba.org\/wp-content\/uploads\/2020\/07\/maffei-750x404.png 750w, https:\/\/atecordoba.org\/wp-content\/uploads\/2020\/07\/maffei.png 918w\" sizes=\"auto, (max-width: 600px) 100vw, 600px\" \/><\/p>\n<p>Y destac\u00f3:<\/p>\n<ul>\n<li>\u201cHay una responsabilidad muy fuerte de las organizaciones sindicales. Nosotros estamos en CTA que peleo hist\u00f3ricamente por el salario y las jubilaciones pero no es as\u00ed con otras organizaciones sindicales. Hay una manifiesta complicidad de algunas organizaciones sindicales con los grupos econ\u00f3micos y que sostiene el Estado. En ese marco, hay una enorme evasi\u00f3n de aportes de los trabajadores\u201d.<\/li>\n<li>\u201cLe\u00eda la otra vez un art\u00edculo de Pip\u00f3n Giuliani detallando como se mueven los organismos estatales frente a la evasi\u00f3n, como sucede con la AFIP. Tambi\u00e9n sucede con organismos provinciales para los sistemas de esas jurisdicciones\u201d.<\/li>\n<li>\u201cLo que vemos es que se aplica el ajuste para los que est\u00e1n peor, para los m\u00e1s desprotegidos, los que tienen menos posibilidades de acceder a organizaciones que les d\u00e9 una alternativa. Para los sectores econ\u00f3micos y empresariales no hay ajuste. Ellos siguen liderando la acumulaci\u00f3n, como contaba el compa\u00f1ero de Chile con las AFP, financiando a p\u00e9rdida en algunos casos, pero la p\u00e9rdida es de los trabajadores, no de las administradoras\u201d.<\/li>\n<li>\u201c\u00bfCu\u00e1ndo es el momento de dar la pelea? Siempre. Y como dec\u00eda Mario Montes es el momento tambi\u00e9n de darnos una pol\u00edtica regional sobre la seguridad social, con una articulaci\u00f3n para volcar esta situaci\u00f3n\u201d.<\/li>\n<li>\u201cComo dec\u00eda Julio Fuentes, el aumento de la esperanza de vida y de la proporci\u00f3n de jubilados dentro de la poblaci\u00f3n en el futuro es un problema que tenemos que abordar, porque con estas jubilaciones que cobramos vamos a tener a todos los jubilados trabajando. Porque no hay alternativas de sobrevivencia\u201d.<\/li>\n<li>\u201cLos ajustes atacan sobre todo a los trabajadores m\u00e1s pobres. Creo que no es solo la pandemia sanitaria, tambi\u00e9n hay una pandemia pol\u00edtica que ha significado aun en los llamados gobiernos progresistas en Latinoam\u00e9rica, con un peramente ceder ante los grupos econ\u00f3micos. Las organizaciones sindicales tenemos que trabajar mucho para generar conciencia, tanto sobre las modificaciones que tiene que hacer el Estado para preservar y aumentar derechos como en la clase trabajadora para convencer que es la lucha colectiva la que genera los resultados esperados\u201d.<\/li>\n<\/ul>\n<p>&nbsp;<\/p>\n","protected":false},"excerpt":{"rendered":"<p>La iniciativa cont\u00f3 con amplia de respuesta de las y los compa\u00f1eros, participaron a trav\u00e9s de la sala del zoom organizado para la oportunidad y de la p\u00e1gina de Facebook del Consejo Directivo Provincial (CDP). Coordinado por nuestra secretaria de Prensa, Julia Giuliani, la charla debate cont\u00f3 con la presencia los panelistas Federico Giuliani, secretario [&hellip;]<\/p>\n","protected":false},"author":3,"featured_media":20677,"comment_status":"open","ping_status":"open","sticky":true,"template":"","format":"standard","meta":{"_exactmetrics_skip_tracking":false,"_exactmetrics_sitenote_active":false,"_exactmetrics_sitenote_note":"","_exactmetrics_sitenote_category":0,"jnews-multi-image_gallery":[],"jnews_single_post":{"source_name":"","source_url":"","via_name":"","via_url":"","override_template":"0","override":[{"template":"1","single_blog_custom":"","parallax":"1","fullscreen":"0","layout":"right-sidebar","sidebar":"default-sidebar","second_sidebar":"default-sidebar","sticky_sidebar":"1","share_position":"top","share_float_style":"share-monocrhome","show_share_counter":"1","show_view_counter":"1","show_featured":"1","show_post_meta":"1","show_post_author":"1","show_post_author_image":"1","show_post_date":"1","post_date_format":"default","post_date_format_custom":"Y\/m\/d","show_post_category":"1","show_post_reading_time":"0","post_reading_time_wpm":"300","show_zoom_button":"0","zoom_button_out_step":"2","zoom_button_in_step":"3","show_post_tag":"1","show_prev_next_post":"1","show_popup_post":"1","number_popup_post":"1","show_author_box":"0","show_post_related":"0","show_inline_post_related":"0"}],"override_image_size":"0","image_override":[{"single_post_thumbnail_size":"crop-500","single_post_gallery_size":"crop-500"}],"trending_post":"0","trending_post_position":"meta","trending_post_label":"Trending","sponsored_post":"0","sponsored_post_label":"Sponsored by","sponsored_post_name":"","sponsored_post_url":"","sponsored_post_logo_enable":"0","sponsored_post_logo":"","sponsored_post_desc":""},"jnews_primary_category":{"id":""},"jnews_social_meta":{"fb_title":"","fb_description":"","fb_image":"","twitter_title":"","twitter_description":"","twitter_image":""},"jnews_review":[],"enable_review":"0","type":"percentage","name":"","summary":"","brand":"","sku":"","good":[{"good_text":""}],"bad":[{"bad_text":""}],"score_override":"","override_value":"","rating":[{"rating_text":"","rating_number":"10"}],"price":[{"shop":"","price":"","link":"","icon":""}],"jnews_override_counter":{"override_view_counter":"0","view_counter_number":"0","override_share_counter":"0","share_counter_number":"0","override_like_counter":"0","like_counter_number":"0","override_dislike_counter":"0","dislike_counter_number":"0"},"jnews_post_split":{"enable_post_split":"0","post_split":[{"template":"1","tag":"h2","numbering":"asc","mode":"normal"}]},"footnotes":""},"categories":[10,22],"tags":[422,423,23,424,421],"class_list":["post-20670","post","type-post","status-publish","format-standard","has-post-thumbnail","hentry","category-accion-politica","category-jubilados","tag-ajuste-schiaretti","tag-clate","tag-jubilados-2","tag-latinoamerica","tag-sistema-previsional"],"jetpack_featured_media_url":"https:\/\/atecordoba.org\/wp-content\/uploads\/2020\/07\/maffei.png","_links":{"self":[{"href":"https:\/\/atecordoba.org\/index.php?rest_route=\/wp\/v2\/posts\/20670","targetHints":{"allow":["GET"]}}],"collection":[{"href":"https:\/\/atecordoba.org\/index.php?rest_route=\/wp\/v2\/posts"}],"about":[{"href":"https:\/\/atecordoba.org\/index.php?rest_route=\/wp\/v2\/types\/post"}],"author":[{"embeddable":true,"href":"https:\/\/atecordoba.org\/index.php?rest_route=\/wp\/v2\/users\/3"}],"replies":[{"embeddable":true,"href":"https:\/\/atecordoba.org\/index.php?rest_route=%2Fwp%2Fv2%2Fcomments&post=20670"}],"version-history":[{"count":2,"href":"https:\/\/atecordoba.org\/index.php?rest_route=\/wp\/v2\/posts\/20670\/revisions"}],"predecessor-version":[{"id":20679,"href":"https:\/\/atecordoba.org\/index.php?rest_route=\/wp\/v2\/posts\/20670\/revisions\/20679"}],"wp:featuredmedia":[{"embeddable":true,"href":"https:\/\/atecordoba.org\/index.php?rest_route=\/wp\/v2\/media\/20677"}],"wp:attachment":[{"href":"https:\/\/atecordoba.org\/index.php?rest_route=%2Fwp%2Fv2%2Fmedia&parent=20670"}],"wp:term":[{"taxonomy":"category","embeddable":true,"href":"https:\/\/atecordoba.org\/index.php?rest_route=%2Fwp%2Fv2%2Fcategories&post=20670"},{"taxonomy":"post_tag","embeddable":true,"href":"https:\/\/atecordoba.org\/index.php?rest_route=%2Fwp%2Fv2%2Ftags&post=20670"}],"curies":[{"name":"wp","href":"https:\/\/api.w.org\/{rel}","templated":true}]}}