{"id":20663,"date":"2020-07-13T20:05:41","date_gmt":"2020-07-13T23:05:41","guid":{"rendered":"http:\/\/atecordoba.org\/?p=20663"},"modified":"2020-07-13T20:08:41","modified_gmt":"2020-07-13T23:08:41","slug":"repudio-a-la-represion-a-los-companeros-del-transporte-urbano","status":"publish","type":"post","link":"https:\/\/atecordoba.org\/?p=20663","title":{"rendered":"Repudio a la represi\u00f3n a los compa\u00f1eros del transporte urbano"},"content":{"rendered":"<figure id=\"attachment_20664\" aria-describedby=\"caption-attachment-20664\" style=\"width: 607px\" class=\"wp-caption aligncenter\"><img loading=\"lazy\" decoding=\"async\" class=\"wp-image-20664\" src=\"http:\/\/atecordoba.org\/wp-content\/uploads\/2020\/07\/represion-UTA-300x165.jpg\" alt=\"\" width=\"607\" height=\"334\" srcset=\"https:\/\/atecordoba.org\/wp-content\/uploads\/2020\/07\/represion-UTA-300x165.jpg 300w, https:\/\/atecordoba.org\/wp-content\/uploads\/2020\/07\/represion-UTA-768x422.jpg 768w, https:\/\/atecordoba.org\/wp-content\/uploads\/2020\/07\/represion-UTA-750x412.jpg 750w, https:\/\/atecordoba.org\/wp-content\/uploads\/2020\/07\/represion-UTA.jpg 1020w\" sizes=\"auto, (max-width: 607px) 100vw, 607px\" \/><figcaption id=\"caption-attachment-20664\" class=\"wp-caption-text\">Un polic\u00eda maniata a un compa\u00f1ero detenido durante la marcha de hoy, apoyando su rodilla sobre la espalda.<\/figcaption><\/figure>\n<p>El Consejo Directivo Provincial de ATE C\u00f3rdoba hace p\u00fablica su solidaridad con los trabajadores del transporte nucleados en UTA, exige la inmediata liberaci\u00f3n de los ochos compa\u00f1eros detenidos y repudia la represi\u00f3n ordenada por el gobierno provincial, en el marco de un conflicto gremial donde la Municipalidad de C\u00f3rdoba no da respuesta a los reclamos por falta de pago de los salarios.<\/p>\n<p>Al igual que en el caso del conflicto con Suoem, el intendente Mart\u00edn Llaryora pretende que los trabajadores cobren el 88% del sueldo, extendiendo al transporte p\u00fablico el proceso de brutal ajuste que impone desde el Palacio 6 de julio a los trabajadores, \u00fanicos obligados a pagan la crisis de la pandemia para los neoliberales que comandan la comuna.<\/p>\n<p>Adem\u00e1s, llama poderosamente la atenci\u00f3n la ausencia -una vez m\u00e1s- del Ministerio de Trabajo de la provincia para un conflicto que se extendi\u00f3 ins\u00f3litamente, tal como <a href=\"http:\/\/www.agenciacta.org\/spip.php?article31508\">denuncia la CTA Aut\u00f3noma<\/a>, sobre todo atento a que se trata de un servicio esencial. Su silencio es funcional al espiral de ajuste y represi\u00f3n que promueve este &#8216;cordobesismo&#8217; antipopular, en su versi\u00f3n de cuarentena.<\/p>\n<p style=\"text-align: center;\">Federico Giuliani<\/p>\n<p style=\"text-align: center;\">Secretario General<\/p>\n<p style=\"text-align: center;\">ATE C\u00f3rdoba<\/p>\n<p style=\"text-align: center;\">\n<p style=\"text-align: center;\">Hugo Duran<\/p>\n<p style=\"text-align: center;\">Secretario Adjunto<\/p>\n","protected":false},"excerpt":{"rendered":"<p>El Consejo Directivo Provincial de ATE C\u00f3rdoba hace p\u00fablica su solidaridad con los trabajadores del transporte nucleados en UTA, exige la inmediata liberaci\u00f3n de los ochos compa\u00f1eros detenidos y repudia la represi\u00f3n ordenada por el gobierno provincial, en el marco de un conflicto gremial donde la Municipalidad de C\u00f3rdoba no da respuesta a los reclamos [&hellip;]<\/p>\n","protected":false},"author":3,"featured_media":20664,"comment_status":"open","ping_status":"open","sticky":true,"template":"","format":"standard","meta":{"_exactmetrics_skip_tracking":false,"_exactmetrics_sitenote_active":false,"_exactmetrics_sitenote_note":"","_exactmetrics_sitenote_category":0,"jnews-multi-image_gallery":[],"jnews_single_post":{"source_name":"","source_url":"","via_name":"","via_url":"","override_template":"0","override":[{"template":"1","single_blog_custom":"","parallax":"1","fullscreen":"0","layout":"right-sidebar","sidebar":"default-sidebar","second_sidebar":"default-sidebar","sticky_sidebar":"1","share_position":"top","share_float_style":"share-monocrhome","show_share_counter":"1","show_view_counter":"1","show_featured":"1","show_post_meta":"1","show_post_author":"1","show_post_author_image":"1","show_post_date":"1","post_date_format":"default","post_date_format_custom":"Y\/m\/d","show_post_category":"1","show_post_reading_time":"0","post_reading_time_wpm":"300","show_zoom_button":"0","zoom_button_out_step":"2","zoom_button_in_step":"3","show_post_tag":"1","show_prev_next_post":"1","show_popup_post":"1","number_popup_post":"1","show_author_box":"0","show_post_related":"0","show_inline_post_related":"0"}],"override_image_size":"0","image_override":[{"single_post_thumbnail_size":"crop-500","single_post_gallery_size":"crop-500"}],"trending_post":"0","trending_post_position":"meta","trending_post_label":"Trending","sponsored_post":"0","sponsored_post_label":"Sponsored by","sponsored_post_name":"","sponsored_post_url":"","sponsored_post_logo_enable":"0","sponsored_post_logo":"","sponsored_post_desc":""},"jnews_primary_category":{"id":""},"jnews_social_meta":{"fb_title":"","fb_description":"","fb_image":"","twitter_title":"","twitter_description":"","twitter_image":""},"jnews_review":[],"enable_review":"0","type":"percentage","name":"","summary":"","brand":"","sku":"","good":[{"good_text":""}],"bad":[{"bad_text":""}],"score_override":"","override_value":"","rating":[{"rating_text":"","rating_number":"10"}],"price":[{"shop":"","price":"","link":"","icon":""}],"jnews_override_counter":{"override_view_counter":"0","view_counter_number":"0","override_share_counter":"0","share_counter_number":"0","override_like_counter":"0","like_counter_number":"0","override_dislike_counter":"0","dislike_counter_number":"0"},"jnews_post_split":{"enable_post_split":"0","post_split":[{"template":"1","tag":"h2","numbering":"asc","mode":"normal"}]},"footnotes":""},"categories":[10],"tags":[417,420,419,378,418],"class_list":["post-20663","post","type-post","status-publish","format-standard","has-post-thumbnail","hentry","category-accion-politica","tag-ajuste","tag-gobierno-de-cordoba","tag-municipalidad-de-cordoba","tag-represion-policial","tag-uta"],"jetpack_featured_media_url":"https:\/\/atecordoba.org\/wp-content\/uploads\/2020\/07\/represion-UTA.jpg","_links":{"self":[{"href":"https:\/\/atecordoba.org\/index.php?rest_route=\/wp\/v2\/posts\/20663","targetHints":{"allow":["GET"]}}],"collection":[{"href":"https:\/\/atecordoba.org\/index.php?rest_route=\/wp\/v2\/posts"}],"about":[{"href":"https:\/\/atecordoba.org\/index.php?rest_route=\/wp\/v2\/types\/post"}],"author":[{"embeddable":true,"href":"https:\/\/atecordoba.org\/index.php?rest_route=\/wp\/v2\/users\/3"}],"replies":[{"embeddable":true,"href":"https:\/\/atecordoba.org\/index.php?rest_route=%2Fwp%2Fv2%2Fcomments&post=20663"}],"version-history":[{"count":3,"href":"https:\/\/atecordoba.org\/index.php?rest_route=\/wp\/v2\/posts\/20663\/revisions"}],"predecessor-version":[{"id":20667,"href":"https:\/\/atecordoba.org\/index.php?rest_route=\/wp\/v2\/posts\/20663\/revisions\/20667"}],"wp:featuredmedia":[{"embeddable":true,"href":"https:\/\/atecordoba.org\/index.php?rest_route=\/wp\/v2\/media\/20664"}],"wp:attachment":[{"href":"https:\/\/atecordoba.org\/index.php?rest_route=%2Fwp%2Fv2%2Fmedia&parent=20663"}],"wp:term":[{"taxonomy":"category","embeddable":true,"href":"https:\/\/atecordoba.org\/index.php?rest_route=%2Fwp%2Fv2%2Fcategories&post=20663"},{"taxonomy":"post_tag","embeddable":true,"href":"https:\/\/atecordoba.org\/index.php?rest_route=%2Fwp%2Fv2%2Ftags&post=20663"}],"curies":[{"name":"wp","href":"https:\/\/api.w.org\/{rel}","templated":true}]}}