{"id":20629,"date":"2020-07-08T16:23:47","date_gmt":"2020-07-08T19:23:47","guid":{"rendered":"http:\/\/atecordoba.org\/?p=20629"},"modified":"2020-07-08T17:23:37","modified_gmt":"2020-07-08T20:23:37","slug":"con-gran-acatamiento-ate-realizo-hoy-una-jornada-de-protesta-en-todo-el-territorio-provincial","status":"publish","type":"post","link":"https:\/\/atecordoba.org\/?p=20629","title":{"rendered":"Con gran acatamiento ATE realiz\u00f3 hoy una jornada de protesta en todo el territorio provincial"},"content":{"rendered":"<p><img loading=\"lazy\" decoding=\"async\" class=\" wp-image-20630 aligncenter\" src=\"http:\/\/atecordoba.org\/wp-content\/uploads\/2020\/07\/WhatsApp-Image-2020-07-08-at-14.23.21-300x139.jpeg\" alt=\"\" width=\"609\" height=\"282\" srcset=\"https:\/\/atecordoba.org\/wp-content\/uploads\/2020\/07\/WhatsApp-Image-2020-07-08-at-14.23.21-300x139.jpeg 300w, https:\/\/atecordoba.org\/wp-content\/uploads\/2020\/07\/WhatsApp-Image-2020-07-08-at-14.23.21-1024x473.jpeg 1024w, https:\/\/atecordoba.org\/wp-content\/uploads\/2020\/07\/WhatsApp-Image-2020-07-08-at-14.23.21-768x355.jpeg 768w, https:\/\/atecordoba.org\/wp-content\/uploads\/2020\/07\/WhatsApp-Image-2020-07-08-at-14.23.21-750x347.jpeg 750w, https:\/\/atecordoba.org\/wp-content\/uploads\/2020\/07\/WhatsApp-Image-2020-07-08-at-14.23.21.jpeg 1032w\" sizes=\"auto, (max-width: 609px) 100vw, 609px\" \/>Con una ruidosa caravana de autos que se extend\u00eda por varias cuadras, el Consejo Directivo Provincial de ATE C\u00f3rdoba concluy\u00f3 al mediod\u00eda de hoy los actos p\u00fablicos que se realizaron en el marco de la Jornada Provincial de Protesta que las y los trabajadores estatales realizamos a lo largo y ancho del territorio provincial, en reclamo de que el Estado nacional reabra las paritarias, reincorpore a los despedidos del macrismo, conforme lo prometido por el Presidente Alberto Fern\u00e1ndez durante la campa\u00f1a electoral del a\u00f1o pasado, y otorgue una recomposici\u00f3n salarial que recupere la capacidad adquisitiva de los haberes de las y los trabajadores, que hacen efectivos los derechos de la poblaci\u00f3n.<\/p>\n<p><img loading=\"lazy\" decoding=\"async\" class=\" wp-image-20631 aligncenter\" src=\"http:\/\/atecordoba.org\/wp-content\/uploads\/2020\/07\/WhatsApp-Image-2020-07-08-at-14.23.20-300x139.jpeg\" alt=\"\" width=\"604\" height=\"280\" srcset=\"https:\/\/atecordoba.org\/wp-content\/uploads\/2020\/07\/WhatsApp-Image-2020-07-08-at-14.23.20-300x139.jpeg 300w, https:\/\/atecordoba.org\/wp-content\/uploads\/2020\/07\/WhatsApp-Image-2020-07-08-at-14.23.20-1024x474.jpeg 1024w, https:\/\/atecordoba.org\/wp-content\/uploads\/2020\/07\/WhatsApp-Image-2020-07-08-at-14.23.20-768x355.jpeg 768w, https:\/\/atecordoba.org\/wp-content\/uploads\/2020\/07\/WhatsApp-Image-2020-07-08-at-14.23.20-750x347.jpeg 750w, https:\/\/atecordoba.org\/wp-content\/uploads\/2020\/07\/WhatsApp-Image-2020-07-08-at-14.23.20-1140x527.jpeg 1140w, https:\/\/atecordoba.org\/wp-content\/uploads\/2020\/07\/WhatsApp-Image-2020-07-08-at-14.23.20.jpeg 1280w\" sizes=\"auto, (max-width: 604px) 100vw, 604px\" \/><\/p>\n<p>La medida de protesta fue la culminaci\u00f3n de una <a href=\"https:\/\/atecordoba.org\/?p=20498\">serie de acciones pol\u00edticas y gremiales<\/a> donde los representantes de distintos sectores del Estado manifestaron la necesidad de expresar colectivamente el reclamo por la reapertura de paritarias 2019, para darle un cierre efectivo a ese tramo que la cuarentena viene posponiendo, y abrir a su vez la paritaria 2020, cuyos plazos de inicio ya est\u00e1n cumplidos.<\/p>\n<p><img loading=\"lazy\" decoding=\"async\" class=\" wp-image-20632 aligncenter\" src=\"http:\/\/atecordoba.org\/wp-content\/uploads\/2020\/07\/WhatsApp-Image-2020-07-08-at-12.02.47-300x139.jpeg\" alt=\"\" width=\"600\" height=\"278\" srcset=\"https:\/\/atecordoba.org\/wp-content\/uploads\/2020\/07\/WhatsApp-Image-2020-07-08-at-12.02.47-300x139.jpeg 300w, https:\/\/atecordoba.org\/wp-content\/uploads\/2020\/07\/WhatsApp-Image-2020-07-08-at-12.02.47-1024x473.jpeg 1024w, https:\/\/atecordoba.org\/wp-content\/uploads\/2020\/07\/WhatsApp-Image-2020-07-08-at-12.02.47-768x355.jpeg 768w, https:\/\/atecordoba.org\/wp-content\/uploads\/2020\/07\/WhatsApp-Image-2020-07-08-at-12.02.47-750x347.jpeg 750w, https:\/\/atecordoba.org\/wp-content\/uploads\/2020\/07\/WhatsApp-Image-2020-07-08-at-12.02.47.jpeg 1032w\" sizes=\"auto, (max-width: 600px) 100vw, 600px\" \/><\/p>\n<p>\u201cEstamos prendiendo la mecha, estamos alimentando desde abajo el fuego de la rebeld\u00eda de los estatales para construir la relaci\u00f3n de fuerzas que nos permita dar vuelta la tortilla. Tambi\u00e9n estamos recuperando la m\u00edstica y la alegr\u00eda de la lucha de ATE. Nuestro gremio no es la suma de las partes de distintos sectores del Estado sino la unidad de los trabajadores estatales, un solo instrumento para representar a activos y jubilados, nacionales, provinciales \u00a0y municipales\u201d, lanz\u00f3 el secretario General del CDP, Federico \u00a0Giuliani, desde la tribuna que ATE arm\u00f3 bajo el arco de Fadea, donde concluy\u00f3 la caravana.<\/p>\n<p><img loading=\"lazy\" decoding=\"async\" class=\" wp-image-20633 alignright\" src=\"http:\/\/atecordoba.org\/wp-content\/uploads\/2020\/07\/WhatsApp-Image-2020-07-08-at-12.02.45-139x300.jpeg\" alt=\"\" width=\"267\" height=\"576\" \/><\/p>\n<p>Junto a la conducci\u00f3n de ATE, compa\u00f1eras y compa\u00f1eros de diversos sectores del Estado se hicieron presentes en el lugar, acatando la medida de fuerza y cumpliendo con el apag\u00f3n virtual para el teletrabajo que la mayor\u00eda de las y los trabajadores se encuentran desarrollando en el marco de la cuarentena.<\/p>\n<p>Con la garant\u00eda del cumplimiento de guardias m\u00ednimas en los servicios esenciales la Administraci\u00f3n Nacional de Aviaci\u00f3n Civil (Anac), el Servicio Nacional de Sanidad y Calidad Agroalimentaria (Senasa), trabajadores civiles de las FFAA, Anses y Pami, entre sectores, hicieron efectiva la protesta.<\/p>\n<p>A su vez, la jornada de lucha se realiz\u00f3 en R\u00edo Cuarto, Villa Mar\u00eda, R\u00edo Tercero, Adelia Mar\u00eda, San Francisco y Cruz del Eje, con actos conferencias de prensa, asambleas y ollas populares.<\/p>\n<p>En C\u00f3rdoba Capital, la caravana tuvo un paso por la delegaci\u00f3n del Ministerio de Trabajo, donde ATE entreg\u00f3 un petitorio dirigido al ministro Claudio Moroni, en tanto medios de comunicaci\u00f3n de la provincia <a href=\"https:\/\/www.lavoz.com.ar\/politica\/ate-paro-provincial-caravana-y-pedido-al-gobierno-de-reapertura-de-paritarias\">registraron la movilizaci\u00f3n y dieron cuenta<\/a> de los reclamos de nuestro gremio.<\/p>\n<p>\u201cPedimos la reapertura paritaria porque quedamos en un cuarto intermedio con el Gobierno Nacional.y no se reabri\u00f3 m\u00e1s. Estamos planteando dentro de esa paritaria discutir recomposici\u00f3n salarial, a partir de todo lo que se perdi\u00f3 durante el macrismo y de lo que llevamos perdido durante la pandemia\u201d, detall\u00f3 Giuliani, que tambi\u00e9n expuso el rechazo de ATE al teletrabajo \u201cque es la puerta a la precarizaci\u00f3n laboral. No puede haber Estado presente con trabajadores ausentes\u201d.<\/p>\n<p><img loading=\"lazy\" decoding=\"async\" class=\" wp-image-20634 aligncenter\" src=\"http:\/\/atecordoba.org\/wp-content\/uploads\/2020\/07\/WhatsApp-Image-2020-07-08-at-12.02.48-1-300x139.jpeg\" alt=\"\" width=\"591\" height=\"274\" srcset=\"https:\/\/atecordoba.org\/wp-content\/uploads\/2020\/07\/WhatsApp-Image-2020-07-08-at-12.02.48-1-300x139.jpeg 300w, https:\/\/atecordoba.org\/wp-content\/uploads\/2020\/07\/WhatsApp-Image-2020-07-08-at-12.02.48-1-1024x473.jpeg 1024w, https:\/\/atecordoba.org\/wp-content\/uploads\/2020\/07\/WhatsApp-Image-2020-07-08-at-12.02.48-1-768x355.jpeg 768w, https:\/\/atecordoba.org\/wp-content\/uploads\/2020\/07\/WhatsApp-Image-2020-07-08-at-12.02.48-1-750x347.jpeg 750w, https:\/\/atecordoba.org\/wp-content\/uploads\/2020\/07\/WhatsApp-Image-2020-07-08-at-12.02.48-1.jpeg 1032w\" sizes=\"auto, (max-width: 591px) 100vw, 591px\" \/>El dirigente dijo que \u201csomos la primera provincia que plantea esta medida de fuerza y vamos a llevar nuestra propuesta a la conducci\u00f3n nacional para que se extienda a todo el pa\u00eds. Los trabajadores no vamos a pagar el ajuste. Seguimos impulsando el impuesto a la riqueza para que paguen los beneficiados de la gesti\u00f3n macrista, mientras los trabajadores perd\u00edamos poder adquisitivo. Decimos no al pago de la deuda externa\u201d.<\/p>\n<p><img loading=\"lazy\" decoding=\"async\" class=\"wp-image-20635 aligncenter\" src=\"http:\/\/atecordoba.org\/wp-content\/uploads\/2020\/07\/WhatsApp-Image-2020-07-08-at-12.02.48-139x300.jpeg\" alt=\"\" width=\"281\" height=\"607\" srcset=\"https:\/\/atecordoba.org\/wp-content\/uploads\/2020\/07\/WhatsApp-Image-2020-07-08-at-12.02.48-139x300.jpeg 139w, https:\/\/atecordoba.org\/wp-content\/uploads\/2020\/07\/WhatsApp-Image-2020-07-08-at-12.02.48-473x1024.jpeg 473w, https:\/\/atecordoba.org\/wp-content\/uploads\/2020\/07\/WhatsApp-Image-2020-07-08-at-12.02.48.jpeg 477w\" sizes=\"auto, (max-width: 281px) 100vw, 281px\" \/><\/p>\n<p>Un p\u00e1rrafo aparte fue la referencia al reclamo por los despedidos de Fadea durante el macrismo. La F\u00e1brica de Aviones fue el n\u00facleo fundacional de ATE en C\u00f3rdoba y hoy atraviesa una etapa donde sus autoridades se niegan a discutir las reincorporaciones, despu\u00e9s de un compromiso inicial en sentido positivo, a fines del a\u00f1o pasado. \u201cNecesitamos que vuelva a abrirse la mesa de di\u00e1logo que la presidenta de la empresa, Mirta Iriondo, cerr\u00f3 de manera intempestiva. Es necesario un gesto pol\u00edtico en medio de la pandemia, que genere las condiciones necesarias para que nuestras compa\u00f1eras y compa\u00f1eros tengan un trabajo digno en esta f\u00e1brica. Paulatinamente deben ir recuperando sus puestos de trabajo\u201d.<\/p>\n<p>Giuliani reclam\u00f3 terminar con la represi\u00f3n y la criminalizaci\u00f3n de la protesta e hizo referencia a lo sucedido el domingo pasado en Mendoza, donde alrededor de 40 compa\u00f1eras y compa\u00f1eros municipales resultaron detenidos en el marco del plan de lucha que la conducci\u00f3n de ATE de esa provincia viene desarrollando.<\/p>\n<p><img loading=\"lazy\" decoding=\"async\" class=\" wp-image-20650 aligncenter\" src=\"http:\/\/atecordoba.org\/wp-content\/uploads\/2020\/07\/WhatsApp-Image-2020-07-08-at-12.02.46-1-138x300.jpeg\" alt=\"\" width=\"284\" height=\"617\" srcset=\"https:\/\/atecordoba.org\/wp-content\/uploads\/2020\/07\/WhatsApp-Image-2020-07-08-at-12.02.46-1-138x300.jpeg 138w, https:\/\/atecordoba.org\/wp-content\/uploads\/2020\/07\/WhatsApp-Image-2020-07-08-at-12.02.46-1-472x1024.jpeg 472w, https:\/\/atecordoba.org\/wp-content\/uploads\/2020\/07\/WhatsApp-Image-2020-07-08-at-12.02.46-1.jpeg 590w\" sizes=\"auto, (max-width: 284px) 100vw, 284px\" \/><\/p>\n<p>Y concluy\u00f3 alentando a la construcci\u00f3n de unidad de las y los trabajadores para cambiar el Estado, para que deje de estar al servicio de las minor\u00edas y vuelta a estar al servicio de las grandes mayor\u00edas populares. \u201cComo dec\u00eda German Abdala: no nos subestimen, no estamos solo para discutir salario. Queremos discutir el Estado, vamos a dar la pelea porque es el camino para construir una patria justa, libre y soberana\u201d.<\/p>\n<p><strong>Interior provincial\u00a0<\/strong><\/p>\n<p>En R\u00edo Cuarto, la seccional realizo una conferencia de prensa con medios locales y llev\u00f3 un petitorio a la delegaci\u00f3n local del Ministerio del Trabajo.<\/p>\n<p><img loading=\"lazy\" decoding=\"async\" class=\" wp-image-20636 aligncenter\" src=\"http:\/\/atecordoba.org\/wp-content\/uploads\/2020\/07\/WhatsApp-Image-2020-07-08-at-12.02.41-300x224.jpeg\" alt=\"\" width=\"598\" height=\"446\" srcset=\"https:\/\/atecordoba.org\/wp-content\/uploads\/2020\/07\/WhatsApp-Image-2020-07-08-at-12.02.41-300x224.jpeg 300w, https:\/\/atecordoba.org\/wp-content\/uploads\/2020\/07\/WhatsApp-Image-2020-07-08-at-12.02.41.jpeg 720w\" sizes=\"auto, (max-width: 598px) 100vw, 598px\" \/><\/p>\n<p>La secretaria General, Rafaela Alcoba, dijo que &#8220;ante la falta del cierre de la paritaria 2019, cuando se ordena la cuarentena, fuimos coherentes como siempre: ante las situaciones cr\u00edticas somos las trabajadoras y los trabajadores los que tenemos que estar a la altura de las circunstancias. Pero estamos en julio y esta situaci\u00f3n no se revierte. Planteamos que la dignidad laboral de trabajadores no se sostiene ni con aplausos ni con reconocimientos medi\u00e1ticos, se sostiene dando discusiones serias y de fondo&#8221;.<\/p>\n<p><img loading=\"lazy\" decoding=\"async\" class=\" wp-image-20637 aligncenter\" src=\"http:\/\/atecordoba.org\/wp-content\/uploads\/2020\/07\/presentacion-en-mini-de-trabajo-3-300x225.jpg\" alt=\"\" width=\"606\" height=\"454\" srcset=\"https:\/\/atecordoba.org\/wp-content\/uploads\/2020\/07\/presentacion-en-mini-de-trabajo-3-300x225.jpg 300w, https:\/\/atecordoba.org\/wp-content\/uploads\/2020\/07\/presentacion-en-mini-de-trabajo-3-768x576.jpg 768w, https:\/\/atecordoba.org\/wp-content\/uploads\/2020\/07\/presentacion-en-mini-de-trabajo-3-750x563.jpg 750w, https:\/\/atecordoba.org\/wp-content\/uploads\/2020\/07\/presentacion-en-mini-de-trabajo-3.jpg 960w\" sizes=\"auto, (max-width: 606px) 100vw, 606px\" \/><\/p>\n<p>La dirigente inform\u00f3 que en el Ministerio de Trabajo mantuvo una reuni\u00f3n, junto a otros dirigentes, con el responsable de la delegaci\u00f3n, Daniel Moreno, &#8220;a quien elevamos el petitorio con los ejes nuestros reclamos. Que tambi\u00e9n tiene que ver con destrabar la discusi\u00f3n de las carreras administrativas de los sectores, con destrabar al Personal Civil con la situaci\u00f3n que atraviesan en la IOSFA. La agenda es grande pero necesitamos abrir una puerta para discutirlas&#8221;.<\/p>\n<p>Por su parte, la seccional R\u00edo Tercero comenz\u00f3 la jornada de lucha con desayuno con distanciamiento social, frente a las instalaciones del predio de F\u00e1brica Militar R\u00edo Tercero (FMRT) en el port\u00f3n 2\u00ba, y una asamblea en procura de mejoras salariales y por la reincorporaci\u00f3n de los despedidos en la gesti\u00f3n del Gobierno Nacional macrista. En el caso de la FMRT las cesant\u00edas superaron el centenar de compa\u00f1eros.<\/p>\n<p>Su secretario General, Dami\u00e1n Albornoz, cont\u00f3 que &#8220;discutimos con trabajadores sobre la necesidad de cerrar la paritaria 2019 y abrir a su vez la de este a\u00f1o, as\u00ed como el pase a planta permanente de todos los trabajadores precarizados y la necesidad de avanzar en la discusi\u00f3n del convenio colectivo sectorial para Fabricaciones Militares. Y obviamente la reincorporaci\u00f3n de los despedidos&#8221;.<\/p>\n<p><img loading=\"lazy\" decoding=\"async\" class=\" wp-image-20638 aligncenter\" src=\"http:\/\/atecordoba.org\/wp-content\/uploads\/2020\/07\/WhatsApp-Image-2020-07-08-at-12.02.43-300x171.jpeg\" alt=\"\" width=\"615\" height=\"351\" srcset=\"https:\/\/atecordoba.org\/wp-content\/uploads\/2020\/07\/WhatsApp-Image-2020-07-08-at-12.02.43-300x171.jpeg 300w, https:\/\/atecordoba.org\/wp-content\/uploads\/2020\/07\/WhatsApp-Image-2020-07-08-at-12.02.43-1024x585.jpeg 1024w, https:\/\/atecordoba.org\/wp-content\/uploads\/2020\/07\/WhatsApp-Image-2020-07-08-at-12.02.43-768x439.jpeg 768w, https:\/\/atecordoba.org\/wp-content\/uploads\/2020\/07\/WhatsApp-Image-2020-07-08-at-12.02.43-750x428.jpeg 750w, https:\/\/atecordoba.org\/wp-content\/uploads\/2020\/07\/WhatsApp-Image-2020-07-08-at-12.02.43-1140x651.jpeg 1140w, https:\/\/atecordoba.org\/wp-content\/uploads\/2020\/07\/WhatsApp-Image-2020-07-08-at-12.02.43.jpeg 1280w\" sizes=\"auto, (max-width: 615px) 100vw, 615px\" \/><\/p>\n<p>El dirigente rechaz\u00f3 el pago del aguinaldo en cuotas, repudiando la medida, e inst\u00f3 en linea a lo planteado en toda la provincia que se aplique el impuesto a las grandes fortunas &#8220;que son los que se beneficiaron estos \u00faltimos cuatro a\u00f1os con ganancias enormes&#8221;. &#8220;Alentamos a profundizar el plan de acci\u00f3n&#8221;, dijo el dirigente.<\/p>\n<p><img loading=\"lazy\" decoding=\"async\" class=\" wp-image-20639 aligncenter\" src=\"http:\/\/atecordoba.org\/wp-content\/uploads\/2020\/07\/WhatsApp-Image-2020-07-08-at-14.23.19-1-300x200.jpeg\" alt=\"\" width=\"605\" height=\"403\" srcset=\"https:\/\/atecordoba.org\/wp-content\/uploads\/2020\/07\/WhatsApp-Image-2020-07-08-at-14.23.19-1-300x200.jpeg 300w, https:\/\/atecordoba.org\/wp-content\/uploads\/2020\/07\/WhatsApp-Image-2020-07-08-at-14.23.19-1.jpeg 720w\" sizes=\"auto, (max-width: 605px) 100vw, 605px\" \/><\/p>\n<p>A su vez, la seccional Cruz del Eje llev\u00f3 a cabo una concentraci\u00f3n en la ciudad de Capilla del Monte, donde los municipales se encuentran realizando un plan de lucha desde el lunes pasado, ante la falta de pago de salarios y aguinaldo. Frente a la sede de la comuna, las y los trabajadores realizaron una choripaneada popular con gran cantidad de concurrencia de la comunidad, que se acerc\u00f3 a dar su apoyo a la lucha gremial.<\/p>\n<p>El secretario General de la seccional, Daniel Allende, relat\u00f3 que la jornada de lucha de hoy fue la tercera &#8220;ante la falta de pago del mes de mayo, junio, aguinaldo, la escolaridad y otros items que no cobran los trabajadores. Por eso los delegados Laura Gonz\u00e1lez y Horacio Ruiz, junto al resto de las y los compa\u00f1eros organizaron una choriopaneada popular. Desde el lunes venimos con retenci\u00f3n de servicios y guardias m\u00ednimas, lo que implica que se recolecta la basura del geri\u00e1trico, el hospital y otros servicios esenciales, pero el resto de las actividades de la Municipalidad est\u00e1n paralizadas&#8221;.<\/p>\n<p><img loading=\"lazy\" decoding=\"async\" class=\" wp-image-20642 aligncenter\" src=\"http:\/\/atecordoba.org\/wp-content\/uploads\/2020\/07\/WhatsApp-Image-2020-07-08-at-15.07.15-300x139.jpeg\" alt=\"\" width=\"608\" height=\"282\" srcset=\"https:\/\/atecordoba.org\/wp-content\/uploads\/2020\/07\/WhatsApp-Image-2020-07-08-at-15.07.15-300x139.jpeg 300w, https:\/\/atecordoba.org\/wp-content\/uploads\/2020\/07\/WhatsApp-Image-2020-07-08-at-15.07.15-1024x474.jpeg 1024w, https:\/\/atecordoba.org\/wp-content\/uploads\/2020\/07\/WhatsApp-Image-2020-07-08-at-15.07.15-768x355.jpeg 768w, https:\/\/atecordoba.org\/wp-content\/uploads\/2020\/07\/WhatsApp-Image-2020-07-08-at-15.07.15-750x347.jpeg 750w, https:\/\/atecordoba.org\/wp-content\/uploads\/2020\/07\/WhatsApp-Image-2020-07-08-at-15.07.15-1140x527.jpeg 1140w, https:\/\/atecordoba.org\/wp-content\/uploads\/2020\/07\/WhatsApp-Image-2020-07-08-at-15.07.15.jpeg 1280w\" sizes=\"auto, (max-width: 608px) 100vw, 608px\" \/><\/p>\n<p>El dirigente dijo que entre la crisis de la municipalidad y el parate de la actividad tur\u00edstica por la pandemia se hace evidente que el gobierno de la provincia debe intervenir en la situaci\u00f3n para aportar una soluci\u00f3n a los trabajadores. &#8220;Iremos hasta el gobierno nacional de ser necesario&#8221;, asegur\u00f3 el dirigente.<\/p>\n<div id='gallery_1' class='gallery galleryid-20629 gallery-columns-3 gallery-size-thumbnail'><figure class='gallery-item'>\n                <div class='gallery-icon landscape'>\n                    <a href='https:\/\/atecordoba.org\/wp-content\/uploads\/2020\/07\/WhatsApp-Image-2020-07-08-at-15.07.16.jpeg'><img loading=\"lazy\" decoding=\"async\" width=\"150\" height=\"150\" src=\"\" class=\"attachment-thumbnail size-thumbnail lazyload\" alt=\"\" data-src=\"https:\/\/atecordoba.org\/wp-content\/uploads\/2020\/07\/WhatsApp-Image-2020-07-08-at-15.07.16-150x150.jpeg\" data-sizes=\"auto\" data-srcset=\"https:\/\/atecordoba.org\/wp-content\/uploads\/2020\/07\/WhatsApp-Image-2020-07-08-at-15.07.16-150x150.jpeg 150w, https:\/\/atecordoba.org\/wp-content\/uploads\/2020\/07\/WhatsApp-Image-2020-07-08-at-15.07.16-75x75.jpeg 75w\" data-expand=\"700\" \/><\/a>\n                <\/div><\/figure><figure class='gallery-item'>\n                <div class='gallery-icon landscape'>\n                    <a href='https:\/\/atecordoba.org\/wp-content\/uploads\/2020\/07\/WhatsApp-Image-2020-07-08-at-14.23.19-2-1.jpeg'><img loading=\"lazy\" decoding=\"async\" width=\"150\" height=\"150\" src=\"\" class=\"attachment-thumbnail size-thumbnail lazyload\" alt=\"\" data-src=\"https:\/\/atecordoba.org\/wp-content\/uploads\/2020\/07\/WhatsApp-Image-2020-07-08-at-14.23.19-2-1-150x150.jpeg\" data-sizes=\"auto\" data-srcset=\"https:\/\/atecordoba.org\/wp-content\/uploads\/2020\/07\/WhatsApp-Image-2020-07-08-at-14.23.19-2-1-150x150.jpeg 150w, https:\/\/atecordoba.org\/wp-content\/uploads\/2020\/07\/WhatsApp-Image-2020-07-08-at-14.23.19-2-1-560x560.jpeg 560w, https:\/\/atecordoba.org\/wp-content\/uploads\/2020\/07\/WhatsApp-Image-2020-07-08-at-14.23.19-2-1-75x75.jpeg 75w\" data-expand=\"700\" \/><\/a>\n                <\/div><\/figure><figure class='gallery-item'>\n                <div class='gallery-icon landscape'>\n                    <a href='https:\/\/atecordoba.org\/wp-content\/uploads\/2020\/07\/WhatsApp-Image-2020-07-08-at-15.07.16-1.jpeg'><img loading=\"lazy\" decoding=\"async\" width=\"150\" height=\"150\" src=\"\" class=\"attachment-thumbnail size-thumbnail lazyload\" alt=\"\" data-src=\"https:\/\/atecordoba.org\/wp-content\/uploads\/2020\/07\/WhatsApp-Image-2020-07-08-at-15.07.16-1-150x150.jpeg\" data-sizes=\"auto\" data-srcset=\"https:\/\/atecordoba.org\/wp-content\/uploads\/2020\/07\/WhatsApp-Image-2020-07-08-at-15.07.16-1-150x150.jpeg 150w, https:\/\/atecordoba.org\/wp-content\/uploads\/2020\/07\/WhatsApp-Image-2020-07-08-at-15.07.16-1-560x560.jpeg 560w, https:\/\/atecordoba.org\/wp-content\/uploads\/2020\/07\/WhatsApp-Image-2020-07-08-at-15.07.16-1-75x75.jpeg 75w\" data-expand=\"700\" \/><\/a>\n                <\/div><\/figure><br style=\"clear: both\" \/><figure class='gallery-item'>\n                <div class='gallery-icon landscape'>\n                    <a href='https:\/\/atecordoba.org\/wp-content\/uploads\/2020\/07\/WhatsApp-Image-2020-07-08-at-12.02.43-1.jpeg'><img loading=\"lazy\" decoding=\"async\" width=\"150\" height=\"150\" src=\"\" class=\"attachment-thumbnail size-thumbnail lazyload\" alt=\"\" data-src=\"https:\/\/atecordoba.org\/wp-content\/uploads\/2020\/07\/WhatsApp-Image-2020-07-08-at-12.02.43-1-150x150.jpeg\" data-sizes=\"auto\" data-srcset=\"https:\/\/atecordoba.org\/wp-content\/uploads\/2020\/07\/WhatsApp-Image-2020-07-08-at-12.02.43-1-150x150.jpeg 150w, https:\/\/atecordoba.org\/wp-content\/uploads\/2020\/07\/WhatsApp-Image-2020-07-08-at-12.02.43-1-75x75.jpeg 75w\" data-expand=\"700\" \/><\/a>\n                <\/div><\/figure><figure class='gallery-item'>\n                <div class='gallery-icon landscape'>\n                    <a href='https:\/\/atecordoba.org\/wp-content\/uploads\/2020\/07\/WhatsApp-Image-2020-07-08-at-14.23.19-3.jpeg'><img loading=\"lazy\" decoding=\"async\" width=\"150\" height=\"150\" src=\"\" class=\"attachment-thumbnail size-thumbnail lazyload\" alt=\"\" data-src=\"https:\/\/atecordoba.org\/wp-content\/uploads\/2020\/07\/WhatsApp-Image-2020-07-08-at-14.23.19-3-150x150.jpeg\" data-sizes=\"auto\" data-srcset=\"https:\/\/atecordoba.org\/wp-content\/uploads\/2020\/07\/WhatsApp-Image-2020-07-08-at-14.23.19-3-150x150.jpeg 150w, https:\/\/atecordoba.org\/wp-content\/uploads\/2020\/07\/WhatsApp-Image-2020-07-08-at-14.23.19-3-560x560.jpeg 560w, https:\/\/atecordoba.org\/wp-content\/uploads\/2020\/07\/WhatsApp-Image-2020-07-08-at-14.23.19-3-75x75.jpeg 75w\" data-expand=\"700\" \/><\/a>\n                <\/div><\/figure><figure class='gallery-item'>\n                <div class='gallery-icon landscape'>\n                    <a href='https:\/\/atecordoba.org\/wp-content\/uploads\/2020\/07\/WhatsApp-Image-2020-07-08-at-14.23.20-1.jpeg'><img loading=\"lazy\" decoding=\"async\" width=\"150\" height=\"150\" src=\"\" class=\"attachment-thumbnail size-thumbnail lazyload\" alt=\"\" data-src=\"https:\/\/atecordoba.org\/wp-content\/uploads\/2020\/07\/WhatsApp-Image-2020-07-08-at-14.23.20-1-150x150.jpeg\" data-sizes=\"auto\" data-srcset=\"https:\/\/atecordoba.org\/wp-content\/uploads\/2020\/07\/WhatsApp-Image-2020-07-08-at-14.23.20-1-150x150.jpeg 150w, https:\/\/atecordoba.org\/wp-content\/uploads\/2020\/07\/WhatsApp-Image-2020-07-08-at-14.23.20-1-560x560.jpeg 560w, https:\/\/atecordoba.org\/wp-content\/uploads\/2020\/07\/WhatsApp-Image-2020-07-08-at-14.23.20-1-75x75.jpeg 75w\" data-expand=\"700\" \/><\/a>\n                <\/div><\/figure><br style=\"clear: both\" \/><figure class='gallery-item'>\n                <div class='gallery-icon landscape'>\n                    <a href='https:\/\/atecordoba.org\/wp-content\/uploads\/2020\/07\/WhatsApp-Image-2020-07-08-at-12.02.44.jpeg'><img loading=\"lazy\" decoding=\"async\" width=\"150\" height=\"150\" src=\"\" class=\"attachment-thumbnail size-thumbnail lazyload\" alt=\"\" data-src=\"https:\/\/atecordoba.org\/wp-content\/uploads\/2020\/07\/WhatsApp-Image-2020-07-08-at-12.02.44-150x150.jpeg\" data-sizes=\"auto\" data-srcset=\"https:\/\/atecordoba.org\/wp-content\/uploads\/2020\/07\/WhatsApp-Image-2020-07-08-at-12.02.44-150x150.jpeg 150w, https:\/\/atecordoba.org\/wp-content\/uploads\/2020\/07\/WhatsApp-Image-2020-07-08-at-12.02.44-75x75.jpeg 75w\" data-expand=\"700\" \/><\/a>\n                <\/div><\/figure><figure class='gallery-item'>\n                <div class='gallery-icon portrait'>\n                    <a href='https:\/\/atecordoba.org\/wp-content\/uploads\/2020\/07\/WhatsApp-Image-2020-07-08-at-12.02.46-1.jpeg'><img loading=\"lazy\" decoding=\"async\" width=\"150\" height=\"150\" src=\"\" class=\"attachment-thumbnail size-thumbnail lazyload\" alt=\"\" data-src=\"https:\/\/atecordoba.org\/wp-content\/uploads\/2020\/07\/WhatsApp-Image-2020-07-08-at-12.02.46-1-150x150.jpeg\" data-sizes=\"auto\" data-srcset=\"https:\/\/atecordoba.org\/wp-content\/uploads\/2020\/07\/WhatsApp-Image-2020-07-08-at-12.02.46-1-150x150.jpeg 150w, https:\/\/atecordoba.org\/wp-content\/uploads\/2020\/07\/WhatsApp-Image-2020-07-08-at-12.02.46-1-560x560.jpeg 560w, https:\/\/atecordoba.org\/wp-content\/uploads\/2020\/07\/WhatsApp-Image-2020-07-08-at-12.02.46-1-75x75.jpeg 75w\" data-expand=\"700\" \/><\/a>\n                <\/div><\/figure><figure class='gallery-item'>\n                <div class='gallery-icon portrait'>\n                    <a href='https:\/\/atecordoba.org\/wp-content\/uploads\/2020\/07\/WhatsApp-Image-2020-07-08-at-12.02.47-1.jpeg'><img loading=\"lazy\" decoding=\"async\" width=\"150\" height=\"150\" src=\"\" class=\"attachment-thumbnail size-thumbnail lazyload\" alt=\"\" data-src=\"https:\/\/atecordoba.org\/wp-content\/uploads\/2020\/07\/WhatsApp-Image-2020-07-08-at-12.02.47-1-150x150.jpeg\" data-sizes=\"auto\" data-srcset=\"https:\/\/atecordoba.org\/wp-content\/uploads\/2020\/07\/WhatsApp-Image-2020-07-08-at-12.02.47-1-150x150.jpeg 150w, https:\/\/atecordoba.org\/wp-content\/uploads\/2020\/07\/WhatsApp-Image-2020-07-08-at-12.02.47-1-560x560.jpeg 560w, https:\/\/atecordoba.org\/wp-content\/uploads\/2020\/07\/WhatsApp-Image-2020-07-08-at-12.02.47-1-75x75.jpeg 75w\" data-expand=\"700\" \/><\/a>\n                <\/div><\/figure><br style=\"clear: both\" \/><figure class='gallery-item'>\n                <div class='gallery-icon landscape'>\n                    <a href='https:\/\/atecordoba.org\/wp-content\/uploads\/2020\/07\/presentacion-en-mini-de-trabajo-2.jpg'><img loading=\"lazy\" decoding=\"async\" width=\"150\" height=\"150\" src=\"\" class=\"attachment-thumbnail size-thumbnail lazyload\" alt=\"\" data-src=\"https:\/\/atecordoba.org\/wp-content\/uploads\/2020\/07\/presentacion-en-mini-de-trabajo-2-150x150.jpg\" data-sizes=\"auto\" data-srcset=\"https:\/\/atecordoba.org\/wp-content\/uploads\/2020\/07\/presentacion-en-mini-de-trabajo-2-150x150.jpg 150w, https:\/\/atecordoba.org\/wp-content\/uploads\/2020\/07\/presentacion-en-mini-de-trabajo-2-560x560.jpg 560w, https:\/\/atecordoba.org\/wp-content\/uploads\/2020\/07\/presentacion-en-mini-de-trabajo-2-75x75.jpg 75w\" data-expand=\"700\" \/><\/a>\n                <\/div><\/figure><figure class='gallery-item'>\n                <div class='gallery-icon landscape'>\n                    <a href='https:\/\/atecordoba.org\/wp-content\/uploads\/2020\/07\/presentacion-en-mini-de-trabajo.jpg'><img loading=\"lazy\" decoding=\"async\" width=\"150\" height=\"150\" src=\"\" class=\"attachment-thumbnail size-thumbnail lazyload\" alt=\"\" data-src=\"https:\/\/atecordoba.org\/wp-content\/uploads\/2020\/07\/presentacion-en-mini-de-trabajo-150x150.jpg\" data-sizes=\"auto\" data-srcset=\"https:\/\/atecordoba.org\/wp-content\/uploads\/2020\/07\/presentacion-en-mini-de-trabajo-150x150.jpg 150w, https:\/\/atecordoba.org\/wp-content\/uploads\/2020\/07\/presentacion-en-mini-de-trabajo-560x560.jpg 560w, https:\/\/atecordoba.org\/wp-content\/uploads\/2020\/07\/presentacion-en-mini-de-trabajo-75x75.jpg 75w\" data-expand=\"700\" \/><\/a>\n                <\/div><\/figure><figure class='gallery-item'>\n                <div class='gallery-icon landscape'>\n                    <a href='https:\/\/atecordoba.org\/wp-content\/uploads\/2020\/07\/WhatsApp-Image-2020-07-08-at-15.03.58.jpeg'><img loading=\"lazy\" decoding=\"async\" width=\"150\" height=\"150\" src=\"\" class=\"attachment-thumbnail size-thumbnail lazyload\" alt=\"\" data-src=\"https:\/\/atecordoba.org\/wp-content\/uploads\/2020\/07\/WhatsApp-Image-2020-07-08-at-15.03.58-150x150.jpeg\" data-sizes=\"auto\" data-srcset=\"https:\/\/atecordoba.org\/wp-content\/uploads\/2020\/07\/WhatsApp-Image-2020-07-08-at-15.03.58-150x150.jpeg 150w, https:\/\/atecordoba.org\/wp-content\/uploads\/2020\/07\/WhatsApp-Image-2020-07-08-at-15.03.58-75x75.jpeg 75w\" data-expand=\"700\" \/><\/a>\n                <\/div><\/figure><br style=\"clear: both\" \/><figure class='gallery-item'>\n                <div class='gallery-icon portrait'>\n                    <a href='https:\/\/atecordoba.org\/wp-content\/uploads\/2020\/07\/WhatsApp-Image-2020-07-08-at-12.02.42.jpeg'><img loading=\"lazy\" decoding=\"async\" width=\"150\" height=\"150\" src=\"\" class=\"attachment-thumbnail size-thumbnail lazyload\" alt=\"\" data-src=\"https:\/\/atecordoba.org\/wp-content\/uploads\/2020\/07\/WhatsApp-Image-2020-07-08-at-12.02.42-150x150.jpeg\" data-sizes=\"auto\" data-srcset=\"https:\/\/atecordoba.org\/wp-content\/uploads\/2020\/07\/WhatsApp-Image-2020-07-08-at-12.02.42-150x150.jpeg 150w, https:\/\/atecordoba.org\/wp-content\/uploads\/2020\/07\/WhatsApp-Image-2020-07-08-at-12.02.42-560x560.jpeg 560w, https:\/\/atecordoba.org\/wp-content\/uploads\/2020\/07\/WhatsApp-Image-2020-07-08-at-12.02.42-75x75.jpeg 75w\" data-expand=\"700\" \/><\/a>\n                <\/div><\/figure><figure class='gallery-item'>\n                <div class='gallery-icon landscape'>\n                    <a href='https:\/\/atecordoba.org\/wp-content\/uploads\/2020\/07\/WhatsApp-Image-2020-07-08-at-15.03.53.jpeg'><img loading=\"lazy\" decoding=\"async\" width=\"150\" height=\"150\" src=\"\" class=\"attachment-thumbnail size-thumbnail lazyload\" alt=\"\" data-src=\"https:\/\/atecordoba.org\/wp-content\/uploads\/2020\/07\/WhatsApp-Image-2020-07-08-at-15.03.53-150x150.jpeg\" data-sizes=\"auto\" data-srcset=\"https:\/\/atecordoba.org\/wp-content\/uploads\/2020\/07\/WhatsApp-Image-2020-07-08-at-15.03.53-150x150.jpeg 150w, https:\/\/atecordoba.org\/wp-content\/uploads\/2020\/07\/WhatsApp-Image-2020-07-08-at-15.03.53-75x75.jpeg 75w\" data-expand=\"700\" \/><\/a>\n                <\/div><\/figure>\n                <br style='clear: both' \/>\n            <\/div>\n\n","protected":false},"excerpt":{"rendered":"<p>Con una ruidosa caravana de autos que se extend\u00eda por varias cuadras, el Consejo Directivo Provincial de ATE C\u00f3rdoba concluy\u00f3 al mediod\u00eda de hoy los actos p\u00fablicos que se realizaron en el marco de la Jornada Provincial de Protesta que las y los trabajadores estatales realizamos a lo largo y ancho del territorio provincial, en [&hellip;]<\/p>\n","protected":false},"author":3,"featured_media":20630,"comment_status":"open","ping_status":"open","sticky":true,"template":"","format":"standard","meta":{"_exactmetrics_skip_tracking":false,"_exactmetrics_sitenote_active":false,"_exactmetrics_sitenote_note":"","_exactmetrics_sitenote_category":0,"jnews-multi-image_gallery":[],"jnews_single_post":{"source_name":"","source_url":"","via_name":"","via_url":"","override_template":"0","override":[{"template":"1","single_blog_custom":"","parallax":"1","fullscreen":"0","layout":"right-sidebar","sidebar":"default-sidebar","second_sidebar":"default-sidebar","sticky_sidebar":"1","share_position":"top","share_float_style":"share-monocrhome","show_share_counter":"1","show_view_counter":"1","show_featured":"1","show_post_meta":"1","show_post_author":"1","show_post_author_image":"1","show_post_date":"1","post_date_format":"default","post_date_format_custom":"Y\/m\/d","show_post_category":"1","show_post_reading_time":"0","post_reading_time_wpm":"300","show_zoom_button":"0","zoom_button_out_step":"2","zoom_button_in_step":"3","show_post_tag":"1","show_prev_next_post":"1","show_popup_post":"1","number_popup_post":"1","show_author_box":"0","show_post_related":"0","show_inline_post_related":"0"}],"override_image_size":"0","image_override":[{"single_post_thumbnail_size":"crop-500","single_post_gallery_size":"crop-500"}],"trending_post":"0","trending_post_position":"meta","trending_post_label":"Trending","sponsored_post":"0","sponsored_post_label":"Sponsored by","sponsored_post_name":"","sponsored_post_url":"","sponsored_post_logo_enable":"0","sponsored_post_logo":"","sponsored_post_desc":""},"jnews_primary_category":{"id":""},"jnews_social_meta":{"fb_title":"","fb_description":"","fb_image":"","twitter_title":"","twitter_description":"","twitter_image":""},"jnews_review":[],"enable_review":"0","type":"percentage","name":"","summary":"","brand":"","sku":"","good":[{"good_text":""}],"bad":[{"bad_text":""}],"score_override":"","override_value":"","rating":[{"rating_text":"","rating_number":"10"}],"price":[{"shop":"","price":"","link":"","icon":""}],"jnews_override_counter":{"override_view_counter":"0","view_counter_number":"0","override_share_counter":"0","share_counter_number":"0","override_like_counter":"0","like_counter_number":"0","override_dislike_counter":"0","dislike_counter_number":"0"},"jnews_post_split":{"enable_post_split":"0","post_split":[{"template":"1","tag":"h2","numbering":"asc","mode":"normal"}]},"footnotes":""},"categories":[10,18,34],"tags":[385,167,383,415,409,416,414],"class_list":["post-20629","post","type-post","status-publish","format-standard","has-post-thumbnail","hentry","category-accion-politica","category-nacionales","category-seccionales","tag-aumento-salarial","tag-macrismo","tag-paritarias","tag-pase-aplanta-permanente","tag-recomposicion-salarial","tag-reincorporaciondespedidos","tag-salarios-dignos"],"jetpack_featured_media_url":"https:\/\/atecordoba.org\/wp-content\/uploads\/2020\/07\/WhatsApp-Image-2020-07-08-at-14.23.21.jpeg","_links":{"self":[{"href":"https:\/\/atecordoba.org\/index.php?rest_route=\/wp\/v2\/posts\/20629","targetHints":{"allow":["GET"]}}],"collection":[{"href":"https:\/\/atecordoba.org\/index.php?rest_route=\/wp\/v2\/posts"}],"about":[{"href":"https:\/\/atecordoba.org\/index.php?rest_route=\/wp\/v2\/types\/post"}],"author":[{"embeddable":true,"href":"https:\/\/atecordoba.org\/index.php?rest_route=\/wp\/v2\/users\/3"}],"replies":[{"embeddable":true,"href":"https:\/\/atecordoba.org\/index.php?rest_route=%2Fwp%2Fv2%2Fcomments&post=20629"}],"version-history":[{"count":4,"href":"https:\/\/atecordoba.org\/index.php?rest_route=\/wp\/v2\/posts\/20629\/revisions"}],"predecessor-version":[{"id":20660,"href":"https:\/\/atecordoba.org\/index.php?rest_route=\/wp\/v2\/posts\/20629\/revisions\/20660"}],"wp:featuredmedia":[{"embeddable":true,"href":"https:\/\/atecordoba.org\/index.php?rest_route=\/wp\/v2\/media\/20630"}],"wp:attachment":[{"href":"https:\/\/atecordoba.org\/index.php?rest_route=%2Fwp%2Fv2%2Fmedia&parent=20629"}],"wp:term":[{"taxonomy":"category","embeddable":true,"href":"https:\/\/atecordoba.org\/index.php?rest_route=%2Fwp%2Fv2%2Fcategories&post=20629"},{"taxonomy":"post_tag","embeddable":true,"href":"https:\/\/atecordoba.org\/index.php?rest_route=%2Fwp%2Fv2%2Ftags&post=20629"}],"curies":[{"name":"wp","href":"https:\/\/api.w.org\/{rel}","templated":true}]}}