{"id":20621,"date":"2020-07-07T16:18:16","date_gmt":"2020-07-07T19:18:16","guid":{"rendered":"http:\/\/atecordoba.org\/?p=20621"},"modified":"2020-07-07T17:35:45","modified_gmt":"2020-07-07T20:35:45","slug":"ate-saluda-a-los-abogados-laboralistas-en-su-dia","status":"publish","type":"post","link":"https:\/\/atecordoba.org\/?p=20621","title":{"rendered":"ATE saluda a las y los abogados laboralistas en su d\u00eda"},"content":{"rendered":"<p><img loading=\"lazy\" decoding=\"async\" class=\" wp-image-20624 aligncenter\" src=\"http:\/\/atecordoba.org\/wp-content\/uploads\/2020\/07\/abogado-cba-300x300.jpeg\" alt=\"\" width=\"625\" height=\"625\" srcset=\"https:\/\/atecordoba.org\/wp-content\/uploads\/2020\/07\/abogado-cba-300x300.jpeg 300w, https:\/\/atecordoba.org\/wp-content\/uploads\/2020\/07\/abogado-cba-1024x1024.jpeg 1024w, https:\/\/atecordoba.org\/wp-content\/uploads\/2020\/07\/abogado-cba-150x150.jpeg 150w, https:\/\/atecordoba.org\/wp-content\/uploads\/2020\/07\/abogado-cba-768x768.jpeg 768w, https:\/\/atecordoba.org\/wp-content\/uploads\/2020\/07\/abogado-cba-560x560.jpeg 560w, https:\/\/atecordoba.org\/wp-content\/uploads\/2020\/07\/abogado-cba-75x75.jpeg 75w, https:\/\/atecordoba.org\/wp-content\/uploads\/2020\/07\/abogado-cba-750x750.jpeg 750w, https:\/\/atecordoba.org\/wp-content\/uploads\/2020\/07\/abogado-cba.jpeg 1080w\" sizes=\"auto, (max-width: 625px) 100vw, 625px\" \/>El Consejo Directivo Provincial de ATE saluda a las y los abogados laboralistas y en especial a las y los letrados de ATE C\u00f3rdoba Eugenio Biafore, Mar\u00eda Terragno y Paloma Mu\u00f1oz Gamboa, al celebrarse hoy el D\u00eda del Abogado\/a Laboralista.<\/p>\n<p>El asesoramiento de las y los especialistas del derecho de trabajo es una pieza clave en la defensa de los derechos de las y los trabajadores, que es el fin \u00faltimo de la organizaci\u00f3n sindical.<\/p>\n<p>Por\u00a0 eso hoy 7 de julio hacemos un reconocimiento al trabajo cotidiano de las y los abogados que asesoran y litigan en representaci\u00f3n de las y los trabajadores.<\/p>\n<p>Vale recordar que la fecha conmemora lo sucedido entre el 6 y el 13 de julio de 1977, la dictadura secuestr\u00f3 para su posterior tortura y desaparici\u00f3n, como ya qued\u00f3 ampliamente demostrado en un juicio por delitos de lesa humanidad, a 11 personas entre abogados\/as y familiares por ejercer su trabajo.<\/p>\n<p>En la figura del abogado Norberto Centeno, uno de aquellos desaparecidos y autor de la Ley de Contrato de Trabajo, se resume el objetivo que buscaron los genocidas: destruir el andamiaje organizativo y legal de defensa de la clase trabajadora.<\/p>\n<p>La lista incluye, adem\u00e1s de Centeno, a los letrados Salvador Manuel Arest\u00edn, Ra\u00fal Hugo Alaiz, Camilo Ricci, Carlos A. Bozzi y Tom\u00e1s J. Fresneda, Jos\u00e9 Verde y su esposa, Mar\u00eda de las Mercedes Arga\u00f1araz de Fresneda (embarazada de 6 meses), Mar\u00eda Esther V\u00e1zquez de Garc\u00eda y N\u00e9stor Enrique Garc\u00eda Mantica.<\/p>\n<p>De todos ellos, solo Jos\u00e9 Verde junto a su esposa y los abogados Ricci y Bozzi sobrevivieron a aquellos tr\u00e1gicos d\u00edas.<\/p>\n<p>En tanto, la familia de Tom\u00e1s Fresneda y Mercedes Arga\u00f1araz continua buscando aquel hijo o hija que Mercedes pari\u00f3 en la clandestinidad para posteriormente ser arrojada al mar desde un avi\u00f3n, en l\u00ednea con el denezlable accionar que se implement\u00f3 en el pa\u00eds durante el periodo 1976-1983.<\/p>\n<p>&#8220;La Ley de Contrato de Trabajo, modificado en en su texto por la dictadura, expresa la potencia del movimiento obrero de entonces y plasma la ampliaci\u00f3n de derechos para las y los trabajadores, que fue un ejemplo para toda Latinoam\u00e9rica&#8221;, resumi\u00f3 Terragno.<\/p>\n<p>Y agreg\u00f3: &#8220;hoy es un d\u00eda muy importante para los que sin mezquindades defienden a los trabajadores y sus organizaciones sindicales. Podemos ver que cuando se meten con las y los abogados en realidad se meten con las y los trabajadores. Esto fue evidente durante el gobierno de Macri, cuando el fuero laboral sufri\u00f3 una fuerte ofensiva&#8221;.<\/p>\n<p>A su Paso Paloma Mu\u00f1oz Gamboa, colaboradora del espacio legal de ATE, destac\u00f3: &#8220;esta fecha es de reivindicaci\u00f3n de esas y esos compa\u00f1eros, y mencionar como una figura fundamental para quienes somos juristas laborales a Centeno quien fue el autor del ante proyecto de la ley del contrato del trabajo que reconoce grandes derechos para las y los trabajadores. Este d\u00eda para nosotras y nosotros, que acompa\u00f1amos la lucha de las y los trabajadores el derecho del trabajo tiene que ser una herramienta de inclusi\u00f3n y ATE hace que esto sea as\u00ed tiene una enorme historia de militancia y de compromiso&#8221;.<\/p>\n","protected":false},"excerpt":{"rendered":"<p>El Consejo Directivo Provincial de ATE saluda a las y los abogados laboralistas y en especial a las y los letrados de ATE C\u00f3rdoba Eugenio Biafore, Mar\u00eda Terragno y Paloma Mu\u00f1oz Gamboa, al celebrarse hoy el D\u00eda del Abogado\/a Laboralista. El asesoramiento de las y los especialistas del derecho de trabajo es una pieza clave [&hellip;]<\/p>\n","protected":false},"author":3,"featured_media":20624,"comment_status":"open","ping_status":"open","sticky":false,"template":"","format":"standard","meta":{"_exactmetrics_skip_tracking":false,"_exactmetrics_sitenote_active":false,"_exactmetrics_sitenote_note":"","_exactmetrics_sitenote_category":0,"jnews-multi-image_gallery":[],"jnews_single_post":{"source_name":"","source_url":"","via_name":"","via_url":"","override_template":"0","override":[{"template":"1","single_blog_custom":"","parallax":"1","fullscreen":"0","layout":"right-sidebar","sidebar":"default-sidebar","second_sidebar":"default-sidebar","sticky_sidebar":"1","share_position":"top","share_float_style":"share-monocrhome","show_share_counter":"1","show_view_counter":"1","show_featured":"1","show_post_meta":"1","show_post_author":"1","show_post_author_image":"1","show_post_date":"1","post_date_format":"default","post_date_format_custom":"Y\/m\/d","show_post_category":"1","show_post_reading_time":"0","post_reading_time_wpm":"300","show_zoom_button":"0","zoom_button_out_step":"2","zoom_button_in_step":"3","show_post_tag":"1","show_prev_next_post":"1","show_popup_post":"1","number_popup_post":"1","show_author_box":"0","show_post_related":"0","show_inline_post_related":"0"}],"override_image_size":"0","image_override":[{"single_post_thumbnail_size":"crop-500","single_post_gallery_size":"crop-500"}],"trending_post":"0","trending_post_position":"meta","trending_post_label":"Trending","sponsored_post":"0","sponsored_post_label":"Sponsored by","sponsored_post_name":"","sponsored_post_url":"","sponsored_post_logo_enable":"0","sponsored_post_logo":"","sponsored_post_desc":""},"jnews_primary_category":{"id":""},"jnews_social_meta":{"fb_title":"","fb_description":"","fb_image":"","twitter_title":"","twitter_description":"","twitter_image":""},"jnews_review":[],"enable_review":"0","type":"percentage","name":"","summary":"","brand":"","sku":"","good":[{"good_text":""}],"bad":[{"bad_text":""}],"score_override":"","override_value":"","rating":[{"rating_text":"","rating_number":"10"}],"price":[{"shop":"","price":"","link":"","icon":""}],"jnews_override_counter":{"override_view_counter":"0","view_counter_number":"0","override_share_counter":"0","share_counter_number":"0","override_like_counter":"0","like_counter_number":"0","override_dislike_counter":"0","dislike_counter_number":"0"},"jnews_post_split":{"enable_post_split":"0","post_split":[{"template":"1","tag":"h2","numbering":"asc","mode":"normal"}]},"footnotes":""},"categories":[10],"tags":[413],"class_list":["post-20621","post","type-post","status-publish","format-standard","has-post-thumbnail","hentry","category-accion-politica","tag-dia-del-abogado-laboralista"],"jetpack_featured_media_url":"https:\/\/atecordoba.org\/wp-content\/uploads\/2020\/07\/abogado-cba.jpeg","_links":{"self":[{"href":"https:\/\/atecordoba.org\/index.php?rest_route=\/wp\/v2\/posts\/20621","targetHints":{"allow":["GET"]}}],"collection":[{"href":"https:\/\/atecordoba.org\/index.php?rest_route=\/wp\/v2\/posts"}],"about":[{"href":"https:\/\/atecordoba.org\/index.php?rest_route=\/wp\/v2\/types\/post"}],"author":[{"embeddable":true,"href":"https:\/\/atecordoba.org\/index.php?rest_route=\/wp\/v2\/users\/3"}],"replies":[{"embeddable":true,"href":"https:\/\/atecordoba.org\/index.php?rest_route=%2Fwp%2Fv2%2Fcomments&post=20621"}],"version-history":[{"count":5,"href":"https:\/\/atecordoba.org\/index.php?rest_route=\/wp\/v2\/posts\/20621\/revisions"}],"predecessor-version":[{"id":20628,"href":"https:\/\/atecordoba.org\/index.php?rest_route=\/wp\/v2\/posts\/20621\/revisions\/20628"}],"wp:featuredmedia":[{"embeddable":true,"href":"https:\/\/atecordoba.org\/index.php?rest_route=\/wp\/v2\/media\/20624"}],"wp:attachment":[{"href":"https:\/\/atecordoba.org\/index.php?rest_route=%2Fwp%2Fv2%2Fmedia&parent=20621"}],"wp:term":[{"taxonomy":"category","embeddable":true,"href":"https:\/\/atecordoba.org\/index.php?rest_route=%2Fwp%2Fv2%2Fcategories&post=20621"},{"taxonomy":"post_tag","embeddable":true,"href":"https:\/\/atecordoba.org\/index.php?rest_route=%2Fwp%2Fv2%2Ftags&post=20621"}],"curies":[{"name":"wp","href":"https:\/\/api.w.org\/{rel}","templated":true}]}}