{"id":20613,"date":"2020-07-07T14:19:44","date_gmt":"2020-07-07T17:19:44","guid":{"rendered":"http:\/\/atecordoba.org\/?p=20613"},"modified":"2020-07-07T14:48:23","modified_gmt":"2020-07-07T17:48:23","slug":"ate-manana-una-realizara-una-jornada-provincial-de-lucha","status":"publish","type":"post","link":"https:\/\/atecordoba.org\/?p=20613","title":{"rendered":"ATE ma\u00f1ana una realizar\u00e1 una Jornada Provincial de Lucha"},"content":{"rendered":"<p><img loading=\"lazy\" decoding=\"async\" class=\" wp-image-20609 aligncenter\" src=\"http:\/\/atecordoba.org\/wp-content\/uploads\/2020\/07\/WhatsApp-Image-2020-07-07-at-13.15.02-300x300.jpeg\" alt=\"\" width=\"617\" height=\"617\" srcset=\"https:\/\/atecordoba.org\/wp-content\/uploads\/2020\/07\/WhatsApp-Image-2020-07-07-at-13.15.02-300x300.jpeg 300w, https:\/\/atecordoba.org\/wp-content\/uploads\/2020\/07\/WhatsApp-Image-2020-07-07-at-13.15.02-1024x1024.jpeg 1024w, https:\/\/atecordoba.org\/wp-content\/uploads\/2020\/07\/WhatsApp-Image-2020-07-07-at-13.15.02-150x150.jpeg 150w, https:\/\/atecordoba.org\/wp-content\/uploads\/2020\/07\/WhatsApp-Image-2020-07-07-at-13.15.02-768x768.jpeg 768w, https:\/\/atecordoba.org\/wp-content\/uploads\/2020\/07\/WhatsApp-Image-2020-07-07-at-13.15.02-560x560.jpeg 560w, https:\/\/atecordoba.org\/wp-content\/uploads\/2020\/07\/WhatsApp-Image-2020-07-07-at-13.15.02-75x75.jpeg 75w, https:\/\/atecordoba.org\/wp-content\/uploads\/2020\/07\/WhatsApp-Image-2020-07-07-at-13.15.02-750x750.jpeg 750w, https:\/\/atecordoba.org\/wp-content\/uploads\/2020\/07\/WhatsApp-Image-2020-07-07-at-13.15.02.jpeg 1080w\" sizes=\"auto, (max-width: 617px) 100vw, 617px\" \/>Tal como se <a href=\"https:\/\/atecordoba.org\/?p=20498\">resolvi\u00f3 en plenario<\/a> realizado a fines de junio, el Consejo Directivo Provincial (CDP) de ATE C\u00f3rdoba convoca a realizar ma\u00f1ana, y por 24 horas, paro de trabajadores estatales en toda la provincia, con desconexi\u00f3n virtual para las y los compa\u00f1eros que realizan teletrabajo en el marco de la lucha contra la pandemia.<\/p>\n<p>Una medida de protesta incluye la realizaci\u00f3n de una caravana de autos en C\u00f3rdoba Capital que partir\u00e1 a las 10 horas desde la sede del CDP, Entre R\u00edos 450, para finalizar frente al ingreso de Fadea, la f\u00e1brica militar de aviones cita en avenida Fuerza A\u00e9rea 5500.<\/p>\n<p><img loading=\"lazy\" decoding=\"async\" class=\" wp-image-20610 aligncenter\" src=\"http:\/\/atecordoba.org\/wp-content\/uploads\/2020\/07\/WhatsApp-Image-2020-07-07-at-13.15.03-300x300.jpeg\" alt=\"\" width=\"600\" height=\"600\" srcset=\"https:\/\/atecordoba.org\/wp-content\/uploads\/2020\/07\/WhatsApp-Image-2020-07-07-at-13.15.03-300x300.jpeg 300w, https:\/\/atecordoba.org\/wp-content\/uploads\/2020\/07\/WhatsApp-Image-2020-07-07-at-13.15.03-1024x1024.jpeg 1024w, https:\/\/atecordoba.org\/wp-content\/uploads\/2020\/07\/WhatsApp-Image-2020-07-07-at-13.15.03-150x150.jpeg 150w, https:\/\/atecordoba.org\/wp-content\/uploads\/2020\/07\/WhatsApp-Image-2020-07-07-at-13.15.03-768x768.jpeg 768w, https:\/\/atecordoba.org\/wp-content\/uploads\/2020\/07\/WhatsApp-Image-2020-07-07-at-13.15.03-560x560.jpeg 560w, https:\/\/atecordoba.org\/wp-content\/uploads\/2020\/07\/WhatsApp-Image-2020-07-07-at-13.15.03-75x75.jpeg 75w, https:\/\/atecordoba.org\/wp-content\/uploads\/2020\/07\/WhatsApp-Image-2020-07-07-at-13.15.03-750x750.jpeg 750w, https:\/\/atecordoba.org\/wp-content\/uploads\/2020\/07\/WhatsApp-Image-2020-07-07-at-13.15.03.jpeg 1080w\" sizes=\"auto, (max-width: 600px) 100vw, 600px\" \/><\/p>\n<p>Motiva la medida de fuerza el reclamo por:<\/p>\n<ul>\n<li>Reapertura de paritaria y recomposici\u00f3n salarial;<\/li>\n<li>Pase a planta permanente de los miles de las y los contratados con a\u00f1os de antig\u00fcedad;<\/li>\n<li>Reincorporaci\u00f3n de todas las despedidas\/os del macrismo.<\/li>\n<li>Higiene y seguridad en el trabajo.<\/li>\n<li>Basta de criminalizar la protesta.<\/li>\n<\/ul>\n<p>Desde la conducci\u00f3n de ATE se solicita a las y los compa\u00f1eros que concurran con las medidas de protecci\u00f3n correspondientes y afiches, banderas y todo lo que crean importante para dar a conocer nuestra situaci\u00f3n.<\/p>\n<figure id=\"attachment_20619\" aria-describedby=\"caption-attachment-20619\" style=\"width: 493px\" class=\"wp-caption aligncenter\"><img loading=\"lazy\" decoding=\"async\" class=\"wp-image-20619 \" src=\"http:\/\/atecordoba.org\/wp-content\/uploads\/2020\/07\/inti-300x250.png\" alt=\"\" width=\"493\" height=\"411\" srcset=\"https:\/\/atecordoba.org\/wp-content\/uploads\/2020\/07\/inti-300x250.png 300w, https:\/\/atecordoba.org\/wp-content\/uploads\/2020\/07\/inti.png 710w\" sizes=\"auto, (max-width: 493px) 100vw, 493px\" \/><figcaption id=\"caption-attachment-20619\" class=\"wp-caption-text\">Sectores nacionales como INTI realizaron asambleas para confirmar su participaci\u00f3n en la medida de fuerza.<\/figcaption><\/figure>\n<p><strong>Otros puntos de la provincia<\/strong><\/p>\n<p>Adem\u00e1s, las diversas seccionales y sectores donde ATE tiene presencia territorial realizar\u00e1n actos de protesta seg\u00fan la modalidad que cada uno resuelva.<\/p>\n<p>Por caso, en San Francisco las y los compa\u00f1eros realizar\u00e1n un acto frente a la repartici\u00f3n de Anses donde reclamar\u00e1n la reincorporaci\u00f3n de los despedidos del macrismo; en R\u00edo Cuarto est\u00e1 previsto realizar una conferencia de prensa y posterior presentaci\u00f3n de un petitorio con la grilla de reclamos en la delegaci\u00f3n local del Ministerio de Trabajo; R\u00edo Tercero, por su parte, realizar\u00e1 una conferencia de prensa y desayuno con los despedidos del macrismo en la localidad y, posteriormente, una asamblea del personal de la F\u00e1brica Militar, frente a la puerta 2\u00ba del predio fabril.<\/p>\n<figure id=\"attachment_20615\" aria-describedby=\"caption-attachment-20615\" style=\"width: 612px\" class=\"wp-caption aligncenter\"><img loading=\"lazy\" decoding=\"async\" class=\"wp-image-20615\" src=\"http:\/\/atecordoba.org\/wp-content\/uploads\/2020\/07\/Recibido-paro-08-Julio-212x300.jpg\" alt=\"\" width=\"612\" height=\"866\" srcset=\"https:\/\/atecordoba.org\/wp-content\/uploads\/2020\/07\/Recibido-paro-08-Julio-212x300.jpg 212w, https:\/\/atecordoba.org\/wp-content\/uploads\/2020\/07\/Recibido-paro-08-Julio-724x1024.jpg 724w, https:\/\/atecordoba.org\/wp-content\/uploads\/2020\/07\/Recibido-paro-08-Julio-768x1086.jpg 768w, https:\/\/atecordoba.org\/wp-content\/uploads\/2020\/07\/Recibido-paro-08-Julio-1086x1536.jpg 1086w, https:\/\/atecordoba.org\/wp-content\/uploads\/2020\/07\/Recibido-paro-08-Julio-1449x2048.jpg 1449w, https:\/\/atecordoba.org\/wp-content\/uploads\/2020\/07\/Recibido-paro-08-Julio-750x1060.jpg 750w, https:\/\/atecordoba.org\/wp-content\/uploads\/2020\/07\/Recibido-paro-08-Julio-1140x1612.jpg 1140w, https:\/\/atecordoba.org\/wp-content\/uploads\/2020\/07\/Recibido-paro-08-Julio.jpg 1653w\" sizes=\"auto, (max-width: 612px) 100vw, 612px\" \/><figcaption id=\"caption-attachment-20615\" class=\"wp-caption-text\">Comunicaci\u00f3n al Ministerio de Trabajo de la Naci\u00f3n.<\/figcaption><\/figure>\n","protected":false},"excerpt":{"rendered":"<p>Tal como se resolvi\u00f3 en plenario realizado a fines de junio, el Consejo Directivo Provincial (CDP) de ATE C\u00f3rdoba convoca a realizar ma\u00f1ana, y por 24 horas, paro de trabajadores estatales en toda la provincia, con desconexi\u00f3n virtual para las y los compa\u00f1eros que realizan teletrabajo en el marco de la lucha contra la pandemia. [&hellip;]<\/p>\n","protected":false},"author":3,"featured_media":20609,"comment_status":"open","ping_status":"open","sticky":false,"template":"","format":"standard","meta":{"_exactmetrics_skip_tracking":false,"_exactmetrics_sitenote_active":false,"_exactmetrics_sitenote_note":"","_exactmetrics_sitenote_category":0,"jnews-multi-image_gallery":[],"jnews_single_post":{"source_name":"","source_url":"","via_name":"","via_url":"","override_template":"0","override":[{"template":"1","single_blog_custom":"","parallax":"1","fullscreen":"0","layout":"right-sidebar","sidebar":"default-sidebar","second_sidebar":"default-sidebar","sticky_sidebar":"1","share_position":"top","share_float_style":"share-monocrhome","show_share_counter":"1","show_view_counter":"1","show_featured":"1","show_post_meta":"1","show_post_author":"1","show_post_author_image":"1","show_post_date":"1","post_date_format":"default","post_date_format_custom":"Y\/m\/d","show_post_category":"1","show_post_reading_time":"0","post_reading_time_wpm":"300","show_zoom_button":"0","zoom_button_out_step":"2","zoom_button_in_step":"3","show_post_tag":"1","show_prev_next_post":"1","show_popup_post":"1","number_popup_post":"1","show_author_box":"0","show_post_related":"0","show_inline_post_related":"0"}],"override_image_size":"0","image_override":[{"single_post_thumbnail_size":"crop-500","single_post_gallery_size":"crop-500"}],"trending_post":"0","trending_post_position":"meta","trending_post_label":"Trending","sponsored_post":"0","sponsored_post_label":"Sponsored by","sponsored_post_name":"","sponsored_post_url":"","sponsored_post_logo_enable":"0","sponsored_post_logo":"","sponsored_post_desc":""},"jnews_primary_category":{"id":""},"jnews_social_meta":{"fb_title":"","fb_description":"","fb_image":"","twitter_title":"","twitter_description":"","twitter_image":""},"jnews_review":[],"enable_review":"0","type":"percentage","name":"","summary":"","brand":"","sku":"","good":[{"good_text":""}],"bad":[{"bad_text":""}],"score_override":"","override_value":"","rating":[{"rating_text":"","rating_number":"10"}],"price":[{"shop":"","price":"","link":"","icon":""}],"jnews_override_counter":{"override_view_counter":"0","view_counter_number":"0","override_share_counter":"0","share_counter_number":"0","override_like_counter":"0","like_counter_number":"0","override_dislike_counter":"0","dislike_counter_number":"0"},"jnews_post_split":{"enable_post_split":"0","post_split":[{"template":"1","tag":"h2","numbering":"asc","mode":"normal"}]},"footnotes":""},"categories":[10],"tags":[408,410,412,409,411],"class_list":["post-20613","post","type-post","status-publish","format-standard","has-post-thumbnail","hentry","category-accion-politica","tag-apertura-de-paritarias","tag-bono-5000","tag-higiene-y-seguridad-en-el-trabajo","tag-recomposicion-salarial","tag-reincorporacion-despedidos-del-macrismo"],"jetpack_featured_media_url":"https:\/\/atecordoba.org\/wp-content\/uploads\/2020\/07\/WhatsApp-Image-2020-07-07-at-13.15.02.jpeg","_links":{"self":[{"href":"https:\/\/atecordoba.org\/index.php?rest_route=\/wp\/v2\/posts\/20613","targetHints":{"allow":["GET"]}}],"collection":[{"href":"https:\/\/atecordoba.org\/index.php?rest_route=\/wp\/v2\/posts"}],"about":[{"href":"https:\/\/atecordoba.org\/index.php?rest_route=\/wp\/v2\/types\/post"}],"author":[{"embeddable":true,"href":"https:\/\/atecordoba.org\/index.php?rest_route=\/wp\/v2\/users\/3"}],"replies":[{"embeddable":true,"href":"https:\/\/atecordoba.org\/index.php?rest_route=%2Fwp%2Fv2%2Fcomments&post=20613"}],"version-history":[{"count":5,"href":"https:\/\/atecordoba.org\/index.php?rest_route=\/wp\/v2\/posts\/20613\/revisions"}],"predecessor-version":[{"id":20620,"href":"https:\/\/atecordoba.org\/index.php?rest_route=\/wp\/v2\/posts\/20613\/revisions\/20620"}],"wp:featuredmedia":[{"embeddable":true,"href":"https:\/\/atecordoba.org\/index.php?rest_route=\/wp\/v2\/media\/20609"}],"wp:attachment":[{"href":"https:\/\/atecordoba.org\/index.php?rest_route=%2Fwp%2Fv2%2Fmedia&parent=20613"}],"wp:term":[{"taxonomy":"category","embeddable":true,"href":"https:\/\/atecordoba.org\/index.php?rest_route=%2Fwp%2Fv2%2Fcategories&post=20613"},{"taxonomy":"post_tag","embeddable":true,"href":"https:\/\/atecordoba.org\/index.php?rest_route=%2Fwp%2Fv2%2Ftags&post=20613"}],"curies":[{"name":"wp","href":"https:\/\/api.w.org\/{rel}","templated":true}]}}