{"id":20593,"date":"2020-07-07T12:59:51","date_gmt":"2020-07-07T15:59:51","guid":{"rendered":"http:\/\/atecordoba.org\/?p=20593"},"modified":"2020-07-07T13:59:00","modified_gmt":"2020-07-07T16:59:00","slug":"la-justicia-ordena-reinstalar-seis-municipales-en-la-comuna-de-general-fotheringham","status":"publish","type":"post","link":"https:\/\/atecordoba.org\/?p=20593","title":{"rendered":"La Justicia ordena reinstalar seis municipales en la comuna de General Fotheringham"},"content":{"rendered":"<figure id=\"attachment_20595\" aria-describedby=\"caption-attachment-20595\" style=\"width: 602px\" class=\"wp-caption aligncenter\"><img loading=\"lazy\" decoding=\"async\" class=\"wp-image-20595\" src=\"http:\/\/atecordoba.org\/wp-content\/uploads\/2020\/07\/rio-3\u00ba_conf-prensa_foterhingham-300x169.jpeg\" alt=\"\" width=\"602\" height=\"339\" srcset=\"https:\/\/atecordoba.org\/wp-content\/uploads\/2020\/07\/rio-3\u00ba_conf-prensa_foterhingham-300x169.jpeg 300w, https:\/\/atecordoba.org\/wp-content\/uploads\/2020\/07\/rio-3\u00ba_conf-prensa_foterhingham-1024x576.jpeg 1024w, https:\/\/atecordoba.org\/wp-content\/uploads\/2020\/07\/rio-3\u00ba_conf-prensa_foterhingham-768x432.jpeg 768w, https:\/\/atecordoba.org\/wp-content\/uploads\/2020\/07\/rio-3\u00ba_conf-prensa_foterhingham-750x422.jpeg 750w, https:\/\/atecordoba.org\/wp-content\/uploads\/2020\/07\/rio-3\u00ba_conf-prensa_foterhingham.jpeg 1032w\" sizes=\"auto, (max-width: 602px) 100vw, 602px\" \/><figcaption id=\"caption-attachment-20595\" class=\"wp-caption-text\">Conferencia de prensa en la sede de ATE R\u00edo Tercero.<\/figcaption><\/figure>\n<p>En conferencia de prensa realizada hoy en la seccional de ATE R\u00edo Tercero, el secretario General Dami\u00e1n Albornoz anunci\u00f3 que la C\u00e1mara Civil y Comercial de esa ciudad orden\u00f3 la reincorporaci\u00f3n de seis trabajadoras de la Comuna de General Fotheringham, sumariadas arbitrariamente en enero pasado por el jefe Comunal Mario Moreno, en el marco de la persecuci\u00f3n pol\u00edtico gremial que el Ejecutivo desat\u00f3 contra las y los trabajadores que integraban el plantel de municipales desde gestiones anteriores.<\/p>\n<p>Albornoz inform\u00f3 que la C\u00e1mara descart\u00f3 todos los fundamentos con que Moreno intent\u00f3 cesantear a estas compa\u00f1eras, al abrirles un sumario en enero de 2020, y orden\u00f3 su inmediata reinstalaci\u00f3n, sentando un antecedente important\u00edsimo sobre las arbitrariedades que los intendentes y jefes comunales suelen aplicar sobre los trabajadores municipales. Estas situaciones lamentablemente se repiten tanto en comunas peque\u00f1as como en la capital provincial, como es de p\u00fablico conocimiento.<\/p>\n<p>En este caso de trata de compa\u00f1eras que realizan su tarea en el \u00e1rea de salud, de educaci\u00f3n y administrativa.<\/p>\n<figure id=\"attachment_20594\" aria-describedby=\"caption-attachment-20594\" style=\"width: 602px\" class=\"wp-caption aligncenter\"><img loading=\"lazy\" decoding=\"async\" class=\"wp-image-20594\" src=\"http:\/\/atecordoba.org\/wp-content\/uploads\/2020\/07\/WhatsApp-Image-2020-07-07-at-12.36.58-300x200.jpeg\" alt=\"\" width=\"602\" height=\"401\" srcset=\"https:\/\/atecordoba.org\/wp-content\/uploads\/2020\/07\/WhatsApp-Image-2020-07-07-at-12.36.58-300x200.jpeg 300w, https:\/\/atecordoba.org\/wp-content\/uploads\/2020\/07\/WhatsApp-Image-2020-07-07-at-12.36.58-1024x682.jpeg 1024w, https:\/\/atecordoba.org\/wp-content\/uploads\/2020\/07\/WhatsApp-Image-2020-07-07-at-12.36.58-768x512.jpeg 768w, https:\/\/atecordoba.org\/wp-content\/uploads\/2020\/07\/WhatsApp-Image-2020-07-07-at-12.36.58-750x500.jpeg 750w, https:\/\/atecordoba.org\/wp-content\/uploads\/2020\/07\/WhatsApp-Image-2020-07-07-at-12.36.58-1140x760.jpeg 1140w, https:\/\/atecordoba.org\/wp-content\/uploads\/2020\/07\/WhatsApp-Image-2020-07-07-at-12.36.58.jpeg 1280w\" sizes=\"auto, (max-width: 602px) 100vw, 602px\" \/><figcaption id=\"caption-attachment-20594\" class=\"wp-caption-text\">Las trabajadoras reinstaladas por la Justicia.<\/figcaption><\/figure>\n<p>&#8220;El inicio de sumario careci\u00f3 de todo sustento v\u00e1lido porque detr\u00e1s de ese proceso hay una persecuci\u00f3n gremial y pol\u00edtica. Son compa\u00f1eras que se afiliaron una vez que ATE se present\u00f3 en la comuna. A partir de ah\u00ed pretendi\u00f3 fundamentar con inasistencias, con la supuesta falta de aptitud f\u00edsica para desarrollar sus tareas habituales, iniciando un sumario que se extendi\u00f3 por 150 d\u00edas, sin que las trabajadoras pudieran cobrar sus salarios&#8221;, explic\u00f3 Albornoz ante al prensa convocada en la sede sindical.<\/p>\n<figure id=\"attachment_20598\" aria-describedby=\"caption-attachment-20598\" style=\"width: 601px\" class=\"wp-caption aligncenter\"><img loading=\"lazy\" decoding=\"async\" class=\"wp-image-20598 \" src=\"http:\/\/atecordoba.org\/wp-content\/uploads\/2020\/07\/WhatsApp-Image-2020-07-07-at-12.36.58-2-300x200.jpeg\" alt=\"\" width=\"601\" height=\"400\" srcset=\"https:\/\/atecordoba.org\/wp-content\/uploads\/2020\/07\/WhatsApp-Image-2020-07-07-at-12.36.58-2-300x200.jpeg 300w, https:\/\/atecordoba.org\/wp-content\/uploads\/2020\/07\/WhatsApp-Image-2020-07-07-at-12.36.58-2-1024x682.jpeg 1024w, https:\/\/atecordoba.org\/wp-content\/uploads\/2020\/07\/WhatsApp-Image-2020-07-07-at-12.36.58-2-768x512.jpeg 768w, https:\/\/atecordoba.org\/wp-content\/uploads\/2020\/07\/WhatsApp-Image-2020-07-07-at-12.36.58-2-750x500.jpeg 750w, https:\/\/atecordoba.org\/wp-content\/uploads\/2020\/07\/WhatsApp-Image-2020-07-07-at-12.36.58-2-1140x760.jpeg 1140w, https:\/\/atecordoba.org\/wp-content\/uploads\/2020\/07\/WhatsApp-Image-2020-07-07-at-12.36.58-2.jpeg 1280w\" sizes=\"auto, (max-width: 601px) 100vw, 601px\" \/><figcaption id=\"caption-attachment-20598\" class=\"wp-caption-text\">Albornoz informando la felicidad de nuestro gremio por el resultado satisfactorio de la lucha ganada.<\/figcaption><\/figure>\n<p>El jefe comunal Moreno tampoco realiz\u00f3 los aportes previsionales, de obra social ni al sindicato durante ese periodo. &#8220;Se someti\u00f3 a las compa\u00f1eras a 150 d\u00edas sin cobrar su salario en medio de la pandemia por afiliarse a ATE. Por eso consideramos que este fallo es muy importante para la dignidad de las y los municipales de General Fotheringham y sienta un precedente fundamental para el resto de las y los municipales de la provincia&#8221;, describi\u00f3 Albornoz.<\/p>\n<p>Desde ATE denunciamos en su oportunidad que la actual conducci\u00f3n comunal, que desde su asunci\u00f3n, ha perseguido a los trabajadores, donde aquellos que pudo doblegar en su voluntad siguieron trabajando en condiciones que estipulaba el Ejecutivo, siendo las mismas indignas y con una constante p\u00e9rdida de derechos y un avasallamiento a la dignidad humana.<\/p>\n<figure id=\"attachment_20596\" aria-describedby=\"caption-attachment-20596\" style=\"width: 600px\" class=\"wp-caption aligncenter\"><img loading=\"lazy\" decoding=\"async\" class=\"wp-image-20596 \" src=\"http:\/\/atecordoba.org\/wp-content\/uploads\/2020\/07\/WhatsApp-Image-2020-07-07-at-12.36.57-300x200.jpeg\" alt=\"\" width=\"600\" height=\"400\" srcset=\"https:\/\/atecordoba.org\/wp-content\/uploads\/2020\/07\/WhatsApp-Image-2020-07-07-at-12.36.57-300x200.jpeg 300w, https:\/\/atecordoba.org\/wp-content\/uploads\/2020\/07\/WhatsApp-Image-2020-07-07-at-12.36.57-1024x682.jpeg 1024w, https:\/\/atecordoba.org\/wp-content\/uploads\/2020\/07\/WhatsApp-Image-2020-07-07-at-12.36.57-768x512.jpeg 768w, https:\/\/atecordoba.org\/wp-content\/uploads\/2020\/07\/WhatsApp-Image-2020-07-07-at-12.36.57-750x500.jpeg 750w, https:\/\/atecordoba.org\/wp-content\/uploads\/2020\/07\/WhatsApp-Image-2020-07-07-at-12.36.57-1140x760.jpeg 1140w, https:\/\/atecordoba.org\/wp-content\/uploads\/2020\/07\/WhatsApp-Image-2020-07-07-at-12.36.57.jpeg 1280w\" sizes=\"auto, (max-width: 600px) 100vw, 600px\" \/><figcaption id=\"caption-attachment-20596\" class=\"wp-caption-text\">Estuvieron presentes tambi\u00e9n miembros de la conducci\u00f3n de la seccional.<\/figcaption><\/figure>\n<p><strong>Conducci\u00f3n provincial<\/strong><\/p>\n<p>Por su parte, el secretario General del Consejo Directivo Provincial, Federico Giuliani, relat\u00f3 que &#8220;acompa\u00f1amos como CDP de la estrategia pol\u00edtica y judicial para la reincorporaci\u00f3n. Es un triunfo del conjunto al que apostamos seguir fortaleciendo, por eso la articulaci\u00f3n de la conducci\u00f3n provincial con las seccionales en materia de estrategias legales, pol\u00edticas, gremiales y comunicacionales, nos dan la pauta de que es el camino a seguir&#8221;.<\/p>\n<p>Y agreg\u00f3: &#8220;construyendo todas y todos juntos, de manera colectiva es como venimos dando cuenta de que estamos solucionando muchos conflictos de trabajadoras y trabajadores.<\/p>\n<p>Vamos a seguir acompa\u00f1ando a ATE R\u00edo Tercero\u00a0 y a las compa\u00f1eras de Fotheringham hasta que se normalice su situaci\u00f3n laboral&#8221;.<\/p>\n<p>&nbsp;<\/p>\n<figure id=\"attachment_20603\" aria-describedby=\"caption-attachment-20603\" style=\"width: 596px\" class=\"wp-caption aligncenter\"><img loading=\"lazy\" decoding=\"async\" class=\"wp-image-20603\" src=\"http:\/\/atecordoba.org\/wp-content\/uploads\/2020\/07\/WhatsApp-Image-2020-07-07-at-13.32.06-300x154.jpeg\" alt=\"\" width=\"596\" height=\"306\" srcset=\"https:\/\/atecordoba.org\/wp-content\/uploads\/2020\/07\/WhatsApp-Image-2020-07-07-at-13.32.06-300x154.jpeg 300w, https:\/\/atecordoba.org\/wp-content\/uploads\/2020\/07\/WhatsApp-Image-2020-07-07-at-13.32.06.jpeg 540w\" sizes=\"auto, (max-width: 596px) 100vw, 596px\" \/><figcaption id=\"caption-attachment-20603\" class=\"wp-caption-text\">Reuni\u00f3n de Giuliani y Albornoz con las compa\u00f1eras sumariadas en enero pasado (archivo).<\/figcaption><\/figure>\n","protected":false},"excerpt":{"rendered":"<p>En conferencia de prensa realizada hoy en la seccional de ATE R\u00edo Tercero, el secretario General Dami\u00e1n Albornoz anunci\u00f3 que la C\u00e1mara Civil y Comercial de esa ciudad orden\u00f3 la reincorporaci\u00f3n de seis trabajadoras de la Comuna de General Fotheringham, sumariadas arbitrariamente en enero pasado por el jefe Comunal Mario Moreno, en el marco de [&hellip;]<\/p>\n","protected":false},"author":3,"featured_media":20595,"comment_status":"open","ping_status":"open","sticky":false,"template":"","format":"standard","meta":{"_exactmetrics_skip_tracking":false,"_exactmetrics_sitenote_active":false,"_exactmetrics_sitenote_note":"","_exactmetrics_sitenote_category":0,"jnews-multi-image_gallery":[],"jnews_single_post":{"source_name":"","source_url":"","via_name":"","via_url":"","override_template":"0","override":[{"template":"1","single_blog_custom":"","parallax":"1","fullscreen":"0","layout":"right-sidebar","sidebar":"default-sidebar","second_sidebar":"default-sidebar","sticky_sidebar":"1","share_position":"top","share_float_style":"share-monocrhome","show_share_counter":"1","show_view_counter":"1","show_featured":"1","show_post_meta":"1","show_post_author":"1","show_post_author_image":"1","show_post_date":"1","post_date_format":"default","post_date_format_custom":"Y\/m\/d","show_post_category":"1","show_post_reading_time":"0","post_reading_time_wpm":"300","show_zoom_button":"0","zoom_button_out_step":"2","zoom_button_in_step":"3","show_post_tag":"1","show_prev_next_post":"1","show_popup_post":"1","number_popup_post":"1","show_author_box":"0","show_post_related":"0","show_inline_post_related":"0"}],"override_image_size":"0","image_override":[{"single_post_thumbnail_size":"crop-500","single_post_gallery_size":"crop-500"}],"trending_post":"0","trending_post_position":"meta","trending_post_label":"Trending","sponsored_post":"0","sponsored_post_label":"Sponsored by","sponsored_post_name":"","sponsored_post_url":"","sponsored_post_logo_enable":"0","sponsored_post_logo":"","sponsored_post_desc":""},"jnews_primary_category":{"id":""},"jnews_social_meta":{"fb_title":"","fb_description":"","fb_image":"","twitter_title":"","twitter_description":"","twitter_image":""},"jnews_review":[],"enable_review":"0","type":"percentage","name":"","summary":"","brand":"","sku":"","good":[{"good_text":""}],"bad":[{"bad_text":""}],"score_override":"","override_value":"","rating":[{"rating_text":"","rating_number":"10"}],"price":[{"shop":"","price":"","link":"","icon":""}],"jnews_override_counter":{"override_view_counter":"0","view_counter_number":"0","override_share_counter":"0","share_counter_number":"0","override_like_counter":"0","like_counter_number":"0","override_dislike_counter":"0","dislike_counter_number":"0"},"jnews_post_split":{"enable_post_split":"0","post_split":[{"template":"1","tag":"h2","numbering":"asc","mode":"normal"}]},"footnotes":""},"categories":[20,13,34],"tags":[395,407,402,405,403,24,404,406],"class_list":["post-20593","post","type-post","status-publish","format-standard","has-post-thumbnail","hentry","category-municipales","category-rio-tercero","category-seccionales","tag-ate-cordoba","tag-ate-rio-tercero","tag-comuna-de-general-fotheringham","tag-dignidad-de-los-trabajadores","tag-lucha-y-resistencia","tag-municipales-2","tag-persecucion-politico-gremial","tag-seccional-rio-tercero"],"jetpack_featured_media_url":"https:\/\/atecordoba.org\/wp-content\/uploads\/2020\/07\/rio-3\u00ba_conf-prensa_foterhingham.jpeg","_links":{"self":[{"href":"https:\/\/atecordoba.org\/index.php?rest_route=\/wp\/v2\/posts\/20593","targetHints":{"allow":["GET"]}}],"collection":[{"href":"https:\/\/atecordoba.org\/index.php?rest_route=\/wp\/v2\/posts"}],"about":[{"href":"https:\/\/atecordoba.org\/index.php?rest_route=\/wp\/v2\/types\/post"}],"author":[{"embeddable":true,"href":"https:\/\/atecordoba.org\/index.php?rest_route=\/wp\/v2\/users\/3"}],"replies":[{"embeddable":true,"href":"https:\/\/atecordoba.org\/index.php?rest_route=%2Fwp%2Fv2%2Fcomments&post=20593"}],"version-history":[{"count":7,"href":"https:\/\/atecordoba.org\/index.php?rest_route=\/wp\/v2\/posts\/20593\/revisions"}],"predecessor-version":[{"id":20608,"href":"https:\/\/atecordoba.org\/index.php?rest_route=\/wp\/v2\/posts\/20593\/revisions\/20608"}],"wp:featuredmedia":[{"embeddable":true,"href":"https:\/\/atecordoba.org\/index.php?rest_route=\/wp\/v2\/media\/20595"}],"wp:attachment":[{"href":"https:\/\/atecordoba.org\/index.php?rest_route=%2Fwp%2Fv2%2Fmedia&parent=20593"}],"wp:term":[{"taxonomy":"category","embeddable":true,"href":"https:\/\/atecordoba.org\/index.php?rest_route=%2Fwp%2Fv2%2Fcategories&post=20593"},{"taxonomy":"post_tag","embeddable":true,"href":"https:\/\/atecordoba.org\/index.php?rest_route=%2Fwp%2Fv2%2Ftags&post=20593"}],"curies":[{"name":"wp","href":"https:\/\/api.w.org\/{rel}","templated":true}]}}