{"id":20582,"date":"2020-07-03T10:03:03","date_gmt":"2020-07-03T13:03:03","guid":{"rendered":"http:\/\/atecordoba.org\/?p=20582"},"modified":"2020-07-03T15:17:50","modified_gmt":"2020-07-03T18:17:50","slug":"solidaridad-con-las-y-los-municipales-de-cordoba","status":"publish","type":"post","link":"https:\/\/atecordoba.org\/?p=20582","title":{"rendered":"Solidaridad con las y los municipales de C\u00f3rdoba"},"content":{"rendered":"<figure id=\"attachment_20583\" aria-describedby=\"caption-attachment-20583\" style=\"width: 644px\" class=\"wp-caption aligncenter\"><img loading=\"lazy\" decoding=\"async\" class=\"wp-image-20583\" src=\"http:\/\/atecordoba.org\/wp-content\/uploads\/2020\/07\/suoem-300x180.jpg\" alt=\"\" width=\"644\" height=\"386\" srcset=\"https:\/\/atecordoba.org\/wp-content\/uploads\/2020\/07\/suoem-300x180.jpg 300w, https:\/\/atecordoba.org\/wp-content\/uploads\/2020\/07\/suoem.jpg 650w\" sizes=\"auto, (max-width: 644px) 100vw, 644px\" \/><figcaption id=\"caption-attachment-20583\" class=\"wp-caption-text\">Concentraci\u00f3n de trabajadoras y trabajadores frente a la sede de la Municipalidad de C\u00f3rdoba.<\/figcaption><\/figure>\n<p>El intendente Mart\u00edn Llaryora argument\u00f3 que se trata de contratos que no fueron renovados, pero est\u00e1 claro que esas trabajadoras y trabajadores deb\u00edan en su inmensa mayor\u00eda integrar la planta permanente del municipio y fue su condici\u00f3n de precarizados, al carecer de la estabilidad laboral propia del trabajador estatal, lo que los puso en situaci\u00f3n de vulnerabilidad frente a la patronal.<\/p>\n<p>Los despidos llegaron incluso al sector educativo, \u00e1rea de atenci\u00f3n de los sectores m\u00e1s vulnerables de la ciudad donde las propias autoridades dijeron que no aplicar\u00edan el \u201crecorte de gastos\u201d, como los medios de comunicaci\u00f3n habituados a propalar sin atisbo de cr\u00edtica las pol\u00edticas oficiales en C\u00f3rdoba gustan llamar al ajuste.<\/p>\n<p>Peor a\u00fan, estos despidos se producen en el marco de la pandemia, lo cual torna inhumana la medida. Son 117 familias que no podr\u00e1n llevar el pan a su mesa en medio de la crisis sanitaria y econ\u00f3mica m\u00e1s grave que recuerde nuestro pa\u00eds.<\/p>\n<p>Todo sucede mientras la propia Municipalidad gasta millonarias facturas en contrataciones de consultoras para medir la imagen del intendente o alquila sospechosos edificios para ubicar reparticiones municipales en las zonas m\u00e1s caras de la ciudad.<\/p>\n<p>Desde ATE instamos a las autoridades municipales a rever este penoso proceso de ajuste. La ciudad necesita convivencia y pol\u00edticas claras para beneficio del bien com\u00fan, cosa que los trabajadores siempre estamos dispuestos a acompa\u00f1ar porque somos los garantes de los derechos del pueblo con nuestro trabajo cotidiano.<\/p>\n<p>Tambi\u00e9n reclamamos al Ministerio de Trabajo de la provincia a que intervenga para detener los atropellos patronales. Su rol como \u00e1rbitro de los conflictos gremiales brilla por su ausencia.<\/p>\n<p style=\"text-align: center;\">Federico Giuliani<\/p>\n<p style=\"text-align: center;\">Secretario General<\/p>\n<p style=\"text-align: center;\">ATE C\u00f3rdoba<\/p>\n<p style=\"text-align: center;\">\n<p style=\"text-align: center;\">\n<p style=\"text-align: center;\">Hugo Duran<\/p>\n<p style=\"text-align: center;\">Secretario Adjunto<\/p>\n","protected":false},"excerpt":{"rendered":"<p>El intendente Mart\u00edn Llaryora argument\u00f3 que se trata de contratos que no fueron renovados, pero est\u00e1 claro que esas trabajadoras y trabajadores deb\u00edan en su inmensa mayor\u00eda integrar la planta permanente del municipio y fue su condici\u00f3n de precarizados, al carecer de la estabilidad laboral propia del trabajador estatal, lo que los puso en situaci\u00f3n [&hellip;]<\/p>\n","protected":false},"author":3,"featured_media":20583,"comment_status":"open","ping_status":"open","sticky":true,"template":"","format":"standard","meta":{"_exactmetrics_skip_tracking":false,"_exactmetrics_sitenote_active":false,"_exactmetrics_sitenote_note":"","_exactmetrics_sitenote_category":0,"jnews-multi-image_gallery":[],"jnews_single_post":{"source_name":"","source_url":"","via_name":"","via_url":"","override_template":"0","override":[{"template":"1","single_blog_custom":"","parallax":"1","fullscreen":"0","layout":"right-sidebar","sidebar":"default-sidebar","second_sidebar":"default-sidebar","sticky_sidebar":"1","share_position":"top","share_float_style":"share-monocrhome","show_share_counter":"1","show_view_counter":"1","show_featured":"1","show_post_meta":"1","show_post_author":"1","show_post_author_image":"1","show_post_date":"1","post_date_format":"default","post_date_format_custom":"Y\/m\/d","show_post_category":"1","show_post_reading_time":"0","post_reading_time_wpm":"300","show_zoom_button":"0","zoom_button_out_step":"2","zoom_button_in_step":"3","show_post_tag":"1","show_prev_next_post":"1","show_popup_post":"1","number_popup_post":"1","show_author_box":"0","show_post_related":"0","show_inline_post_related":"0"}],"override_image_size":"0","image_override":[{"single_post_thumbnail_size":"crop-500","single_post_gallery_size":"crop-500"}],"trending_post":"0","trending_post_position":"meta","trending_post_label":"Trending","sponsored_post":"0","sponsored_post_label":"Sponsored by","sponsored_post_name":"","sponsored_post_url":"","sponsored_post_logo_enable":"0","sponsored_post_logo":"","sponsored_post_desc":""},"jnews_primary_category":{"id":""},"jnews_social_meta":{"fb_title":"","fb_description":"","fb_image":"","twitter_title":"","twitter_description":"","twitter_image":""},"jnews_review":[],"enable_review":"0","type":"percentage","name":"","summary":"","brand":"","sku":"","good":[{"good_text":""}],"bad":[{"bad_text":""}],"score_override":"","override_value":"","rating":[{"rating_text":"","rating_number":"10"}],"price":[{"shop":"","price":"","link":"","icon":""}],"jnews_override_counter":{"override_view_counter":"0","view_counter_number":"0","override_share_counter":"0","share_counter_number":"0","override_like_counter":"0","like_counter_number":"0","override_dislike_counter":"0","dislike_counter_number":"0"},"jnews_post_split":{"enable_post_split":"0","post_split":[{"template":"1","tag":"h2","numbering":"asc","mode":"normal"}]},"footnotes":""},"categories":[10,53,341,34],"tags":[],"class_list":["post-20582","post","type-post","status-publish","format-standard","has-post-thumbnail","hentry","category-accion-politica","category-comunicados-de-prensa","category-cdp","category-seccionales"],"jetpack_featured_media_url":"https:\/\/atecordoba.org\/wp-content\/uploads\/2020\/07\/suoem.jpg","_links":{"self":[{"href":"https:\/\/atecordoba.org\/index.php?rest_route=\/wp\/v2\/posts\/20582","targetHints":{"allow":["GET"]}}],"collection":[{"href":"https:\/\/atecordoba.org\/index.php?rest_route=\/wp\/v2\/posts"}],"about":[{"href":"https:\/\/atecordoba.org\/index.php?rest_route=\/wp\/v2\/types\/post"}],"author":[{"embeddable":true,"href":"https:\/\/atecordoba.org\/index.php?rest_route=\/wp\/v2\/users\/3"}],"replies":[{"embeddable":true,"href":"https:\/\/atecordoba.org\/index.php?rest_route=%2Fwp%2Fv2%2Fcomments&post=20582"}],"version-history":[{"count":1,"href":"https:\/\/atecordoba.org\/index.php?rest_route=\/wp\/v2\/posts\/20582\/revisions"}],"predecessor-version":[{"id":20584,"href":"https:\/\/atecordoba.org\/index.php?rest_route=\/wp\/v2\/posts\/20582\/revisions\/20584"}],"wp:featuredmedia":[{"embeddable":true,"href":"https:\/\/atecordoba.org\/index.php?rest_route=\/wp\/v2\/media\/20583"}],"wp:attachment":[{"href":"https:\/\/atecordoba.org\/index.php?rest_route=%2Fwp%2Fv2%2Fmedia&parent=20582"}],"wp:term":[{"taxonomy":"category","embeddable":true,"href":"https:\/\/atecordoba.org\/index.php?rest_route=%2Fwp%2Fv2%2Fcategories&post=20582"},{"taxonomy":"post_tag","embeddable":true,"href":"https:\/\/atecordoba.org\/index.php?rest_route=%2Fwp%2Fv2%2Ftags&post=20582"}],"curies":[{"name":"wp","href":"https:\/\/api.w.org\/{rel}","templated":true}]}}