{"id":20514,"date":"2020-07-01T15:11:36","date_gmt":"2020-07-01T18:11:36","guid":{"rendered":"http:\/\/atecordoba.org\/?p=20514"},"modified":"2020-07-01T20:01:53","modified_gmt":"2020-07-01T23:01:53","slug":"ate-cordoba-por-la-soberania-alimentaria","status":"publish","type":"post","link":"https:\/\/atecordoba.org\/?p=20514","title":{"rendered":"ATE C\u00f3rdoba por la Soberan\u00eda Alimentaria"},"content":{"rendered":"<p><img loading=\"lazy\" decoding=\"async\" class=\"wp-image-20515 alignright\" src=\"http:\/\/atecordoba.org\/wp-content\/uploads\/2020\/07\/30-06-2020-Soberania-Alimentaria-y-cadenas-cortas-de-comercializaci\u00f3n-297x300.jpg\" alt=\"\" width=\"395\" height=\"399\" srcset=\"https:\/\/atecordoba.org\/wp-content\/uploads\/2020\/07\/30-06-2020-Soberania-Alimentaria-y-cadenas-cortas-de-comercializaci\u00f3n-297x300.jpg 297w, https:\/\/atecordoba.org\/wp-content\/uploads\/2020\/07\/30-06-2020-Soberania-Alimentaria-y-cadenas-cortas-de-comercializaci\u00f3n-1015x1024.jpg 1015w, https:\/\/atecordoba.org\/wp-content\/uploads\/2020\/07\/30-06-2020-Soberania-Alimentaria-y-cadenas-cortas-de-comercializaci\u00f3n-768x775.jpg 768w, https:\/\/atecordoba.org\/wp-content\/uploads\/2020\/07\/30-06-2020-Soberania-Alimentaria-y-cadenas-cortas-de-comercializaci\u00f3n-75x75.jpg 75w, https:\/\/atecordoba.org\/wp-content\/uploads\/2020\/07\/30-06-2020-Soberania-Alimentaria-y-cadenas-cortas-de-comercializaci\u00f3n-750x757.jpg 750w, https:\/\/atecordoba.org\/wp-content\/uploads\/2020\/07\/30-06-2020-Soberania-Alimentaria-y-cadenas-cortas-de-comercializaci\u00f3n-1140x1150.jpg 1140w, https:\/\/atecordoba.org\/wp-content\/uploads\/2020\/07\/30-06-2020-Soberania-Alimentaria-y-cadenas-cortas-de-comercializaci\u00f3n.jpg 1364w\" sizes=\"auto, (max-width: 395px) 100vw, 395px\" \/><\/p>\n<p><span style=\"font-weight: 400;\"><span class=\"dropcap \" style=\"background-color: #ffffff; color: #000000; border-color: #ffffff;\">E<\/span>l encuentro fue convocado por el Consejo Directivo Provincial (CDP) de ATE C\u00f3rdoba bajo el t\u00edtulo de &#8220;Sistemas productivos y cadenas cortas de comercializaci\u00f3n para la Soberan\u00eda Alimentaria&#8221;. El objetivo, seg\u00fan expresaron desde la organizaci\u00f3n, fue &#8220;debatir acerca del rol de nuestras organizaciones en la construcci\u00f3n de un sistema soberano de relaciones en lo que se refiere a la alimentaci\u00f3n en particular, que no es m\u00e1s que una de las aristas del sistema de relaciones en el que estamos inmersos, en general&#8221;.<\/span><\/p>\n<p><span style=\"font-weight: 400;\">La instancia cont\u00f3 con la exposici\u00f3n de cuatro compa\u00f1eros y compa\u00f1eras que presentaron los principales puntos concernientes a la Soberan\u00eda Alimentaria, tanto desde lo te\u00f3rico como de lo experiencial. Tras eso, se dio lugar al intercambio y debate entre quienes asistieron.\u00a0<\/span><\/p>\n<p><span style=\"font-weight: 400;\">&#8220;Somos en este momento 44 compa\u00f1eras y compa\u00f1eros: desde Maimar\u00e1, Jujuy, a Calafate, Santa Cruz; de Misiones a Alumin\u00e9, Neuqu\u00e9n; de Tucum\u00e1n a Provincia de Buenos Aires; de Cruz del Eje a Adelia Mar\u00eda, de San Francisco a R\u00edo Cuarto; de C\u00f3rdoba Capital, Villa Dolores a Laboulaye&#8221;, expresaron, al iniciar, desde la organizaci\u00f3n, previo a dar paso al panel compuesto por: Luis Narmona, despedido de Agricultura Familiar en la Era Macri; Daniel Allende, Secretario General de ATE Cruz del Eje y trabajador del INTA; Alejandra Agnone, miembro de la conducci\u00f3n de ATE C\u00f3rdoba y trabajadora del SENASA; y Mercedes Gonz\u00e1lez, de la MutualCarlos Mugica de C\u00f3rdoba Capital, miembro de la Mesa por la Soberan\u00eda Alimentaria de la Provincia. La instancia fue moderada por Carlos Rang, trabajador de la Secretar\u00eda de Agricultura Familiar de la Naci\u00f3n y miembro de ATE.<\/span><\/p>\n<p><img loading=\"lazy\" decoding=\"async\" class=\"size-medium wp-image-20523 alignright\" src=\"http:\/\/atecordoba.org\/wp-content\/uploads\/2020\/07\/Flyer-soberania-alimentaria-charla-300x300.jpeg\" alt=\"\" width=\"300\" height=\"300\" srcset=\"https:\/\/atecordoba.org\/wp-content\/uploads\/2020\/07\/Flyer-soberania-alimentaria-charla-300x300.jpeg 300w, https:\/\/atecordoba.org\/wp-content\/uploads\/2020\/07\/Flyer-soberania-alimentaria-charla-150x150.jpeg 150w, https:\/\/atecordoba.org\/wp-content\/uploads\/2020\/07\/Flyer-soberania-alimentaria-charla-768x768.jpeg 768w, https:\/\/atecordoba.org\/wp-content\/uploads\/2020\/07\/Flyer-soberania-alimentaria-charla-560x560.jpeg 560w, https:\/\/atecordoba.org\/wp-content\/uploads\/2020\/07\/Flyer-soberania-alimentaria-charla-75x75.jpeg 75w, https:\/\/atecordoba.org\/wp-content\/uploads\/2020\/07\/Flyer-soberania-alimentaria-charla-750x750.jpeg 750w, https:\/\/atecordoba.org\/wp-content\/uploads\/2020\/07\/Flyer-soberania-alimentaria-charla.jpeg 1000w\" sizes=\"auto, (max-width: 300px) 100vw, 300px\" \/><\/p>\n<p><span style=\"font-weight: 400;\">En primer lugar, el Secretario General de ATE C\u00f3rdoba, Federico Giuliani, realiz\u00f3 la bienvenida a la instancia: &#8220;Est\u00e1 en debate todo en el marco de la crisis, que no es solo por la pandemia, sino que es general. Necesitamos tener demandas, pero tambi\u00e9n un programa. Y en ese marco es que ingresa la Soberan\u00eda Alimentaria, para la cual tenemos que tener propuestas y acciones construidas por las compa\u00f1eras y compa\u00f1eros que hoy est\u00e1n ac\u00e1 y que debemos asumir como sindicato, como Pueblo&#8221;, expres\u00f3 Giuliani quien enfatiz\u00f3 en la necesidad &#8220;de conformar una fuerza capaz de poder decidir, entre otras cosas, sobre nuestros alimentos. En el marco de la discusi\u00f3n por la expropiaci\u00f3n de Vicent\u00edn, no podemos seguir pensando en medidas de arriba para abajo, sin fuerza popular que las sustenten. Tenemos el desaf\u00edo de imaginar y construir el mundo que queremos&#8221;, ratific\u00f3.<\/span><\/p>\n<p><span style=\"font-weight: 400;\">Por su parte, Luis Narmona, trabajador con larga trayectoria en sistemas productivos de Agricultura Familiar, sobre todo ligado a los productores y productoras del cintur\u00f3n hort\u00edcola de C\u00f3rdoba, conceptualiz\u00f3 acerca de la distinci\u00f3n que debe hacerse entre Ayuda Alimentaria, Seguridad Alimentaria y Soberan\u00eda Alimentaria. &#8220;El primero, el de la Ayuda, es el paradigma de organismos internacionales y es una forma de no permitirle a los pueblos decidir sobre su alimento, sino que los mismos son meros depositarios de \u201cayudas\u201d alimentarias que, generalmente, se cambian por adecuaciones de pol\u00edticas locales, deuda u otras medidas que atentan contra la soberan\u00eda. Por otro lado, podemos hacer referencia tambi\u00e9n a un t\u00e9rmino m\u00e1s usado por los Estados, \u00faltimamente: hablamos de la Seguridad Alimentaria. La misma hace referencia a que todas las personas deben tener cubiertas sus necesidades de alimentaci\u00f3n, pero sin tener en cuenta qui\u00e9n produce y c\u00f3mo produce. A nuestro entender es una visi\u00f3n insuficiente para abarcar en su totalidad el derecho a la alimentaci\u00f3n de los pueblos\u201d, afirm\u00f3 Narmona y agreg\u00f3 que \u201cSoberan\u00eda Alimentaria es el paradigma que engloba lo cultural, lo econ\u00f3mico, lo social que gira en torno al sistema alimentario, con potestad de decidir en base a estas m\u00faltiples variables\u201d. El despedido por el macrismo de la Secretar\u00eda de Agricultura Familiar afirm\u00f3 que para ello es necesario \u201credistribuir el acceso a la tierra, al agua y a otros bienes productivos (entre ellos las semillas) para poder ir hacia sistemas m\u00e1s sanos, que valoricen la vida\u201d. Narmona advirti\u00f3 que \u201cdiscutir estas cuestiones es discutir el poder. Y nuestra posici\u00f3n es que el poder tiene que estar en las comunidades para poder ir hacia estos otros sistemas. Fortalecer las condiciones productivas, los mercados locales y las cadenas cortas de comercializaci\u00f3n es una tarea que necesita, tambi\u00e9n, financiamiento: es algo que debemos discutir con el Estado, para disputar contra las grandes corporaciones privadas que no distribuyen financiamiento para este tipo de proyectos\u201d. Por \u00faltimo, el profesional reclam\u00f3 por el permiso para la \u201creapertura de la Feria Agroecol\u00f3gica de C\u00f3rdoba, m\u00e1s a\u00fan cuando los hipermercados est\u00e1n abiertos sin m\u00e1s\u201d.<\/span><\/p>\n<p><span style=\"font-weight: 400;\">Sobre este \u00faltimo punto, Carlos Rang, trabajador de la Secretar\u00eda de Agricultura Familiar y moderador de la actividad conceptualiz\u00f3 que este tipo de decisiones demuestran \u201clas correlaciones de fuerza actuales, donde las multinacionales concentradas en todos los \u00e1mbitos de la vida marcan las reglas del juego\u201d.<\/span><\/p>\n<p><span style=\"font-weight: 400;\">Tras estas intervenciones, Daniel Allende, Secretario General de ATE Cruz del Eje y trabajador del INTA, coment\u00f3 dos experiencias: la de la Feria Franca de Jachal y la de la venta de bolsones de verduras en Cruz del Eje a trav\u00e9s de distintos sindicatos. Allende expres\u00f3 que \u201cpensamos en cadenas cortas porque creemos en acortar los sistemas de producci\u00f3n y consumo para que seamos las trabajadoras y trabajadores con nuestras organizaciones quienes nos hagamos cargo de organizar y decidir lo que comemos\u201d. El trabajador del INTA advirti\u00f3 que esto hoy no sucede as\u00ed: \u201cen la actualidad no comemos lo que decidimos, sino lo que el mercado decide poniendo en el s\u00faper\u201d. Es por eso que desde ATE Cruz del Eje se trabaja sobre la \u201cSoberan\u00eda Alimentaria, participando y propiciando\u00a0 espacios de encuentro directo entre productores y consumidores. Y nuestra visi\u00f3n es que ese trabajo debe contar cada vez con m\u00e1s acompa\u00f1amiento y asesoramiento de las trabajadoras y trabajadores del Estado, con pol\u00edticas p\u00fablicas activas\u201d.<\/span><\/p>\n<div id='gallery_1' class='gallery galleryid-20514 gallery-columns-4 gallery-size-thumbnail'><figure class='gallery-item'>\n                <div class='gallery-icon landscape'>\n                    <a href='https:\/\/atecordoba.org\/wp-content\/uploads\/2020\/07\/30-06-2020-Soberania-Alimentaria-y-cadenas-cortas-de-comercializaci\u00f3n-x.jpg'><img loading=\"lazy\" decoding=\"async\" width=\"150\" height=\"150\" src=\"\" class=\"attachment-thumbnail size-thumbnail lazyload\" alt=\"\" data-src=\"https:\/\/atecordoba.org\/wp-content\/uploads\/2020\/07\/30-06-2020-Soberania-Alimentaria-y-cadenas-cortas-de-comercializaci\u00f3n-x-150x150.jpg\" data-sizes=\"auto\" data-srcset=\"https:\/\/atecordoba.org\/wp-content\/uploads\/2020\/07\/30-06-2020-Soberania-Alimentaria-y-cadenas-cortas-de-comercializaci\u00f3n-x-150x150.jpg 150w, https:\/\/atecordoba.org\/wp-content\/uploads\/2020\/07\/30-06-2020-Soberania-Alimentaria-y-cadenas-cortas-de-comercializaci\u00f3n-x-560x560.jpg 560w, https:\/\/atecordoba.org\/wp-content\/uploads\/2020\/07\/30-06-2020-Soberania-Alimentaria-y-cadenas-cortas-de-comercializaci\u00f3n-x-75x75.jpg 75w\" data-expand=\"700\" \/><\/a>\n                <\/div><\/figure><figure class='gallery-item'>\n                <div class='gallery-icon landscape'>\n                    <a href='https:\/\/atecordoba.org\/wp-content\/uploads\/2020\/07\/30-06-2020-Cruz-del-eje-Soberania-Alimentaria-2.png'><img loading=\"lazy\" decoding=\"async\" width=\"150\" height=\"150\" src=\"\" class=\"attachment-thumbnail size-thumbnail lazyload\" alt=\"\" data-src=\"https:\/\/atecordoba.org\/wp-content\/uploads\/2020\/07\/30-06-2020-Cruz-del-eje-Soberania-Alimentaria-2-150x150.png\" data-sizes=\"auto\" data-srcset=\"https:\/\/atecordoba.org\/wp-content\/uploads\/2020\/07\/30-06-2020-Cruz-del-eje-Soberania-Alimentaria-2-150x150.png 150w, https:\/\/atecordoba.org\/wp-content\/uploads\/2020\/07\/30-06-2020-Cruz-del-eje-Soberania-Alimentaria-2-75x75.png 75w\" data-expand=\"700\" \/><\/a>\n                <\/div><\/figure><figure class='gallery-item'>\n                <div class='gallery-icon landscape'>\n                    <a href='https:\/\/atecordoba.org\/wp-content\/uploads\/2020\/07\/30-06-2020-Cruz-del-eje-Soberania-Alimentaria-3.png'><img loading=\"lazy\" decoding=\"async\" width=\"150\" height=\"150\" src=\"\" class=\"attachment-thumbnail size-thumbnail lazyload\" alt=\"\" data-src=\"https:\/\/atecordoba.org\/wp-content\/uploads\/2020\/07\/30-06-2020-Cruz-del-eje-Soberania-Alimentaria-3-150x150.png\" data-sizes=\"auto\" data-srcset=\"https:\/\/atecordoba.org\/wp-content\/uploads\/2020\/07\/30-06-2020-Cruz-del-eje-Soberania-Alimentaria-3-150x150.png 150w, https:\/\/atecordoba.org\/wp-content\/uploads\/2020\/07\/30-06-2020-Cruz-del-eje-Soberania-Alimentaria-3-75x75.png 75w\" data-expand=\"700\" \/><\/a>\n                <\/div><\/figure><figure class='gallery-item'>\n                <div class='gallery-icon landscape'>\n                    <a href='https:\/\/atecordoba.org\/wp-content\/uploads\/2020\/07\/30-06-2020-Cruz-del-eje-Soberania-Alimentaria.png'><img loading=\"lazy\" decoding=\"async\" width=\"150\" height=\"150\" src=\"\" class=\"attachment-thumbnail size-thumbnail lazyload\" alt=\"\" data-src=\"https:\/\/atecordoba.org\/wp-content\/uploads\/2020\/07\/30-06-2020-Cruz-del-eje-Soberania-Alimentaria-150x150.png\" data-sizes=\"auto\" data-srcset=\"https:\/\/atecordoba.org\/wp-content\/uploads\/2020\/07\/30-06-2020-Cruz-del-eje-Soberania-Alimentaria-150x150.png 150w, https:\/\/atecordoba.org\/wp-content\/uploads\/2020\/07\/30-06-2020-Cruz-del-eje-Soberania-Alimentaria-75x75.png 75w\" data-expand=\"700\" \/><\/a>\n                <\/div><\/figure><br style=\"clear: both\" \/>\n            <\/div>\n\n<p><span style=\"font-weight: 400;\">Alejandra Agnone, trabajadora del Senasa y miembro de la conducci\u00f3n provincial de ATE remarc\u00f3 que el organismo en el que trabaja otorga \u201cel status alimentario que es el marco jur\u00eddico de requisitos que garantizan que los alimentos sean inocuos y de calidad\u201d. Sin embargo, remarc\u00f3 que las trabajadoras y trabajadores \u201cdebemos abogar a la soberan\u00eda ya que comer es un acto pol\u00edtico: decidir qu\u00e9 comemos, cu\u00e1ndo, d\u00f3nde, c\u00f3mo producimos. Cuando hablamos de alimentos estamos hablando de relaciones de poder. Y las reglas que muchas veces certificamos tienen que ver con ese poder\u201d. Agnone advirti\u00f3 que \u201cel modelo hegem\u00f3nico de producci\u00f3n en nuestro territorio es el agronegocio que tiene herramientas poderos\u00edsimas de publicidad, marketing: ellos son los due\u00f1os de la semilla, los que concentran la tierra, los mismos que elaboran los agroqu\u00edmicos a nivel global y nos venden sus bondades por televisi\u00f3n y, muchas veces, con cierta ciencia a su servicio. Necesitamos que ese poder vuelva al Pueblo. Necesitamos salir del agronegocio e ir a la agroecolog\u00eda, con participaci\u00f3n de todas las organizaciones sociales en el dise\u00f1o de las pol\u00edticas de alimentaci\u00f3n, en un mundo m\u00e1s justo\u201d, enfatiz\u00f3 Agnone.<\/span><\/p>\n<p><span style=\"font-weight: 400;\">Quien cerr\u00f3 la lista de expositores fue Mercedes Gonz\u00e1lez, de la Mutual Carlos Mugica de C\u00f3rdoba Capital. \u201cTrabajamos en C\u00f3rdoba hace 30 a\u00f1os en las barriadas populares, organiz\u00e1ndonos en torno a las necesidades de h\u00e1bitat, vivienda, consumo de alimentos\u201d, relat\u00f3 Gonz\u00e1lez. En este \u00faltimo punto, la referenta del espacio de la econom\u00eda social y solidaria inform\u00f3 que \u201csomos 150 familias que accedemos a un grupo de 50 productores. Cada una de esas familias arma su pedido y desde la mutual organizamos la logistica, los pagos, etc, con la intenci\u00f3n de ser un nexo y un espacio de organizaci\u00f3n de quienes trabajan produciendo alimentos y de quienes trabajan en otras cosas y requieren esos alimentos\u201d. Gonz\u00e1lez llam\u00f3 la atenci\u00f3n sobre las normativas del Estado en cuanto a \u201clas habilitaciones para circular y otras cuestiones burocr\u00e1ticas que hacen dificultoso el desarrollo muchas veces de estas experiencias, convirti\u00e9ndose en trabas\u201d. Y, tambi\u00e9n, remarc\u00f3 que \u201clas grandes corporaciones alimenticias han colonizado nuestras pr\u00e1cticas alimenticias y ah\u00ed hay un desaf\u00edo en torno al consumo responsable, al comercio justo, a las alianzas necesarias para consolidar este otro modelo de pa\u00eds con otra forma de trabajar, consumir, producir\u201d.<\/span><\/p>\n<div class=\"fb-page\" data-href=\"https:\/\/www.facebook.com\/pg\/MutualCarlosMugica\" data-tabs=\"timeline\" data-width=\"400\" data-height=\"400\" data-small-header=\"false\" data-adapt-container-width=\"true\" data-hide-cover=\"false\" data-show-facepile=\"true\">\n<blockquote class=\"fb-xfbml-parse-ignore\" cite=\"https:\/\/www.facebook.com\/pg\/MutualCarlosMugica\">\n<p style=\"text-align: center;\"><a href=\"https:\/\/www.facebook.com\/pg\/MutualCarlosMugica\">Mutual Carlos Mugica<\/a><\/p>\n<\/blockquote>\n<\/div>\n<p>&nbsp;<\/p>\n<p><span style=\"font-weight: 400;\">Para cerrar la instancia, Carlos Rang sintetiz\u00f3 que \u201cla Soberan\u00eda debemos pensarla y organizarla en todos los \u00e1mbitos. Eso es trabajo en la construcci\u00f3n de poder y tenemos una gran responsabilidad. Si no cambiamos las relaciones sociales, este modelo productivo en su conjunto, con luchas parciales no nos alcanza. Debemos reunirlas todas porque el problema de raiz es el modelo social que nos rige\u201d, remarc\u00f3 Rang y enfatiz\u00f3: \u201cEl poder de decisi\u00f3n no se mendiga, no se delega, se construye y se ejerce\u201d.<\/span><code><\/code><\/p>\n<p>&nbsp;<\/p>\n<p>&nbsp;<\/p>\n<p>&nbsp;<\/p>\n","protected":false},"excerpt":{"rendered":"<p>El encuentro fue convocado por el Consejo Directivo Provincial (CDP) de ATE C\u00f3rdoba bajo el t\u00edtulo de &#8220;Sistemas productivos y cadenas cortas de comercializaci\u00f3n para la Soberan\u00eda Alimentaria&#8221;. El objetivo, seg\u00fan expresaron desde la organizaci\u00f3n, fue &#8220;debatir acerca del rol de nuestras organizaciones en la construcci\u00f3n de un sistema soberano de relaciones en lo que [&hellip;]<\/p>\n","protected":false},"author":3,"featured_media":20523,"comment_status":"open","ping_status":"open","sticky":false,"template":"","format":"standard","meta":{"_exactmetrics_skip_tracking":false,"_exactmetrics_sitenote_active":false,"_exactmetrics_sitenote_note":"","_exactmetrics_sitenote_category":0,"jnews-multi-image_gallery":[],"jnews_single_post":{"source_name":"","source_url":"","via_name":"","via_url":"","override_template":"0","override":[{"template":"1","single_blog_custom":"","parallax":"1","fullscreen":"0","layout":"right-sidebar","sidebar":"default-sidebar","second_sidebar":"default-sidebar","sticky_sidebar":"1","share_position":"top","share_float_style":"share-monocrhome","show_share_counter":"1","show_view_counter":"1","show_featured":"1","show_post_meta":"1","show_post_author":"1","show_post_author_image":"1","show_post_date":"1","post_date_format":"default","post_date_format_custom":"Y\/m\/d","show_post_category":"1","show_post_reading_time":"0","post_reading_time_wpm":"300","show_zoom_button":"0","zoom_button_out_step":"2","zoom_button_in_step":"3","show_post_tag":"1","show_prev_next_post":"1","show_popup_post":"1","number_popup_post":"1","show_author_box":"0","show_post_related":"0","show_inline_post_related":"0"}],"override_image_size":"0","image_override":[{"single_post_thumbnail_size":"crop-500","single_post_gallery_size":"crop-500"}],"trending_post":"0","trending_post_position":"meta","trending_post_label":"Trending","sponsored_post":"0","sponsored_post_label":"Sponsored by","sponsored_post_name":"","sponsored_post_url":"","sponsored_post_logo_enable":"0","sponsored_post_logo":"","sponsored_post_desc":""},"jnews_primary_category":{"id":""},"jnews_social_meta":[],"jnews_review":[],"enable_review":"0","type":"percentage","name":"","summary":"","brand":"","sku":"","good":[{"good_text":""}],"bad":[{"bad_text":""}],"score_override":"","override_value":"","rating":[{"rating_text":"","rating_number":"10"}],"price":[{"shop":"","price":"","link":"","icon":""}],"jnews_override_counter":{"override_view_counter":"0","view_counter_number":"0","override_share_counter":"0","share_counter_number":"0","override_like_counter":"0","like_counter_number":"0","override_dislike_counter":"0","dislike_counter_number":"0"},"jnews_post_split":{"enable_post_split":"0","post_split":[{"template":"1","tag":"h2","numbering":"asc","mode":"normal"}]},"footnotes":""},"categories":[341,150,34],"tags":[349,351],"class_list":["post-20514","post","type-post","status-publish","format-standard","has-post-thumbnail","hentry","category-cdp","category-cruz-del-eje","category-seccionales","tag-agricultura-familiar","tag-soberania-alimentaria"],"jetpack_featured_media_url":"https:\/\/atecordoba.org\/wp-content\/uploads\/2020\/07\/Flyer-soberania-alimentaria-charla.jpeg","_links":{"self":[{"href":"https:\/\/atecordoba.org\/index.php?rest_route=\/wp\/v2\/posts\/20514","targetHints":{"allow":["GET"]}}],"collection":[{"href":"https:\/\/atecordoba.org\/index.php?rest_route=\/wp\/v2\/posts"}],"about":[{"href":"https:\/\/atecordoba.org\/index.php?rest_route=\/wp\/v2\/types\/post"}],"author":[{"embeddable":true,"href":"https:\/\/atecordoba.org\/index.php?rest_route=\/wp\/v2\/users\/3"}],"replies":[{"embeddable":true,"href":"https:\/\/atecordoba.org\/index.php?rest_route=%2Fwp%2Fv2%2Fcomments&post=20514"}],"version-history":[{"count":21,"href":"https:\/\/atecordoba.org\/index.php?rest_route=\/wp\/v2\/posts\/20514\/revisions"}],"predecessor-version":[{"id":20542,"href":"https:\/\/atecordoba.org\/index.php?rest_route=\/wp\/v2\/posts\/20514\/revisions\/20542"}],"wp:featuredmedia":[{"embeddable":true,"href":"https:\/\/atecordoba.org\/index.php?rest_route=\/wp\/v2\/media\/20523"}],"wp:attachment":[{"href":"https:\/\/atecordoba.org\/index.php?rest_route=%2Fwp%2Fv2%2Fmedia&parent=20514"}],"wp:term":[{"taxonomy":"category","embeddable":true,"href":"https:\/\/atecordoba.org\/index.php?rest_route=%2Fwp%2Fv2%2Fcategories&post=20514"},{"taxonomy":"post_tag","embeddable":true,"href":"https:\/\/atecordoba.org\/index.php?rest_route=%2Fwp%2Fv2%2Ftags&post=20514"}],"curies":[{"name":"wp","href":"https:\/\/api.w.org\/{rel}","templated":true}]}}