{"id":20506,"date":"2020-06-30T15:24:29","date_gmt":"2020-06-30T18:24:29","guid":{"rendered":"http:\/\/atecordoba.org\/?p=20506"},"modified":"2020-06-30T16:17:25","modified_gmt":"2020-06-30T19:17:25","slug":"personal-civil-giuliani-se-reunio-con-el-jefe-de-la-base-aerea-la-higueras","status":"publish","type":"post","link":"https:\/\/atecordoba.org\/?p=20506","title":{"rendered":"Personal Civil: Giuliani se reuni\u00f3 con el jefe de la base a\u00e9rea Las Higueras"},"content":{"rendered":"<figure id=\"attachment_20507\" aria-describedby=\"caption-attachment-20507\" style=\"width: 600px\" class=\"wp-caption aligncenter\"><img loading=\"lazy\" decoding=\"async\" class=\"wp-image-20507\" src=\"http:\/\/atecordoba.org\/wp-content\/uploads\/2020\/06\/higueras-300x225.jpeg\" alt=\"\" width=\"600\" height=\"450\" srcset=\"https:\/\/atecordoba.org\/wp-content\/uploads\/2020\/06\/higueras-300x225.jpeg 300w, https:\/\/atecordoba.org\/wp-content\/uploads\/2020\/06\/higueras.jpeg 552w\" sizes=\"auto, (max-width: 600px) 100vw, 600px\" \/><figcaption id=\"caption-attachment-20507\" class=\"wp-caption-text\">La reuni\u00f3n se realiz\u00f3 respetando las medidas preventivas.<\/figcaption><\/figure>\n<p>Hoy por la ma\u00f1ana el secretario General del Consejo Directivo Provincial, Federico Giuliani, mantuvo una audiencia con el comodoro Guillermo Stahl, jefe de la Base A\u00e9rea de Las Higueras.<\/p>\n<p>En la oportunidad estuvieron presentes la secretaria General de la seccional R\u00edo Cuarto, Rafaela Alcoba, y el secretario Gremial, Pablo Irusta, junto a delegados del Personal Civil del \u00c1rea Material.<\/p>\n<p>ATE plante\u00f3 la realidad del sector y acord\u00f3 la elaboraci\u00f3n de un \u2018protocolo conjunto\u2019 para organizar la vuelta a las actividades plenas de las y los trabajadores del organismo.<\/p>\n<p>De esta forma, la conducci\u00f3n provincial de ATE suma presencia en los lugares de trabajo, articulando con las seccionales, as\u00ed como con las y los delegados de cada sector la vuelta a las actividades una vez superada la pandemia.<\/p>\n","protected":false},"excerpt":{"rendered":"<p>Hoy por la ma\u00f1ana el secretario General del Consejo Directivo Provincial, Federico Giuliani, mantuvo una audiencia con el comodoro Guillermo Stahl, jefe de la Base A\u00e9rea de Las Higueras. En la oportunidad estuvieron presentes la secretaria General de la seccional R\u00edo Cuarto, Rafaela Alcoba, y el secretario Gremial, Pablo Irusta, junto a delegados del Personal [&hellip;]<\/p>\n","protected":false},"author":3,"featured_media":20507,"comment_status":"open","ping_status":"open","sticky":true,"template":"","format":"standard","meta":{"_exactmetrics_skip_tracking":false,"_exactmetrics_sitenote_active":false,"_exactmetrics_sitenote_note":"","_exactmetrics_sitenote_category":0,"jnews-multi-image_gallery":[],"jnews_single_post":{"subtitle":"","format":"standard","video":"","gallery":"","source_name":"","source_url":"","via_name":"","via_url":"","override_template":"0","override":[{"template":"1","single_blog_custom":"","parallax":"1","fullscreen":"0","layout":"right-sidebar","sidebar":"default-sidebar","second_sidebar":"default-sidebar","sticky_sidebar":"1","share_position":"top","share_float_style":"share-monocrhome","show_share_counter":"1","show_view_counter":"1","show_featured":"1","show_post_meta":"1","show_post_author":"1","show_post_author_image":"1","show_post_date":"1","post_date_format":"default","post_date_format_custom":"Y\/m\/d","show_post_category":"1","show_post_reading_time":"0","post_reading_time_wpm":"300","show_zoom_button":"0","zoom_button_out_step":"2","zoom_button_in_step":"3","show_post_tag":"1","show_prev_next_post":"1","show_popup_post":"1","number_popup_post":"1","show_author_box":"0","show_post_related":"0","show_inline_post_related":"0"}],"override_image_size":"0","image_override":[{"single_post_thumbnail_size":"crop-500","single_post_gallery_size":"crop-500"}],"trending_post":"0","trending_post_position":"meta","trending_post_label":"Trending","sponsored_post":"0","sponsored_post_label":"Sponsored by","sponsored_post_name":"","sponsored_post_url":"","sponsored_post_logo_enable":"0","sponsored_post_logo":"","sponsored_post_desc":""},"jnews_primary_category":{"id":""},"jnews_social_meta":[],"jnews_review":[],"enable_review":"0","type":"percentage","name":"","summary":"","brand":"","sku":"","good":[{"good_text":""}],"bad":[{"bad_text":""}],"score_override":"","override_value":"","rating":[{"rating_text":"","rating_number":"10"}],"price":[{"shop":"","price":"","link":"","icon":""}],"jnews_override_counter":{"override_view_counter":"0","view_counter_number":"0","override_share_counter":"0","share_counter_number":"0","override_like_counter":"0","like_counter_number":"0","override_dislike_counter":"0","dislike_counter_number":"0"},"jnews_post_split":{"enable_post_split":"0","post_split":[{"template":"1","tag":"h2","numbering":"asc","mode":"normal"}]},"footnotes":""},"categories":[18,9],"tags":[393,395,391,394,392],"class_list":["post-20506","post","type-post","status-publish","format-standard","has-post-thumbnail","hentry","category-nacionales","category-trabajadores-civiles-ff-aa","tag-area-material-rio-cuarto","tag-ate-cordoba","tag-cuarentena","tag-giulini","tag-personal-civil-ff-aa"],"jetpack_featured_media_url":"https:\/\/atecordoba.org\/wp-content\/uploads\/2020\/06\/higueras.jpeg","_links":{"self":[{"href":"https:\/\/atecordoba.org\/index.php?rest_route=\/wp\/v2\/posts\/20506","targetHints":{"allow":["GET"]}}],"collection":[{"href":"https:\/\/atecordoba.org\/index.php?rest_route=\/wp\/v2\/posts"}],"about":[{"href":"https:\/\/atecordoba.org\/index.php?rest_route=\/wp\/v2\/types\/post"}],"author":[{"embeddable":true,"href":"https:\/\/atecordoba.org\/index.php?rest_route=\/wp\/v2\/users\/3"}],"replies":[{"embeddable":true,"href":"https:\/\/atecordoba.org\/index.php?rest_route=%2Fwp%2Fv2%2Fcomments&post=20506"}],"version-history":[{"count":2,"href":"https:\/\/atecordoba.org\/index.php?rest_route=\/wp\/v2\/posts\/20506\/revisions"}],"predecessor-version":[{"id":20509,"href":"https:\/\/atecordoba.org\/index.php?rest_route=\/wp\/v2\/posts\/20506\/revisions\/20509"}],"wp:featuredmedia":[{"embeddable":true,"href":"https:\/\/atecordoba.org\/index.php?rest_route=\/wp\/v2\/media\/20507"}],"wp:attachment":[{"href":"https:\/\/atecordoba.org\/index.php?rest_route=%2Fwp%2Fv2%2Fmedia&parent=20506"}],"wp:term":[{"taxonomy":"category","embeddable":true,"href":"https:\/\/atecordoba.org\/index.php?rest_route=%2Fwp%2Fv2%2Fcategories&post=20506"},{"taxonomy":"post_tag","embeddable":true,"href":"https:\/\/atecordoba.org\/index.php?rest_route=%2Fwp%2Fv2%2Ftags&post=20506"}],"curies":[{"name":"wp","href":"https:\/\/api.w.org\/{rel}","templated":true}]}}