{"id":20498,"date":"2020-06-30T11:12:31","date_gmt":"2020-06-30T14:12:31","guid":{"rendered":"http:\/\/atecordoba.org\/?p=20498"},"modified":"2020-06-30T11:12:31","modified_gmt":"2020-06-30T14:12:31","slug":"8-de-julio-plenario-de-sectores-nacionales-resolvio-realizar-una-jornada-de-lucha-provincial","status":"publish","type":"post","link":"https:\/\/atecordoba.org\/?p=20498","title":{"rendered":"8 de julio: plenario de sectores nacionales resolvi\u00f3 realizar una jornada de lucha provincial"},"content":{"rendered":"<p><img loading=\"lazy\" decoding=\"async\" class=\" wp-image-20499 aligncenter\" src=\"http:\/\/atecordoba.org\/wp-content\/uploads\/2020\/06\/IMG-20200629-WA0160-300x169.jpg\" alt=\"\" width=\"733\" height=\"413\" srcset=\"https:\/\/atecordoba.org\/wp-content\/uploads\/2020\/06\/IMG-20200629-WA0160-300x169.jpg 300w, https:\/\/atecordoba.org\/wp-content\/uploads\/2020\/06\/IMG-20200629-WA0160-1024x575.jpg 1024w, https:\/\/atecordoba.org\/wp-content\/uploads\/2020\/06\/IMG-20200629-WA0160-1140x640.jpg 1140w, https:\/\/atecordoba.org\/wp-content\/uploads\/2020\/06\/IMG-20200629-WA0160.jpg 1280w\" sizes=\"auto, (max-width: 733px) 100vw, 733px\" \/>En un plenario virtual realizado ayer con la participaci\u00f3n de delegadas y delegados de sectores nacionales de diversos puntos de la provincia, se resolvi\u00f3 llevar a cabo una Jornada de Lucha Provincial el pr\u00f3ximo 8 de julio.<\/p>\n<p>El encuentro estuvo encabezado por el secretario General del Consejo Directivo Provincial (CDP), Federico Giuliani, y cont\u00f3 con la presencia de sectores como ANAC, SENASA, Personal Civil de las FFAA de Rio 4\u00ba, C\u00f3rdoba y Jes\u00fas Mar\u00eda, F\u00e1brica Militar R\u00edo 3\u00ba, INTI, SAF, No Docentes de la UNC y UNRC, PAMI, ANSES, Ministerio de Trabajo de Naci\u00f3n, Agencia Nacional de Discapacidad, Ministerio de Desarrollo Social de la Naci\u00f3n, IOSFA, SENAF,\u00a0\u00c1rea Material R\u00edo 4\u00ba y Docentes de las Fuerzas Armadas.<\/p>\n<p>Al finalizar el debate, el plenario fundament\u00f3 la medida de fuerza \u201cen defensa de nuestras conquistas y nuestras luchas, este 8 de julio en el marco de una fecha hist\u00f3rica como es el festejo de la Independencia Nacional, como pueblo decimos: no al ajuste sobre quienes somos garantes de derechos, esta crisis no la vamos a pagar las trabajadoras ni los trabajadores, vamos a fondo por un impuesto a las grandes riquezas\u201d.<\/p>\n<p><img loading=\"lazy\" decoding=\"async\" class=\" wp-image-20502 aligncenter\" src=\"http:\/\/atecordoba.org\/wp-content\/uploads\/2020\/06\/IMG-20200629-WA0165-300x169.jpg\" alt=\"\" width=\"601\" height=\"339\" srcset=\"https:\/\/atecordoba.org\/wp-content\/uploads\/2020\/06\/IMG-20200629-WA0165-300x169.jpg 300w, https:\/\/atecordoba.org\/wp-content\/uploads\/2020\/06\/IMG-20200629-WA0165.jpg 1280w\" sizes=\"auto, (max-width: 601px) 100vw, 601px\" \/><\/p>\n<p>En consecuencia las y los trabajadores estatales realizar\u00e1n una Caravana en la Capital Provincial, con un apag\u00f3n virtual del trabajo remoto, paro y cese de actividades en donde se desarrolle trabajo esencial de manera presencial y acciones en el territorio cordob\u00e9s.<\/p>\n<p>La medida de fuerza se llevar\u00e1 a cabo en reclamo de:<\/p>\n<ul>\n<li>Bono de $5000 para las y los trabajadores esenciales del Estado Nacional<\/li>\n<li>Urgente Reapertura de Paritarias Nacionales<\/li>\n<li>Recomposici\u00f3n salarial YA. Ning\u00fan Trabajador ni Trabajadora del Estado bajo la l\u00ednea de pobreza<\/li>\n<li>Estabilidad Laboral. Pase a planta permanente de los contratados y contratadas<\/li>\n<li>Rechazo al pago en cuotas del aguinaldo. De una sola vez, de manera completa, para todas y todos<\/li>\n<li>Discutir las condiciones de trabajo para la vuelta a los establecimientos laborales a trav\u00e9s de las comisiones CYMAT y Comit\u00e9s Mixtos.<\/li>\n<li>Rechazo al teletrabajo, este no lleg\u00f3 para quedarse. Es la puerta de la flexibilizaci\u00f3n laboral. No hay Estado presente con Trabajadores y Trabajadoras en sus casas.<\/li>\n<li>Reincorporaci\u00f3n urgente de las y los despedidos del Estado Nacional por Macri.<\/li>\n<li>Descongelamiento de las carreras. Asignaci\u00f3n de categor\u00edas y grados<\/li>\n<\/ul>\n<p>Adem\u00e1s, el plenario se expres\u00f3 en rechazo al ajuste previsional del gobernador Schiaretti.<\/p>\n<p>La Jornada Provincial de Lucha se realizar\u00e1 respetando las medidas de prevenci\u00f3n establecidas por las autoridades sanitarias, garantizando guardias m\u00ednimas en los servicios esenciales.<\/p>\n<p><img loading=\"lazy\" decoding=\"async\" class=\" wp-image-20501 aligncenter\" src=\"http:\/\/atecordoba.org\/wp-content\/uploads\/2020\/06\/IMG-20200629-WA0164-300x169.jpg\" alt=\"\" width=\"600\" height=\"338\" srcset=\"https:\/\/atecordoba.org\/wp-content\/uploads\/2020\/06\/IMG-20200629-WA0164-300x169.jpg 300w, https:\/\/atecordoba.org\/wp-content\/uploads\/2020\/06\/IMG-20200629-WA0164-1024x575.jpg 1024w, https:\/\/atecordoba.org\/wp-content\/uploads\/2020\/06\/IMG-20200629-WA0164-768x431.jpg 768w, https:\/\/atecordoba.org\/wp-content\/uploads\/2020\/06\/IMG-20200629-WA0164-750x421.jpg 750w, https:\/\/atecordoba.org\/wp-content\/uploads\/2020\/06\/IMG-20200629-WA0164-1140x640.jpg 1140w, https:\/\/atecordoba.org\/wp-content\/uploads\/2020\/06\/IMG-20200629-WA0164.jpg 1280w\" sizes=\"auto, (max-width: 600px) 100vw, 600px\" \/><\/p>\n","protected":false},"excerpt":{"rendered":"<p>En un plenario virtual realizado ayer con la participaci\u00f3n de delegadas y delegados de sectores nacionales de diversos puntos de la provincia, se resolvi\u00f3 llevar a cabo una Jornada de Lucha Provincial el pr\u00f3ximo 8 de julio. El encuentro estuvo encabezado por el secretario General del Consejo Directivo Provincial (CDP), Federico Giuliani, y cont\u00f3 con [&hellip;]<\/p>\n","protected":false},"author":3,"featured_media":20499,"comment_status":"open","ping_status":"open","sticky":false,"template":"","format":"standard","meta":{"_exactmetrics_skip_tracking":false,"_exactmetrics_sitenote_active":false,"_exactmetrics_sitenote_note":"","_exactmetrics_sitenote_category":0,"jnews-multi-image_gallery":[],"jnews_single_post":{"subtitle":"","format":"standard","video":"","gallery":"","source_name":"","source_url":"","via_name":"","via_url":"","override_template":"0","override":[{"template":"1","single_blog_custom":"","parallax":"1","fullscreen":"0","layout":"right-sidebar","sidebar":"default-sidebar","second_sidebar":"default-sidebar","sticky_sidebar":"1","share_position":"top","share_float_style":"share-monocrhome","show_share_counter":"1","show_view_counter":"1","show_featured":"1","show_post_meta":"1","show_post_author":"1","show_post_author_image":"1","show_post_date":"1","post_date_format":"default","post_date_format_custom":"Y\/m\/d","show_post_category":"1","show_post_reading_time":"0","post_reading_time_wpm":"300","show_zoom_button":"0","zoom_button_out_step":"2","zoom_button_in_step":"3","show_post_tag":"1","show_prev_next_post":"1","show_popup_post":"1","number_popup_post":"1","show_author_box":"0","show_post_related":"0","show_inline_post_related":"0"}],"override_image_size":"0","image_override":[{"single_post_thumbnail_size":"crop-500","single_post_gallery_size":"crop-500"}],"trending_post":"0","trending_post_position":"meta","trending_post_label":"Trending","sponsored_post":"0","sponsored_post_label":"Sponsored by","sponsored_post_name":"","sponsored_post_url":"","sponsored_post_logo_enable":"0","sponsored_post_logo":"","sponsored_post_desc":""},"jnews_primary_category":{"id":""},"jnews_social_meta":[],"jnews_review":[],"enable_review":"0","type":"percentage","name":"","summary":"","brand":"","sku":"","good":[{"good_text":""}],"bad":[{"bad_text":""}],"score_override":"","override_value":"","rating":[{"rating_text":"","rating_number":"10"}],"price":[{"shop":"","price":"","link":"","icon":""}],"jnews_override_counter":{"override_view_counter":"0","view_counter_number":"0","override_share_counter":"0","share_counter_number":"0","override_like_counter":"0","like_counter_number":"0","override_dislike_counter":"0","dislike_counter_number":"0"},"jnews_post_split":{"enable_post_split":"0","post_split":[{"template":"1","tag":"h2","numbering":"asc","mode":"normal"}]},"footnotes":""},"categories":[341,123],"tags":[385,389,390,337,384,386,383,388,387],"class_list":["post-20498","post","type-post","status-publish","format-standard","has-post-thumbnail","hentry","category-cdp","category-paro-provincial","tag-aumento-salarial","tag-carrera-administrativa","tag-condiciones-de-trabajo","tag-cymat","tag-jornada-provincial-de-lucha","tag-no-al-teletrabajo","tag-paritarias","tag-pase-a-planta-de-precarizados","tag-reincorporacion-despedidos-macrismo"],"jetpack_featured_media_url":"https:\/\/atecordoba.org\/wp-content\/uploads\/2020\/06\/IMG-20200629-WA0160.jpg","_links":{"self":[{"href":"https:\/\/atecordoba.org\/index.php?rest_route=\/wp\/v2\/posts\/20498","targetHints":{"allow":["GET"]}}],"collection":[{"href":"https:\/\/atecordoba.org\/index.php?rest_route=\/wp\/v2\/posts"}],"about":[{"href":"https:\/\/atecordoba.org\/index.php?rest_route=\/wp\/v2\/types\/post"}],"author":[{"embeddable":true,"href":"https:\/\/atecordoba.org\/index.php?rest_route=\/wp\/v2\/users\/3"}],"replies":[{"embeddable":true,"href":"https:\/\/atecordoba.org\/index.php?rest_route=%2Fwp%2Fv2%2Fcomments&post=20498"}],"version-history":[{"count":3,"href":"https:\/\/atecordoba.org\/index.php?rest_route=\/wp\/v2\/posts\/20498\/revisions"}],"predecessor-version":[{"id":20505,"href":"https:\/\/atecordoba.org\/index.php?rest_route=\/wp\/v2\/posts\/20498\/revisions\/20505"}],"wp:featuredmedia":[{"embeddable":true,"href":"https:\/\/atecordoba.org\/index.php?rest_route=\/wp\/v2\/media\/20499"}],"wp:attachment":[{"href":"https:\/\/atecordoba.org\/index.php?rest_route=%2Fwp%2Fv2%2Fmedia&parent=20498"}],"wp:term":[{"taxonomy":"category","embeddable":true,"href":"https:\/\/atecordoba.org\/index.php?rest_route=%2Fwp%2Fv2%2Fcategories&post=20498"},{"taxonomy":"post_tag","embeddable":true,"href":"https:\/\/atecordoba.org\/index.php?rest_route=%2Fwp%2Fv2%2Ftags&post=20498"}],"curies":[{"name":"wp","href":"https:\/\/api.w.org\/{rel}","templated":true}]}}