{"id":20482,"date":"2020-06-29T14:14:50","date_gmt":"2020-06-29T17:14:50","guid":{"rendered":"http:\/\/atecordoba.org\/?p=20482"},"modified":"2020-06-29T15:45:32","modified_gmt":"2020-06-29T18:45:32","slug":"repudio-a-la-atroz-represion-de-los-estatales-mendocinos","status":"publish","type":"post","link":"https:\/\/atecordoba.org\/?p=20482","title":{"rendered":"Repudio a la atroz represi\u00f3n a las y los estatales mendocinos"},"content":{"rendered":"<p><img loading=\"lazy\" decoding=\"async\" class=\"wp-image-20483 aligncenter\" src=\"http:\/\/atecordoba.org\/wp-content\/uploads\/2020\/06\/WhatsApp-Image-2020-06-29-at-13.58.07-300x200.jpeg\" alt=\"\" width=\"733\" height=\"489\" srcset=\"https:\/\/atecordoba.org\/wp-content\/uploads\/2020\/06\/WhatsApp-Image-2020-06-29-at-13.58.07-300x200.jpeg 300w, https:\/\/atecordoba.org\/wp-content\/uploads\/2020\/06\/WhatsApp-Image-2020-06-29-at-13.58.07-1024x682.jpeg 1024w, https:\/\/atecordoba.org\/wp-content\/uploads\/2020\/06\/WhatsApp-Image-2020-06-29-at-13.58.07-768x512.jpeg 768w, https:\/\/atecordoba.org\/wp-content\/uploads\/2020\/06\/WhatsApp-Image-2020-06-29-at-13.58.07-750x500.jpeg 750w, https:\/\/atecordoba.org\/wp-content\/uploads\/2020\/06\/WhatsApp-Image-2020-06-29-at-13.58.07-1140x760.jpeg 1140w, https:\/\/atecordoba.org\/wp-content\/uploads\/2020\/06\/WhatsApp-Image-2020-06-29-at-13.58.07.jpeg 1280w\" sizes=\"auto, (max-width: 733px) 100vw, 733px\" \/>El Concejo Directivo Provincial de ATE C\u00f3rdoba expresa su m\u00e1s en\u00e9rgico repudio a la brutal represi\u00f3n policial aplicada en la ciudad de Mendoza contra las y los trabajadores municipales, que se encuentran realizando retenci\u00f3n de servicios por un justo reclamo de un aumento salarial.<\/p>\n<p>En tal sentido, exigimos gobierno mendocino al detener las golpizas, el avasallamiento de los derechos b\u00e1sicos de las y los trabajadores y las imputaciones arbitrarias, todo con el objetivo de amedrentar a las y los compa\u00f1eros y a ATE como sindicato que lleva adelante el conflicto y da cobertura y protecci\u00f3n durante las medidas de fuerza.<\/p>\n<p>Tambi\u00e9n reclamamos que el Estado nacional intervenga para detener esta situaci\u00f3n y restablecer el estado de derecho.<\/p>\n<p>El conflicto en cuesti\u00f3n est\u00e1 relacionado con la necesidad de una urgente recomposici\u00f3n de sueldos en la municipalidad de la capital mendocina, con salarios b\u00e1sicos que arrancan desde 10 mil pesos, mientras las y los trabajadores cumplen tareas esenciales atendiendo la primera l\u00ednea de la atenci\u00f3n de servicios en pandemia. <img loading=\"lazy\" decoding=\"async\" class=\" wp-image-20491 alignright\" src=\"http:\/\/atecordoba.org\/wp-content\/uploads\/2020\/06\/ATE-mendoza-300x200.jpg\" alt=\"\" width=\"435\" height=\"290\" srcset=\"https:\/\/atecordoba.org\/wp-content\/uploads\/2020\/06\/ATE-mendoza-300x200.jpg 300w, https:\/\/atecordoba.org\/wp-content\/uploads\/2020\/06\/ATE-mendoza.jpg 750w\" sizes=\"auto, (max-width: 435px) 100vw, 435px\" \/><\/p>\n<p>El saldo hasta el momento es de 38 trabajadoras y trabajadores imputados y una gran cantidad contusos. Incluso algunas compa\u00f1eras debieron recibir injertos de la piel en las piernas despu\u00e9s de sufrir el impacto de bombas de gases lacrim\u00f3genos dentro de un predio municipal.<\/p>\n<p>&nbsp;<\/p>\n<p>La conducci\u00f3n de ATE Mendoza denunci\u00f3 tambi\u00e9n que &#8220;la polic\u00eda caza a los compa\u00f1eros: los arrodillan, le sacan los documentos, le rompen el celular y los imputan, como en la dictadura\u201d.<\/p>\n<p>Desde ATE C\u00f3rdoba nos solidarizamos con las y los compa\u00f1eros y entendemos que la \u00fanica forma de recuperar la paz social es parar con los atropellos y respetar el derechos establecidos en la Constituci\u00f3n y la normativa vigente.<\/p>\n<p>Para solidarizarse escribir a atemendoza@yahoo.com.ar<\/p>\n<p style=\"text-align: center;\">Federico Giuliani<\/p>\n<p style=\"text-align: center;\">Secretario General<\/p>\n<div id='gallery_1' class='gallery galleryid-20482 gallery-columns-3 gallery-size-thumbnail'><figure class='gallery-item'>\n                <div class='gallery-icon landscape'>\n                    <a href='https:\/\/atecordoba.org\/wp-content\/uploads\/2020\/06\/WhatsApp-Image-2020-06-29-at-13.58.09.jpeg'><img loading=\"lazy\" decoding=\"async\" width=\"150\" height=\"150\" src=\"\" class=\"attachment-thumbnail size-thumbnail lazyload\" alt=\"\" data-src=\"https:\/\/atecordoba.org\/wp-content\/uploads\/2020\/06\/WhatsApp-Image-2020-06-29-at-13.58.09-150x150.jpeg\" data-sizes=\"auto\" data-srcset=\"https:\/\/atecordoba.org\/wp-content\/uploads\/2020\/06\/WhatsApp-Image-2020-06-29-at-13.58.09-150x150.jpeg 150w, https:\/\/atecordoba.org\/wp-content\/uploads\/2020\/06\/WhatsApp-Image-2020-06-29-at-13.58.09-560x560.jpeg 560w, https:\/\/atecordoba.org\/wp-content\/uploads\/2020\/06\/WhatsApp-Image-2020-06-29-at-13.58.09-75x75.jpeg 75w\" data-expand=\"700\" \/><\/a>\n                <\/div><\/figure><figure class='gallery-item'>\n                <div class='gallery-icon landscape'>\n                    <a href='https:\/\/atecordoba.org\/wp-content\/uploads\/2020\/06\/WhatsApp-Image-2020-06-29-at-13.58.101.jpeg'><img loading=\"lazy\" decoding=\"async\" width=\"150\" height=\"150\" src=\"\" class=\"attachment-thumbnail size-thumbnail lazyload\" alt=\"\" data-src=\"https:\/\/atecordoba.org\/wp-content\/uploads\/2020\/06\/WhatsApp-Image-2020-06-29-at-13.58.101-150x150.jpeg\" data-sizes=\"auto\" data-srcset=\"https:\/\/atecordoba.org\/wp-content\/uploads\/2020\/06\/WhatsApp-Image-2020-06-29-at-13.58.101-150x150.jpeg 150w, https:\/\/atecordoba.org\/wp-content\/uploads\/2020\/06\/WhatsApp-Image-2020-06-29-at-13.58.101-560x560.jpeg 560w, https:\/\/atecordoba.org\/wp-content\/uploads\/2020\/06\/WhatsApp-Image-2020-06-29-at-13.58.101-75x75.jpeg 75w\" data-expand=\"700\" \/><\/a>\n                <\/div><\/figure><figure class='gallery-item'>\n                <div class='gallery-icon landscape'>\n                    <a href='https:\/\/atecordoba.org\/wp-content\/uploads\/2020\/06\/WhatsApp-Image-2020-06-29-at-13.58.10.jpeg'><img loading=\"lazy\" decoding=\"async\" width=\"150\" height=\"150\" src=\"\" class=\"attachment-thumbnail size-thumbnail lazyload\" alt=\"\" data-src=\"https:\/\/atecordoba.org\/wp-content\/uploads\/2020\/06\/WhatsApp-Image-2020-06-29-at-13.58.10-150x150.jpeg\" data-sizes=\"auto\" data-srcset=\"https:\/\/atecordoba.org\/wp-content\/uploads\/2020\/06\/WhatsApp-Image-2020-06-29-at-13.58.10-150x150.jpeg 150w, https:\/\/atecordoba.org\/wp-content\/uploads\/2020\/06\/WhatsApp-Image-2020-06-29-at-13.58.10-560x560.jpeg 560w, https:\/\/atecordoba.org\/wp-content\/uploads\/2020\/06\/WhatsApp-Image-2020-06-29-at-13.58.10-75x75.jpeg 75w\" data-expand=\"700\" \/><\/a>\n                <\/div><\/figure><br style=\"clear: both\" \/><figure class='gallery-item'>\n                <div class='gallery-icon landscape'>\n                    <a href='https:\/\/atecordoba.org\/wp-content\/uploads\/2020\/06\/WhatsApp-Image-2020-06-29-at-13.58.08.jpeg'><img loading=\"lazy\" decoding=\"async\" width=\"150\" height=\"150\" src=\"\" class=\"attachment-thumbnail size-thumbnail lazyload\" alt=\"\" data-src=\"https:\/\/atecordoba.org\/wp-content\/uploads\/2020\/06\/WhatsApp-Image-2020-06-29-at-13.58.08-150x150.jpeg\" data-sizes=\"auto\" data-srcset=\"https:\/\/atecordoba.org\/wp-content\/uploads\/2020\/06\/WhatsApp-Image-2020-06-29-at-13.58.08-150x150.jpeg 150w, https:\/\/atecordoba.org\/wp-content\/uploads\/2020\/06\/WhatsApp-Image-2020-06-29-at-13.58.08-560x560.jpeg 560w, https:\/\/atecordoba.org\/wp-content\/uploads\/2020\/06\/WhatsApp-Image-2020-06-29-at-13.58.08-75x75.jpeg 75w\" data-expand=\"700\" \/><\/a>\n                <\/div><\/figure><figure class='gallery-item'>\n                <div class='gallery-icon landscape'>\n                    <a href='https:\/\/atecordoba.org\/wp-content\/uploads\/2020\/06\/WhatsApp-Image-2020-06-29-at-13.58.091.jpeg'><img loading=\"lazy\" decoding=\"async\" width=\"150\" height=\"150\" src=\"\" class=\"attachment-thumbnail size-thumbnail lazyload\" alt=\"\" data-src=\"https:\/\/atecordoba.org\/wp-content\/uploads\/2020\/06\/WhatsApp-Image-2020-06-29-at-13.58.091-150x150.jpeg\" data-sizes=\"auto\" data-srcset=\"https:\/\/atecordoba.org\/wp-content\/uploads\/2020\/06\/WhatsApp-Image-2020-06-29-at-13.58.091-150x150.jpeg 150w, https:\/\/atecordoba.org\/wp-content\/uploads\/2020\/06\/WhatsApp-Image-2020-06-29-at-13.58.091-560x560.jpeg 560w, https:\/\/atecordoba.org\/wp-content\/uploads\/2020\/06\/WhatsApp-Image-2020-06-29-at-13.58.091-75x75.jpeg 75w\" data-expand=\"700\" \/><\/a>\n                <\/div><\/figure><figure class='gallery-item'>\n                <div class='gallery-icon landscape'>\n                    <a href='https:\/\/atecordoba.org\/wp-content\/uploads\/2020\/06\/WhatsApp-Image-2020-06-29-at-13.58.092.jpeg'><img loading=\"lazy\" decoding=\"async\" width=\"150\" height=\"150\" src=\"\" class=\"attachment-thumbnail size-thumbnail lazyload\" alt=\"\" data-src=\"https:\/\/atecordoba.org\/wp-content\/uploads\/2020\/06\/WhatsApp-Image-2020-06-29-at-13.58.092-150x150.jpeg\" data-sizes=\"auto\" data-srcset=\"https:\/\/atecordoba.org\/wp-content\/uploads\/2020\/06\/WhatsApp-Image-2020-06-29-at-13.58.092-150x150.jpeg 150w, https:\/\/atecordoba.org\/wp-content\/uploads\/2020\/06\/WhatsApp-Image-2020-06-29-at-13.58.092-560x560.jpeg 560w, https:\/\/atecordoba.org\/wp-content\/uploads\/2020\/06\/WhatsApp-Image-2020-06-29-at-13.58.092-75x75.jpeg 75w\" data-expand=\"700\" \/><\/a>\n                <\/div><\/figure><br style=\"clear: both\" \/>\n            <\/div>\n\n","protected":false},"excerpt":{"rendered":"<p>El Concejo Directivo Provincial de ATE C\u00f3rdoba expresa su m\u00e1s en\u00e9rgico repudio a la brutal represi\u00f3n policial aplicada en la ciudad de Mendoza contra las y los trabajadores municipales, que se encuentran realizando retenci\u00f3n de servicios por un justo reclamo de un aumento salarial. En tal sentido, exigimos gobierno mendocino al detener las golpizas, el [&hellip;]<\/p>\n","protected":false},"author":3,"featured_media":20490,"comment_status":"open","ping_status":"open","sticky":true,"template":"","format":"standard","meta":{"_exactmetrics_skip_tracking":false,"_exactmetrics_sitenote_active":false,"_exactmetrics_sitenote_note":"","_exactmetrics_sitenote_category":0,"jnews-multi-image_gallery":[],"jnews_single_post":{"subtitle":"","format":"standard","video":"","gallery":"","source_name":"","source_url":"","via_name":"","via_url":"","override_template":"0","override":[{"template":"1","single_blog_custom":"","parallax":"1","fullscreen":"0","layout":"right-sidebar","sidebar":"default-sidebar","second_sidebar":"default-sidebar","sticky_sidebar":"1","share_position":"top","share_float_style":"share-monocrhome","show_share_counter":"1","show_view_counter":"1","show_featured":"1","show_post_meta":"1","show_post_author":"1","show_post_author_image":"1","show_post_date":"1","post_date_format":"default","post_date_format_custom":"Y\/m\/d","show_post_category":"1","show_post_reading_time":"0","post_reading_time_wpm":"300","show_zoom_button":"0","zoom_button_out_step":"2","zoom_button_in_step":"3","show_post_tag":"1","show_prev_next_post":"1","show_popup_post":"1","number_popup_post":"1","show_author_box":"0","show_post_related":"0","show_inline_post_related":"0"}],"override_image_size":"0","image_override":[{"single_post_thumbnail_size":"crop-500","single_post_gallery_size":"crop-500"}],"trending_post":"0","trending_post_position":"meta","trending_post_label":"Trending","sponsored_post":"0","sponsored_post_label":"Sponsored by","sponsored_post_name":"","sponsored_post_url":"","sponsored_post_logo_enable":"0","sponsored_post_logo":"","sponsored_post_desc":""},"jnews_primary_category":{"id":""},"jnews_social_meta":[],"jnews_review":[],"enable_review":"0","type":"percentage","name":"","summary":"","brand":"","sku":"","good":[{"good_text":""}],"bad":[{"bad_text":""}],"score_override":"","override_value":"","rating":[{"rating_text":"","rating_number":"10"}],"price":[{"shop":"","price":"","link":"","icon":""}],"jnews_override_counter":{"override_view_counter":"0","view_counter_number":"0","override_share_counter":"0","share_counter_number":"0","override_like_counter":"0","like_counter_number":"0","override_dislike_counter":"0","dislike_counter_number":"0"},"jnews_post_split":{"enable_post_split":"0","post_split":[{"template":"1","tag":"h2","numbering":"asc","mode":"normal"}]},"footnotes":""},"categories":[10],"tags":[379,381,380,32,377,378,382],"class_list":["post-20482","post","type-post","status-publish","format-standard","has-post-thumbnail","hentry","category-accion-politica","tag-conflicto-gremial","tag-huelga","tag-mendoza","tag-paro","tag-represion","tag-represion-policial","tag-salarios-de-hambre"],"jetpack_featured_media_url":"https:\/\/atecordoba.org\/wp-content\/uploads\/2020\/06\/represion.jpg","_links":{"self":[{"href":"https:\/\/atecordoba.org\/index.php?rest_route=\/wp\/v2\/posts\/20482","targetHints":{"allow":["GET"]}}],"collection":[{"href":"https:\/\/atecordoba.org\/index.php?rest_route=\/wp\/v2\/posts"}],"about":[{"href":"https:\/\/atecordoba.org\/index.php?rest_route=\/wp\/v2\/types\/post"}],"author":[{"embeddable":true,"href":"https:\/\/atecordoba.org\/index.php?rest_route=\/wp\/v2\/users\/3"}],"replies":[{"embeddable":true,"href":"https:\/\/atecordoba.org\/index.php?rest_route=%2Fwp%2Fv2%2Fcomments&post=20482"}],"version-history":[{"count":5,"href":"https:\/\/atecordoba.org\/index.php?rest_route=\/wp\/v2\/posts\/20482\/revisions"}],"predecessor-version":[{"id":20496,"href":"https:\/\/atecordoba.org\/index.php?rest_route=\/wp\/v2\/posts\/20482\/revisions\/20496"}],"wp:featuredmedia":[{"embeddable":true,"href":"https:\/\/atecordoba.org\/index.php?rest_route=\/wp\/v2\/media\/20490"}],"wp:attachment":[{"href":"https:\/\/atecordoba.org\/index.php?rest_route=%2Fwp%2Fv2%2Fmedia&parent=20482"}],"wp:term":[{"taxonomy":"category","embeddable":true,"href":"https:\/\/atecordoba.org\/index.php?rest_route=%2Fwp%2Fv2%2Fcategories&post=20482"},{"taxonomy":"post_tag","embeddable":true,"href":"https:\/\/atecordoba.org\/index.php?rest_route=%2Fwp%2Fv2%2Ftags&post=20482"}],"curies":[{"name":"wp","href":"https:\/\/api.w.org\/{rel}","templated":true}]}}