{"id":20472,"date":"2020-06-26T12:03:39","date_gmt":"2020-06-26T15:03:39","guid":{"rendered":"http:\/\/atecordoba.org\/?p=20472"},"modified":"2022-01-17T12:30:45","modified_gmt":"2022-01-17T15:30:45","slug":"ate-cordoba-recurrira-a-los-tribunales-internacionales-contra-la-reforma-previsional-de-schiaretti","status":"publish","type":"post","link":"https:\/\/atecordoba.org\/?p=20472","title":{"rendered":"ATE C\u00f3rdoba recurrir\u00e1 a los tribunales internacionales contra la Reforma Previsional de Schiaretti"},"content":{"rendered":"<p>En una reuni\u00f3n encabezada por el Dr. Eugenio Biafore y el Dr. An\u00edbal Paz y de la que participaron los cuerpos jur\u00eddicos de las Seccionales de ATE C\u00f3rdoba y del Consejo Directivo Provincial \u2013con la Dra. Mar\u00eda Terragno a la cabeza-, las m\u00e1ximas representaciones de ATE C\u00f3rdoba \u2013entre quienes se encontraba su Secretario General, Federico Giuliani- discutieron acerca del progreso en la presentaci\u00f3n realizada ante el Tribunal Superior de Justicia de C\u00f3rdoba del pedido de inconstitucionalidad de la Ley 10.694 que reforma -y recorta- el r\u00e9gimen jubilatorio provincial. \u201cEl Ejecutivo tras la vuelta de la fase 4 a la 3, sin haber puesto en discusi\u00f3n ni alertado a los verdaderos representantes que son los sindicatos, resolvi\u00f3 en menos de dos horas un ajuste sobre la 10.694, lo cual afecta gravemente la calidad democr\u00e1tica de nuestro pa\u00eds, m\u00e1xime cuando por las situaciones extraordinarias de la pandemia el derecho a la protesta se encontraba retringido\u201d, expres\u00f3 Biafore.<\/p>\n<p><img loading=\"lazy\" decoding=\"async\" class=\"size-medium wp-image-20473 alignright\" src=\"http:\/\/atecordoba.org\/wp-content\/uploads\/2020\/06\/104495505_3125391687542153_3640223571794902868_n-300x168.jpg\" alt=\"\" width=\"300\" height=\"168\" srcset=\"https:\/\/atecordoba.org\/wp-content\/uploads\/2020\/06\/104495505_3125391687542153_3640223571794902868_n-300x168.jpg 300w, https:\/\/atecordoba.org\/wp-content\/uploads\/2020\/06\/104495505_3125391687542153_3640223571794902868_n-768x431.jpg 768w, https:\/\/atecordoba.org\/wp-content\/uploads\/2020\/06\/104495505_3125391687542153_3640223571794902868_n-750x421.jpg 750w, https:\/\/atecordoba.org\/wp-content\/uploads\/2020\/06\/104495505_3125391687542153_3640223571794902868_n.jpg 960w\" sizes=\"auto, (max-width: 300px) 100vw, 300px\" \/><\/p>\n<p><b>A Tribunales Internacionales<\/b><\/p>\n<p>Por otro lado, el letrado expres\u00f3 que \u201cArgentina se ha adherido a pactos internacionales: uno de ellos el de los Derechos Sociales y Civiles de 1968 que marca que los pa\u00edses miembros de dicho tratado deben mantener el piso y aumentar el techo de derechos. Es el principio de la progresividad, es decir no regresividad. En la Constituci\u00f3n de 1994 fue incluido este pacto es decir que tiene valor supremo en nuestro Pa\u00eds. Al aplicar un recorte, esta Ley contradice ese compromiso que la Argentina ha tenido frente al concierto de naciones\u201d, advirti\u00f3 Biafore.&nbsp; El principio de progresivididad se ve afectado ante una evidente reducci\u00f3n de haberes que se expresa de distintas formas:&nbsp; \u201clos aumentos le van a llegar a la jubilada\/o 60 d\u00edas luego de realizado el aumento a los activos\/as&nbsp; -qued\u00e1ndose la caja con los aportes de esos dos meses-\u201d; recortando el derecho de jubilarse plenamente con dos haberes jubilatorios, estableciendo una confiscaci\u00f3n a quienes sumen entre ambas jubilaciones m\u00e1s de $102.000 mensuales. Las confiscaciones ir\u00edan entre el 5% y el 20%, dependiendo el monto que se trate; recortando en esos porcentajes tambi\u00e9n las pensiones a quienes perciben una jubilaci\u00f3n y una pensi\u00f3n y suman m\u00e1s de $102.000. En este caso, al producirse los recortes sobre las pensiones, la situaci\u00f3n afecta especialmente a las mujeres. \u201cEste punto tiene un sesgo especial de g\u00e9nero este punto ya que afectar\u00e1 mucho m\u00e1s a la poblaci\u00f3n femenina ya que 8 de cada 10 personas -aproximadamente- sobre las que recaer\u00e1 el recorte de las pensiones ser\u00e1n mujeres\u201d, expres\u00f3 el Dr. An\u00edbal Paz.&nbsp; \u201cComo el recorte se har\u00e1 sobre las pensiones y al ser las jubilaciones de las mujeres m\u00e1s bajas en promedio (por las ocupaciones con menores ingresos), el impacto sobre la totalidad percibida ser\u00e1 a\u00fan mayor, agravando el problema much\u00edsimo, con un fuerte rasgo de g\u00e9nero\u201d, reafirm\u00f3 Paz. \u201cEste abuso del Estado contradice tambi\u00e9n preceptos fundamentales incluidos en la Convenci\u00f3n Interamericana sobre la Protecci\u00f3n de los Derechos Humanos de las Personas Mayores, a la cual nuestro pa\u00eds ha suscripto a partir de la Ley 27.360. Y lo hace esgrimiendo perversamente \u2013con fuerte sesgo neoliberal- el principio de \u201csolidaridad\u201d entre pasivos: este principio debe entenderse de manera intergeneracional, donde los activos sostienen a los pasivos, no como se esgrime en la reciente reforma provincial\u201d, expres\u00f3 Paz.<\/p>\n<p>Ante todas estas situaciones de flagrante violaci\u00f3n al principio de progresividad suscripto por nuestro pa\u00eds y con rango Constitucional desde 1994, el cuerpo de representaci\u00f3n provincial de ATE ha mandatado a sus cuerpos de abogados a dirigirse a la Corte Interamericana de Derechos Humanos por la flagrante violaci\u00f3n a los derechos humanos que el incumplimiento de los pactos internacionales que reconocen el principio de progresividad<\/p>\n<p><b>Otros aspectos regresivos<\/b><\/p>\n<p>Adem\u00e1s, los letrados cuestionaron que la base para el c\u00e1lculo de los haberes sea la de los \u00faltimos 10 a\u00f1os, no ya los \u00faltimos 4 como era hasta ahora: \u201cestos \u00faltimos a\u00f1os generalmente son los mejores en lo concerniente a ingresos, pensando en el&nbsp; mejoramiento de carrera administrativa, concurso, etc-, lo cual aplana y reduce el haber jubilatorio\u201d. De igual forma expresaron otros aspectos perjudiciales de la nueva Ley Jubilatoria de la Provincia de C\u00f3rdoba: es regresiva en casos de invalidez, llev\u00e1ndola del del 8 al 4%; elimina la bonificaci\u00f3n por exceso de servicio (sobrecumplir los a\u00f1os de servicio para jubilarse); modifica las bases imponibles m\u00e1ximas; reduce el tope de las jubilaciones -que est\u00e1 regido por una proporci\u00f3n del sueldo del Gobernador que ahora se ver\u00e1 reducida-; y todo ello se da en un contexto donde el Gobierno de C\u00f3rdoba pasa a no remunerativas sumas que eran remunerativas, donde reduce los aportes a la caja de los trabajadores activos, entre otros.<\/p>\n<p>Por otro lado, los letrados advirtieron que \u201ccon la reglamentaci\u00f3n de la Ley la autoridad ha introducido cambios ante los cuales hemos incorporado nuevos elementos al escrito que que hab\u00edamos enviado\u201d<\/p>\n<p>Por \u00faltimo, rescataron que \u201cel reconocimiento de ATE como litigante en esta acci\u00f3n es un antecedente importante para litigar las representaciones en municipalidades y dem\u00e1s estamentos del Estado, incluso provincial, donde se cuestione la legitimidad de ATE como parte\u201d.<\/p>\n<p>Por \u00faltimo, el Dr.Biafore hizo un an\u00e1lisis de tinte m\u00e1s \u201cpol\u00edtico\u201d: \u201cperm\u00edtaseme este comentario: hace a\u00f1os que la caja se financia de rentas generales, ya que con el dinero de los activos no alcanza. Entonces all\u00ed est\u00e1 la discusi\u00f3n pol\u00edtica acerca de por qu\u00e9 no se cobra entonces a otros sectores para financiarlo, si el sistema actualmente ya funciona de esa manera\u201d.<\/p>\n","protected":false},"excerpt":{"rendered":"<p>En una reuni\u00f3n encabezada por el Dr. Eugenio Biafore y el Dr. An\u00edbal Paz y de la que participaron los cuerpos jur\u00eddicos de las Seccionales de ATE C\u00f3rdoba y del Consejo Directivo Provincial \u2013con la Dra. Mar\u00eda Terragno a la cabeza-, las m\u00e1ximas representaciones de ATE C\u00f3rdoba \u2013entre quienes se encontraba su Secretario General, Federico [&hellip;]<\/p>\n","protected":false},"author":5,"featured_media":20473,"comment_status":"open","ping_status":"open","sticky":false,"template":"","format":"standard","meta":{"_exactmetrics_skip_tracking":false,"_exactmetrics_sitenote_active":false,"_exactmetrics_sitenote_note":"","_exactmetrics_sitenote_category":0,"jnews-multi-image_gallery":[],"jnews_single_post":{"subtitle":"Lo decidieron ayer la conducci\u00f3n provincial del sindicato \u2013junto a sus regionales y equipos t\u00e9cnicos jur\u00eddicos- tras m\u00e1s de dos horas de reuni\u00f3n. Alertaron, adem\u00e1s, sobre el grav\u00edsimo sesgo de g\u00e9nero de la Reforma Provincial que afecta en mayor medida a las mujeres pensionadas.","format":"standard","video":"","gallery":"","source_name":"","source_url":"","via_name":"","via_url":"","override":[{"template":"1","single_blog_custom":"","parallax":"1","layout":"right-sidebar","sidebar":"default-sidebar","second_sidebar":"default-sidebar","sticky_sidebar":"1","share_position":"top","share_float_style":"share-monocrhome","show_share_counter":"1","show_view_counter":"1","show_featured":"1","show_post_meta":"1","show_post_author":"1","show_post_author_image":"1","show_post_date":"1","post_date_format":"default","post_date_format_custom":"Y\/m\/d","show_post_category":"1","post_reading_time_wpm":"300","zoom_button_out_step":"2","zoom_button_in_step":"3","show_post_tag":"1","show_prev_next_post":"1","show_popup_post":"1","number_popup_post":"1"}],"image_override":[{"single_post_thumbnail_size":"crop-500","single_post_gallery_size":"crop-500"}],"trending_post_position":"meta","trending_post_label":"Trending","sponsored_post_label":"Sponsored by","sponsored_post_name":"","sponsored_post_url":"","sponsored_post_logo":"","sponsored_post_desc":""},"jnews_primary_category":{"id":""},"jnews_social_meta":{"fb_title":"","fb_description":"","fb_image":"","twitter_title":"","twitter_description":"","twitter_image":""},"jnews_review":[],"enable_review":"0","type":"percentage","name":"","summary":"","brand":"","sku":"","good":[{"good_text":""}],"bad":[{"bad_text":""}],"score_override":"","override_value":"","rating":[{"rating_text":"","rating_number":"10"}],"price":[{"shop":"","price":"","link":"","icon":""}],"jnews_override_counter":{"override_view_counter":"0","view_counter_number":"0","override_share_counter":"0","share_counter_number":"0","override_like_counter":"0","like_counter_number":"0","override_dislike_counter":"0","dislike_counter_number":"0"},"jnews_post_split":{"enable_post_split":"0","post_split":[{"template":"1","tag":"h2","numbering":"asc","mode":"normal"}]},"footnotes":""},"categories":[10,118,8],"tags":[373,376,374,375],"class_list":["post-20472","post","type-post","status-publish","format-standard","has-post-thumbnail","hentry","category-accion-politica","category-legales","category-provinciales","tag-biafore","tag-insconstitucionalidad","tag-reforma","tag-schiaretti"],"jetpack_featured_media_url":"https:\/\/atecordoba.org\/wp-content\/uploads\/2020\/06\/104495505_3125391687542153_3640223571794902868_n.jpg","_links":{"self":[{"href":"https:\/\/atecordoba.org\/index.php?rest_route=\/wp\/v2\/posts\/20472","targetHints":{"allow":["GET"]}}],"collection":[{"href":"https:\/\/atecordoba.org\/index.php?rest_route=\/wp\/v2\/posts"}],"about":[{"href":"https:\/\/atecordoba.org\/index.php?rest_route=\/wp\/v2\/types\/post"}],"author":[{"embeddable":true,"href":"https:\/\/atecordoba.org\/index.php?rest_route=\/wp\/v2\/users\/5"}],"replies":[{"embeddable":true,"href":"https:\/\/atecordoba.org\/index.php?rest_route=%2Fwp%2Fv2%2Fcomments&post=20472"}],"version-history":[{"count":2,"href":"https:\/\/atecordoba.org\/index.php?rest_route=\/wp\/v2\/posts\/20472\/revisions"}],"predecessor-version":[{"id":29673,"href":"https:\/\/atecordoba.org\/index.php?rest_route=\/wp\/v2\/posts\/20472\/revisions\/29673"}],"wp:featuredmedia":[{"embeddable":true,"href":"https:\/\/atecordoba.org\/index.php?rest_route=\/wp\/v2\/media\/20473"}],"wp:attachment":[{"href":"https:\/\/atecordoba.org\/index.php?rest_route=%2Fwp%2Fv2%2Fmedia&parent=20472"}],"wp:term":[{"taxonomy":"category","embeddable":true,"href":"https:\/\/atecordoba.org\/index.php?rest_route=%2Fwp%2Fv2%2Fcategories&post=20472"},{"taxonomy":"post_tag","embeddable":true,"href":"https:\/\/atecordoba.org\/index.php?rest_route=%2Fwp%2Fv2%2Ftags&post=20472"}],"curies":[{"name":"wp","href":"https:\/\/api.w.org\/{rel}","templated":true}]}}