{"id":20464,"date":"2020-06-25T14:13:30","date_gmt":"2020-06-25T17:13:30","guid":{"rendered":"http:\/\/atecordoba.org\/?p=20464"},"modified":"2020-06-25T14:13:30","modified_gmt":"2020-06-25T17:13:30","slug":"violencia-laboral-el-senado-ratifica-el-convenio-190-de-la-oit","status":"publish","type":"post","link":"https:\/\/atecordoba.org\/?p=20464","title":{"rendered":"Violencia laboral: el Senado ratifica el convenio 190 de la OIT"},"content":{"rendered":"<p><img loading=\"lazy\" decoding=\"async\" class=\"wp-image-20465 aligncenter\" src=\"http:\/\/atecordoba.org\/wp-content\/uploads\/2020\/06\/senado-300x225.jpg\" alt=\"\" width=\"740\" height=\"555\" srcset=\"https:\/\/atecordoba.org\/wp-content\/uploads\/2020\/06\/senado-300x225.jpg 300w, https:\/\/atecordoba.org\/wp-content\/uploads\/2020\/06\/senado-768x576.jpg 768w, https:\/\/atecordoba.org\/wp-content\/uploads\/2020\/06\/senado-750x563.jpg 750w, https:\/\/atecordoba.org\/wp-content\/uploads\/2020\/06\/senado.jpg 800w\" sizes=\"auto, (max-width: 740px) 100vw, 740px\" \/><\/p>\n<p>El Senado de la Naci\u00f3n aprob\u00f3 ayer el proyecto de ley que ratifica el Convenio 190 de la OIT sobre la violencia y el acoso en el mundo del trabajo, normativa que el organismo internacional hab\u00eda aprobado en junio del a\u00f1o pasado.<\/p>\n<figure id=\"attachment_20466\" aria-describedby=\"caption-attachment-20466\" style=\"width: 419px\" class=\"wp-caption alignright\"><img loading=\"lazy\" decoding=\"async\" class=\"wp-image-20466\" src=\"http:\/\/atecordoba.org\/wp-content\/uploads\/2020\/06\/WhatsApp-Image-2020-06-25-at-11.46.18-300x291.jpeg\" alt=\"\" width=\"419\" height=\"406\" srcset=\"https:\/\/atecordoba.org\/wp-content\/uploads\/2020\/06\/WhatsApp-Image-2020-06-25-at-11.46.18-300x291.jpeg 300w, https:\/\/atecordoba.org\/wp-content\/uploads\/2020\/06\/WhatsApp-Image-2020-06-25-at-11.46.18.jpeg 540w\" sizes=\"auto, (max-width: 419px) 100vw, 419px\" \/><figcaption id=\"caption-attachment-20466\" class=\"wp-caption-text\">La abogada de ATE C\u00f3rdoba, Mar\u00eda Terragno.<\/figcaption><\/figure>\n<p>El convenio es de mucha trascendencia habida cuenta que el flagelo de la violencia en el \u00e1mbito laboral afecta los derechos humanos fundamentales de las y los trabajadores. \u201cEl 190 establece la violencia laboral como una problem\u00e1tica central y hace foco en que las personas no deben ser susceptibles a hostigamientos o humillaciones en el lugar de trabajo, ni tampoco amenazas que perjudiquen sus derechos\u201d, analiz\u00f3 la abogada del Consejo Directivo Provincial, Mar\u00eda Terragno.<\/p>\n<p>La letrada explic\u00f3 que la norma se refiere al derecho a la vida, a la salud, a la integridad, en definitiva, a las condiciones dignas de trabajo. \u201cLa ley establece un enfoque inclusivo e integrado en las consideraciones de g\u00e9nero, en relaci\u00f3n a las desigualdades que sufren las trabajadoras, abordando el tema desde una perspectiva multidisciplinaria atento a que en el caso de las mujeres al acoso laboral propio de una relaci\u00f3n laboral se suma la discriminaci\u00f3n de g\u00e9nero\u201d, se\u00f1al\u00f3.<\/p>\n<p>El convenio tambi\u00e9n establece una conceptualizaci\u00f3n de lo que significa la violencia y el acoso laboral y determina un \u00e1mbito de aplicaci\u00f3n muy amplio que incluye al sector privado, al sector p\u00fablico, y a cualquier \u00e1mbito de trabajo, independiente de la condici\u00f3n contractual de las y los trabajadores.<\/p>\n<p>\u201cAdem\u00e1s, impone la tolerancia cero incluso en lo referido a las tecnolog\u00edas de la informaci\u00f3n o los desplazamientos que la y el trabajador puede tener en alg\u00fan viaje, o en alg\u00fan lugar fuera de su lugar de trabajo, en tanto est\u00e9 trabajando\u201d, detall\u00f3 Terragno.<\/p>\n<p><strong>El rol de los sindicatos<\/strong><\/p>\n<p>El convenio de la OIT establece como principio fundamental el derecho de las organizaciones sindicales a representar colectivamente a las y los trabajadores, promueve una amplia democratizaci\u00f3n de las relaciones de trabajo y dice que no se va a acabar la violencia y el acoso en el mundo del trabajo si las organizaciones sindicales no son part\u00edcipes tambi\u00e9n de la soluci\u00f3n para que este tipo de problem\u00e1ticas.<\/p>\n<p>El 190 marca tambi\u00e9n que a violencia en el trabajo se debe tambi\u00e9n a formas de organizaci\u00f3n que promueven este tipo de violencias. \u201cLo vemos mucho en el empleado p\u00fablico, donde la burocratizaci\u00f3n, el anonimato y la falta de acceso a autoridades que puedan resolver determinado conflicto profundiza la violencia y el acoso\u201d, afirma la abogada de ATE.<\/p>\n<p>En sus recomendaciones, que ahora tendr\u00e1 fuerza de ley una vez se vea ratificado el convenio en la C\u00e1mara de Diputados, se establece la obligaci\u00f3n de que los Estados fijan no solo medidas sancionatorias sino tambi\u00e9n preventivas para que estas situaciones no se profundicen.<\/p>\n<p>Y, por \u00faltimo, en relaci\u00f3n a la violencia y el acoso por cuesti\u00f3n de g\u00e9nero, Terragno explic\u00f3 que la ley obliga a los empleadores a tener en cuenta como impacta la violencia dom\u00e9stica que pueda sufrir una mujer en el \u00e1mbito de trabajo, concepto que ATE viene promoviendo en distintos proyectos presentados, como parte de la violencia estructural que sufren las mujeres y que impacta en el mundo del trabajo.<\/p>\n<p>\u201cLo fundamental del convenio es que viene a reconocer la aplicaci\u00f3n de los derechos humanos fundamentales cuando se ingresa al lugar de trabajo, marcando un hito en ampliaci\u00f3n de derechos\u201d, finaliz\u00f3 la letrada.<\/p>\n<p>&nbsp;<\/p>\n","protected":false},"excerpt":{"rendered":"<p>El Senado de la Naci\u00f3n aprob\u00f3 ayer el proyecto de ley que ratifica el Convenio 190 de la OIT sobre la violencia y el acoso en el mundo del trabajo, normativa que el organismo internacional hab\u00eda aprobado en junio del a\u00f1o pasado. El convenio es de mucha trascendencia habida cuenta que el flagelo de la [&hellip;]<\/p>\n","protected":false},"author":3,"featured_media":20465,"comment_status":"open","ping_status":"open","sticky":false,"template":"","format":"standard","meta":{"_exactmetrics_skip_tracking":false,"_exactmetrics_sitenote_active":false,"_exactmetrics_sitenote_note":"","_exactmetrics_sitenote_category":0,"jnews-multi-image_gallery":[],"jnews_single_post":{"subtitle":"","format":"standard","video":"","gallery":"","source_name":"","source_url":"","via_name":"","via_url":"","override_template":"0","override":[{"template":"1","single_blog_custom":"","parallax":"1","fullscreen":"0","layout":"right-sidebar","sidebar":"default-sidebar","second_sidebar":"default-sidebar","sticky_sidebar":"1","share_position":"top","share_float_style":"share-monocrhome","show_share_counter":"1","show_view_counter":"1","show_featured":"1","show_post_meta":"1","show_post_author":"1","show_post_author_image":"1","show_post_date":"1","post_date_format":"default","post_date_format_custom":"Y\/m\/d","show_post_category":"1","show_post_reading_time":"0","post_reading_time_wpm":"300","show_zoom_button":"0","zoom_button_out_step":"2","zoom_button_in_step":"3","show_post_tag":"1","show_prev_next_post":"1","show_popup_post":"1","number_popup_post":"1","show_author_box":"0","show_post_related":"0","show_inline_post_related":"0"}],"override_image_size":"0","image_override":[{"single_post_thumbnail_size":"crop-500","single_post_gallery_size":"crop-500"}],"trending_post":"0","trending_post_position":"meta","trending_post_label":"Trending","sponsored_post":"0","sponsored_post_label":"Sponsored by","sponsored_post_name":"","sponsored_post_url":"","sponsored_post_logo_enable":"0","sponsored_post_logo":"","sponsored_post_desc":""},"jnews_primary_category":{"id":""},"jnews_social_meta":[],"jnews_review":[],"enable_review":"0","type":"percentage","name":"","summary":"","brand":"","sku":"","good":[{"good_text":""}],"bad":[{"bad_text":""}],"score_override":"","override_value":"","rating":[{"rating_text":"","rating_number":"10"}],"price":[{"shop":"","price":"","link":"","icon":""}],"jnews_override_counter":{"override_view_counter":"0","view_counter_number":"0","override_share_counter":"0","share_counter_number":"0","override_like_counter":"0","like_counter_number":"0","override_dislike_counter":"0","dislike_counter_number":"0"},"jnews_post_split":{"enable_post_split":"0","post_split":[{"template":"1","tag":"h2","numbering":"asc","mode":"normal"}]},"footnotes":""},"categories":[109,94],"tags":[368,372,371,370,369],"class_list":["post-20464","post","type-post","status-publish","format-standard","has-post-thumbnail","hentry","category-oit","category-salud-laboral","tag-acoso-laboral","tag-ley-congreso","tag-oit","tag-violencia-de-genero","tag-violencia-labora"],"jetpack_featured_media_url":"https:\/\/atecordoba.org\/wp-content\/uploads\/2020\/06\/senado.jpg","_links":{"self":[{"href":"https:\/\/atecordoba.org\/index.php?rest_route=\/wp\/v2\/posts\/20464","targetHints":{"allow":["GET"]}}],"collection":[{"href":"https:\/\/atecordoba.org\/index.php?rest_route=\/wp\/v2\/posts"}],"about":[{"href":"https:\/\/atecordoba.org\/index.php?rest_route=\/wp\/v2\/types\/post"}],"author":[{"embeddable":true,"href":"https:\/\/atecordoba.org\/index.php?rest_route=\/wp\/v2\/users\/3"}],"replies":[{"embeddable":true,"href":"https:\/\/atecordoba.org\/index.php?rest_route=%2Fwp%2Fv2%2Fcomments&post=20464"}],"version-history":[{"count":1,"href":"https:\/\/atecordoba.org\/index.php?rest_route=\/wp\/v2\/posts\/20464\/revisions"}],"predecessor-version":[{"id":20467,"href":"https:\/\/atecordoba.org\/index.php?rest_route=\/wp\/v2\/posts\/20464\/revisions\/20467"}],"wp:featuredmedia":[{"embeddable":true,"href":"https:\/\/atecordoba.org\/index.php?rest_route=\/wp\/v2\/media\/20465"}],"wp:attachment":[{"href":"https:\/\/atecordoba.org\/index.php?rest_route=%2Fwp%2Fv2%2Fmedia&parent=20464"}],"wp:term":[{"taxonomy":"category","embeddable":true,"href":"https:\/\/atecordoba.org\/index.php?rest_route=%2Fwp%2Fv2%2Fcategories&post=20464"},{"taxonomy":"post_tag","embeddable":true,"href":"https:\/\/atecordoba.org\/index.php?rest_route=%2Fwp%2Fv2%2Ftags&post=20464"}],"curies":[{"name":"wp","href":"https:\/\/api.w.org\/{rel}","templated":true}]}}